{"id":101339,"date":"2025-06-17T06:57:26","date_gmt":"2025-06-17T12:57:26","guid":{"rendered":"https:\/\/losperiodistas.com.mx\/portal\/?p=101339"},"modified":"2025-06-17T06:57:27","modified_gmt":"2025-06-17T12:57:27","slug":"el-opus-dei-quiere-servir-a-la-iglesia-como-ella-desea-ser-servida-exaudi","status":"publish","type":"post","link":"https:\/\/losperiodistas.com.mx\/portal\/el-opus-dei-quiere-servir-a-la-iglesia-como-ella-desea-ser-servida-exaudi\/","title":{"rendered":"\u00abEl Opus Dei quiere servir a la Iglesia como ella desea ser servida\u00bb | Exaudi"},"content":{"rendered":"\n<p class=\"has-luminous-vivid-amber-background-color has-background has-medium-font-size\">Don Jos\u00e9 Tom\u00e1s Mart\u00edn de Agar analiza la presentaci\u00f3n de los estatutos del Opus Dei a la luz del motu proprio Ad charisma tuendum y los recientes cambios can\u00f3nicos<\/p>\n\n\n\n<figure class=\"wp-block-image\"><img decoding=\"async\" src=\"https:\/\/www.exaudi.org\/wp-content\/uploads\/2025\/06\/image.jpg\" alt=\"\u00abEl Opus Dei quiere servir a la Iglesia como ella desea ser servida\u00bb\"\/><\/figure>\n\n\n\n<p><a href=\"https:\/\/www.facebook.com\/sharer\/sharer.php?u=https%3A%2F%2Fwww.exaudi.org%2Fes%2Fel-opus-dei-servir-iglesia-como-desea-ser-servida%2F\" target=\"_blank\" rel=\"noreferrer noopener\"><\/a><a href=\"https:\/\/twitter.com\/intent\/tweet?url=https%3A%2F%2Fwww.exaudi.org%2Fes%2Fel-opus-dei-servir-iglesia-como-desea-ser-servida%2F&amp;text=%C2%ABEl+Opus+Dei+quiere+servir+a+la+Iglesia+como+ella+desea+ser+servida%C2%BB\" target=\"_blank\" rel=\"noreferrer noopener\"><\/a><a href=\"https:\/\/www.linkedin.com\/sharing\/share-offsite\/?url=https%3A%2F%2Fwww.exaudi.org%2Fes%2Fel-opus-dei-servir-iglesia-como-desea-ser-servida%2F\" target=\"_blank\" rel=\"noreferrer noopener\"><\/a><a href=\"https:\/\/api.whatsapp.com\/send?text=%C2%ABEl+Opus+Dei+quiere+servir+a+la+Iglesia+como+ella+desea+ser+servida%C2%BB%20https%3A%2F%2Fwww.exaudi.org%2Fes%2Fel-opus-dei-servir-iglesia-como-desea-ser-servida%2F\" target=\"_blank\" rel=\"noreferrer noopener\"><\/a><a href=\"https:\/\/t.me\/share\/url?url=https%3A%2F%2Fwww.exaudi.org%2Fes%2Fel-opus-dei-servir-iglesia-como-desea-ser-servida%2F&amp;text=%C2%ABEl+Opus+Dei+quiere+servir+a+la+Iglesia+como+ella+desea+ser+servida%C2%BB\" target=\"_blank\" rel=\"noreferrer noopener\"><\/a><\/p>\n\n\n\n<p class=\"has-vivid-red-color has-text-color has-link-color has-medium-font-size wp-elements-eba9c95c662bca8ec7984edd54541a44\"><strong>Redacci\u00f3n Exaudi<\/strong><\/p>\n\n\n\n<p>Tras la presentaci\u00f3n del Opus Dei de los estatutos a la Santa Sede, Exaudi ha entrevistado a Don Jos\u00e9 Tom\u00e1s Mart\u00edn de Agar, Catedr\u00e1tico em\u00e9rito de Derecho Eclesi\u00e1stico en la Pontificia Universidad de la Santa Cruz, sacerdote y miembro de la Prelatura del Opus Dei.<\/p>\n\n\n\n<p><strong><em>Exaudi: Tras tres a\u00f1os de revisi\u00f3n, \u00bfQu\u00e9 consideraciones fundamentales han motivado los cambios en los estatutos y de qu\u00e9 manera reflejan la forma particular de gobierno \u201cbasada en el carisma\u201d que impulsa el motu proprio Ad\u202fcharisma tuendum?<\/em><\/strong><\/p>\n\n\n\n<p>En realidad, el cambio que se ha operado ha sido motivado en primer lugar por la reforma de la curia romana en su conjunto (marzo 2022), que pone las Prelaturas personales bajo la competencia del dicasterio para el clero sac\u00e1ndolas del dicasterio para los obispos en el que estaban A partir de ah\u00ed es cuando llega el motu proprio&nbsp;<strong><em>Ad\u202fcharisma tuendum<\/em><\/strong>&nbsp;(julio 2022) en el que adem\u00e1s de confirmar esa dependencia del dicasterio para el clero se sugiere que se reformen o se revisen los estatutos del Opus Dei de forma que resalte mayormente la dimensi\u00f3n carism\u00e1tica de la Obra y puedan conservarse mejor el esp\u00edritu propio del Opus Dei que informa tambi\u00e9n sus apostolados. Revisando el car\u00e1cter jer\u00e1rquico del gobierno de la Obra en el respeto de la naturaleza secular de los v\u00ednculos que unen a los fieles con la Prelatura.<\/p>\n\n\n\n<p><strong><em>Exaudi: \u00bfEn qu\u00e9 medida puede haber influido la reforma de los c\u00e1nones 295<\/em><\/strong><strong><em>\u2011296 (agosto 2023) en la configuraci<\/em><\/strong><strong><em>\u00f3n jur<\/em><\/strong><strong><em>\u00eddica de la Prelatura, y qu<\/em><\/strong><strong><em>\u00e9 novedades concretas aporta eso al nuevo texto?<\/em><\/strong><\/p>\n\n\n\n<p>Bueno, la reforma de los c\u00e1nones 295 y 296 menciona como precedentes en su exposici\u00f3n de motivos tanto la reforma de la curia, la&nbsp;<strong><em>Praedicate Evangelium<\/em><\/strong>&nbsp;antes citada, como el motu proprio&nbsp;<strong><em>Ad\u202fcharisma tuendum<\/em><\/strong>. Esa reforma no se refiere exclusivamente a la Prelatura del Opus Dei, pero aunque extiende a todas las posibles Prelaturas, lo que se dice ahora en los c\u00e1nones, 295 y 296, en realidad afecta de hecho solo al Opus Dei, puesto que es la \u00fanica Prelatura erigida hasta el momento. En ese cambio se establece que la Prelatura, siendo tal, se asimila a las sociedades clericales de derecho pontificio con derecho a incardinar. Conserva igualmente el car\u00e1cter secular de su r\u00e9gimen interno, pues seg\u00fan el c. 295 su gobierno corresponde al Prelado (denominaci\u00f3n que no cambia) que la rige como Moderador con facultades de Ordinario, a tenor de los Estatutos propios de cada Prelatura. Al Prelado le compete, como hasta ahora, erigir el seminario de la Prelatura, incardinar y promover a las \u00f3rdenes a sus seminaristas, y ocuparse de la formaci\u00f3n, sustento y ministerio de los sacerdotes de manera semejante a como lo hacen los Ordinarios diocesanos. Se trata de siempre de sacerdotes seculares. Al mismo tiempo, se recuerda que los fieles laicos que colaboran en la misi\u00f3n pastoral de la Prelatura siguen siendo, como han sido siempre, fieles corrientes de la di\u00f3cesis y de las parroquias a las que pertenecen en raz\u00f3n, normalmente, del domicilio.<\/p>\n\n\n\n<p><strong><em>Exaudi: \u00bfC\u00f3mo se ha llevado a cabo el di\u00e1logo con la Santa Sede, especialmente el Dicasterio para el Clero? \u00bfC\u00f3mo ha sido la actitud por parte del Opus Dei?<\/em><\/strong><\/p>\n\n\n\n<p>San Josemar\u00eda dec\u00eda que hemos de ser fielmente obedientes al Santo Padre y a los Obispos diocesanos, que de la Santa Sede siempre nos vendr\u00edan cosas buenas, lo que me parece obvio. En el proceso de reforma de los estatutos, que por fin han sido entregados como proyecto a la Santa Sede para su aprobaci\u00f3n definitiva, el protagonismo, como es natural, ha correspondido al Prelado, ayudado por sus colaboradores, que ha procurado entrevistarse en ocasiones con el Papa Francisco, promotor en definitiva de ese cambio. A otro nivel se han tenido conversaciones y encuentros entre diversos miembros, sea del dicasterio para el clero, que, de algunos canonistas del Opus Dei, para entender, por ambas partes los deseos de la otra. Sobre todo, claro est\u00e1, por parte del Opus Dei, los deseos de la Santa Sede y sobre todo del Santo Padre. Por lo dem\u00e1s, los miembros de la Obra, desde el primero al \u00faltimo, han acatado y han rezado para que se pueda encontrar una soluci\u00f3n adecuada y satisfactoria a las cuestiones que suscitan los&nbsp;<em>motu proprio<\/em>&nbsp;del Papa Francisco, puesto que el Opus Dei quiere y desea servir a la Iglesia como ella desea ser servida. Por tanto, entender qu\u00e9 es lo que la Iglesia, por medio de la Sede Apost\u00f3lica, desea es de primera importancia.<\/p>\n\n\n\n<p><strong><em>Exaudi: En este periodo, se han enfrentado al cambio de papado y a la \u201csede vacante\u201d: \u00bfEn qu\u00e9 formas afect\u00f3 esto al calendario del congreso ordinario de abril de 2025 y al proceso de entrega de los estatutos?<\/em><\/strong><\/p>\n\n\n\n<p>El proceso de revisi\u00f3n de estatutos del Opus Dei sufri\u00f3 un par\u00f3n repentino por el fallecimiento del Santo Padre Francisco. En ese interregno hasta la llegada del Papa Le\u00f3n XIV, el Opus Dei ha participado con toda la Iglesia, tanto en el duelo como en la expectaci\u00f3n por el resultado del c\u00f3nclave. Era normal que en ese periodo no se fuera adelante de manera tan decidida y abierta con la revisi\u00f3n de los estatutos a pesar de que para la fecha en que se produce el fallecimiento del Papa Francisco estaba ya convocado el Congreso General de la Obra que deb\u00eda estudiar el proyecto de estatutos y dar eventualmente su aprobaci\u00f3n. El Prelado, con muy buen tino, pens\u00f3 y prefiri\u00f3, asesorado por sus consejos, suspender y no llevar adelante todo el orden del d\u00eda previsto para ese congreso, sino solamente aquellos aspectos que requer\u00eda la renovaci\u00f3n de los cargos centrales del Opus Dei. Y esa fue la tarea que expl\u00edcitamente se llev\u00f3 a cabo. Con el mensaje que el mismo Prelado nos envi\u00f3 el pasado 11 de junio, sabemos que, aun as\u00ed, y mientras se participaba en el duelo por el fallecimiento del Papa Francisco y se esperaba la elecci\u00f3n del nuevo Papa, los congresistas pudieron conocer los estatutos que se iban a presentar. El Prelado se\u00f1ala que \u201clos congresistas dieron su parecer positivo para que, con los nuevos Consejo y Asesor\u00eda, concluy\u00e9ramos la revisi\u00f3n de los Estatutos y los entreg\u00e1ramos a la Santa Sede para su aprobaci\u00f3n, cosa que hemos hecho hoy mismo\u201d. Ahora nos queda esperar la respuesta que quiera dar la Santa Sede, puesto que en el&nbsp;<em>motu proprio<\/em>&nbsp;sobre la reforma de los estatutos de la Obra se dice, expl\u00edcitamente, que los estatutos deber\u00e1n ser aprobados o dados por la Santa Sede a la Prelatura. Veremos c\u00f3mo se producir\u00e1 esta asignaci\u00f3n de nuevos estatutos al Opus Dei.<\/p>\n\n\n\n<p><strong><em>Exaudi: Una vez trabajados los nuevos estatutos, \u00bfQu\u00e9 cambios pr\u00e1cticos podr\u00e1n notar los miembros (sacerdotes, numerarios, supernumerarios) en su vida cotidiana y en la misi\u00f3n pastoral de la Prelatura?<\/em><\/strong><\/p>\n\n\n\n<p>Los miembros del Opus Dei, a partir de los nuevos estatutos, no me parece que vayan a encontrar cambios sustanciales en su vivir cotidiano. Ellos han adquirido un compromiso, sea sacerdotes, sea laicos, de buscar la santidad en las ocupaciones de la vida ordinaria y tratar de difundir ese mismo deseo en muchas personas que tengan alrededor. Cada uno seg\u00fan el estado en el que vive, sacerdotes y laicos de todas clases; puede que haya modalidades nuevas, que yo ignoro y por tanto no puedo concretar, de la vinculaci\u00f3n de los laicos con el Opus Dei, pero siempre teniendo en cuenta que los c\u00e1nones respecto a esta vinculaci\u00f3n no han cambiado nada. Conserva el canon 296 el mismo tenor que ten\u00eda, con una referencia al canon 107. En ese canon se habla de acuerdos o convenciones con la Prelatura que ser\u00edan la base de su vinculaci\u00f3n con ella. Los sacerdotes por su parte seguir\u00e1n incardinados en el Opus Dei como ha venido siendo hasta ahora y conservar\u00e1n su car\u00e1cter de sacerdotes seculares. Seguramente, as\u00ed pienso que suceder\u00e1, tanto unos como otros se implicar\u00e1n, como se ha procurado siempre, en la pastoral de la di\u00f3cesis y de las parroquias en las que viven, de acuerdo con el esp\u00edritu propio del Opus Dei, que es eminentemente secular; por tanto conservando su car\u00e1cter de ciudadanos corrientes y de personas que se dedican a Dios all\u00ed donde est\u00e1n, sin cambiar de estado.<\/p>\n\n\n\n<figure class=\"wp-block-image\"><img decoding=\"async\" src=\"https:\/\/www.exaudi.org\/wp-content\/uploads\/2025\/06\/podcast-Facebook-Post.jpg\" alt=\"\" class=\"wp-image-128200\"\/><\/figure>\n\n\n\n<p><a href=\"mailto:editorial@exaudi.org\" target=\"_blank\" rel=\"noreferrer noopener\"><\/a><a href=\"https:\/\/www.facebook.com\/ExaudiNoticias\/\" target=\"_blank\" rel=\"noreferrer noopener\"><\/a><a href=\"https:\/\/www.instagram.com\/exaudi_noticias\/\" target=\"_blank\" rel=\"noreferrer noopener\"><\/a><a href=\"https:\/\/www.youtube.com\/@exaudicatholicnews\" target=\"_blank\" rel=\"noreferrer noopener\"><\/a><\/p>\n\n\n\n<p>Fuente: <a href=\"https:\/\/www.exaudi.org\/es\/el-opus-dei-servir-iglesia-como-desea-ser-servida\/\">https:\/\/www.exaudi.org\/es\/el-opus-dei-servir-iglesia-como-desea-ser-servida\/<\/a><\/p>\n","protected":false},"excerpt":{"rendered":"<p>Don Jos\u00e9 Tom\u00e1s Mart\u00edn de Agar analiza la presentaci\u00f3n de los estatutos del Opus Dei a la luz del motu [&hellip;]<\/p>\n","protected":false},"author":1,"featured_media":101340,"comment_status":"open","ping_status":"open","sticky":false,"template":"","format":"standard","meta":{"site-sidebar-layout":"default","site-content-layout":"","ast-site-content-layout":"default","site-content-style":"default","site-sidebar-style":"default","ast-global-header-display":"","ast-banner-title-visibility":"","ast-main-header-display":"","ast-hfb-above-header-display":"","ast-hfb-below-header-display":"","ast-hfb-mobile-header-display":"","site-post-title":"","ast-breadcrumbs-content":"","ast-featured-img":"","footer-sml-layout":"","theme-transparent-header-meta":"","adv-header-id-meta":"","stick-header-meta":"","header-above-stick-meta":"","header-main-stick-meta":"","header-below-stick-meta":"","astra-migrate-meta-layouts":"default","ast-page-background-enabled":"default","ast-page-background-meta":{"desktop":{"background-color":"var(--ast-global-color-4)","background-image":"","background-repeat":"repeat","background-position":"center center","background-size":"auto","background-attachment":"scroll","background-type":"","background-media":"","overlay-type":"","overlay-color":"","overlay-opacity":"","overlay-gradient":""},"tablet":{"background-color":"","background-image":"","background-repeat":"repeat","background-position":"center center","background-size":"auto","background-attachment":"scroll","background-type":"","background-media":"","overlay-type":"","overlay-color":"","overlay-opacity":"","overlay-gradient":""},"mobile":{"background-color":"","background-image":"","background-repeat":"repeat","background-position":"center center","background-size":"auto","background-attachment":"scroll","background-type":"","background-media":"","overlay-type":"","overlay-color":"","overlay-opacity":"","overlay-gradient":""}},"ast-content-background-meta":{"desktop":{"background-color":"var(--ast-global-color-5)","background-image":"","background-repeat":"repeat","background-position":"center center","background-size":"auto","background-attachment":"scroll","background-type":"","background-media":"","overlay-type":"","overlay-color":"","overlay-opacity":"","overlay-gradient":""},"tablet":{"background-color":"var(--ast-global-color-5)","background-image":"","background-repeat":"repeat","background-position":"center center","background-size":"auto","background-attachment":"scroll","background-type":"","background-media":"","overlay-type":"","overlay-color":"","overlay-opacity":"","overlay-gradient":""},"mobile":{"background-color":"var(--ast-global-color-5)","background-image":"","background-repeat":"repeat","background-position":"center center","background-size":"auto","background-attachment":"scroll","background-type":"","background-media":"","overlay-type":"","overlay-color":"","overlay-opacity":"","overlay-gradient":""}},"footnotes":""},"categories":[8],"tags":[39313,39314,38205,11784],"class_list":["post-101339","post","type-post","status-publish","format-standard","has-post-thumbnail","hentry","category-noticias","tag-don-jose-tomas-martin-de-agar","tag-estatutos-opus-dei","tag-leon-xiv","tag-opus-dei"],"_links":{"self":[{"href":"https:\/\/losperiodistas.com.mx\/portal\/wp-json\/wp\/v2\/posts\/101339","targetHints":{"allow":["GET"]}}],"collection":[{"href":"https:\/\/losperiodistas.com.mx\/portal\/wp-json\/wp\/v2\/posts"}],"about":[{"href":"https:\/\/losperiodistas.com.mx\/portal\/wp-json\/wp\/v2\/types\/post"}],"author":[{"embeddable":true,"href":"https:\/\/losperiodistas.com.mx\/portal\/wp-json\/wp\/v2\/users\/1"}],"replies":[{"embeddable":true,"href":"https:\/\/losperiodistas.com.mx\/portal\/wp-json\/wp\/v2\/comments?post=101339"}],"version-history":[{"count":1,"href":"https:\/\/losperiodistas.com.mx\/portal\/wp-json\/wp\/v2\/posts\/101339\/revisions"}],"predecessor-version":[{"id":101341,"href":"https:\/\/losperiodistas.com.mx\/portal\/wp-json\/wp\/v2\/posts\/101339\/revisions\/101341"}],"wp:featuredmedia":[{"embeddable":true,"href":"https:\/\/losperiodistas.com.mx\/portal\/wp-json\/wp\/v2\/media\/101340"}],"wp:attachment":[{"href":"https:\/\/losperiodistas.com.mx\/portal\/wp-json\/wp\/v2\/media?parent=101339"}],"wp:term":[{"taxonomy":"category","embeddable":true,"href":"https:\/\/losperiodistas.com.mx\/portal\/wp-json\/wp\/v2\/categories?post=101339"},{"taxonomy":"post_tag","embeddable":true,"href":"https:\/\/losperiodistas.com.mx\/portal\/wp-json\/wp\/v2\/tags?post=101339"}],"curies":[{"name":"wp","href":"https:\/\/api.w.org\/{rel}","templated":true}]}}