{"id":101336,"date":"2025-06-17T06:36:58","date_gmt":"2025-06-17T12:36:58","guid":{"rendered":"https:\/\/losperiodistas.com.mx\/portal\/?p=101336"},"modified":"2025-06-17T06:36:59","modified_gmt":"2025-06-17T12:36:59","slug":"se-forma-la-tormenta-tropical-erick-amenaza-con-ser-huracan-categoria-2-proceso","status":"publish","type":"post","link":"https:\/\/losperiodistas.com.mx\/portal\/se-forma-la-tormenta-tropical-erick-amenaza-con-ser-huracan-categoria-2-proceso\/","title":{"rendered":"Se forma la tormenta tropical Erick; amenaza con ser hurac\u00e1n categor\u00eda 2 | Proceso"},"content":{"rendered":"\n<p class=\"has-light-green-cyan-background-color has-background has-medium-font-size\"><strong>Se mantiene zona de vigilancia por efectos de hurac\u00e1n desde Bah\u00edas de Huatulco, Oaxaca, hasta Punta Maldonado, Guerrero.<\/strong><a href=\"javascript:void(0)\"><\/a><\/p>\n\n\n\n<p><\/p>\n\n\n\n<figure class=\"wp-block-image\"><a href=\"https:\/\/www.proceso.com.mx\/u\/fotografias\/m\/2025\/6\/17\/f1280x720-225273_356948_5547.jpg\"><img decoding=\"async\" src=\"https:\/\/www.proceso.com.mx\/u\/fotografias\/m\/2025\/6\/17\/f685x385-225273_262966_5547.jpg\" alt=\"Se forma la tormenta tropical Erick; amenaza con ser hurac\u00e1n categor\u00eda 2\"\/><\/a><figcaption class=\"wp-element-caption\">Surge la tormenta Erick en el Pac\u00edfico. Foto: SMN<\/figcaption><\/figure>\n\n\n\n<p><\/p>\n\n\n\n<p class=\"has-vivid-red-color has-text-color has-link-color has-medium-font-size wp-elements-f96d4370d9240be9564bd9b982eb2b7c\"><strong><a href=\"https:\/\/www.proceso.com.mx\/autor\/redaccion.html\">Por\u00a0La Redacci\u00f3n<\/a> Proceso<\/strong><\/p>\n\n\n\n<p>martes, 17 de junio de 2025 \u00b7 04:06<\/p>\n\n\n\n<p>CIUDAD DE M\u00c9XICO (apro).- La depresi\u00f3n tropical Cinco-E se intensific\u00f3 a la tormenta tropical Erick, inform\u00f3 el Servicio Meteorol\u00f3gico Nacional (SMN).<\/p>\n\n\n\n<p>El cicl\u00f3n contin\u00faa su desplazamiento hacia el oeste-noroeste y su amplia circulaci\u00f3n ocasionar\u00e1 lluvias puntuales intensas, fuertes rachas de viento y oleaje elevado en Chiapas y Oaxaca, detall\u00f3 el organismo de la Comisi\u00f3n Nacional del Agua (Conagua).<\/p>\n\n\n\n<p class=\"has-ast-global-color-4-background-color has-background\"><strong>Noticias Relacionadas<\/strong><\/p>\n\n\n\n<ul class=\"wp-block-list\">\n<li><a href=\"https:\/\/www.proceso.com.mx\/nacional\/2025\/6\/16\/tormenta-tropical-erick-amenaza-con-lluvias-intensas-el-martes-17-de-junio-en-estas-entidades-353167.html\">Tormenta tropical Erick amenaza con lluvias intensas el martes 17 de junio en estas entidades<\/a><\/li>\n\n\n\n<li><a href=\"https:\/\/www.proceso.com.mx\/nacional\/2025\/6\/16\/surge-el-potencial-ciclon-tropical-cinco-e-en-horas-podria-convertirse-en-la-tormenta-erick-353157.html\">Surge el potencial cicl\u00f3n tropical Cinco-E; en horas podr\u00eda convertirse en la tormenta Erick<\/a><\/li>\n<\/ul>\n\n\n\n<p>Se prev\u00e9 que el sistema incremente los vientos y el oleaje en las costas de los estados mencionados.<\/p>\n\n\n\n<p>Se pronostican lluvias puntuales intensas (75 a 150 mm) en Guerrero, Oaxaca, Chiapas y Veracruz (sur), las cuales podr\u00e1n estar acompa\u00f1adas con descargas el\u00e9ctricas y posible ca\u00edda de granizo, adem\u00e1s de originar el incremento en los niveles de r\u00edos y arroyos, deslaves, encharcamientos e inundaciones en zonas bajas de los estados indicados.<\/p>\n\n\n\n<figure class=\"wp-block-embed is-type-rich is-provider-twitter wp-block-embed-twitter\"><div class=\"wp-block-embed__wrapper\">\nhttps:\/\/twitter.com\/conagua_clima\/status\/1934905000892760552?ref_src=twsrc%5Etfw%7Ctwcamp%5Etweetembed%7Ctwterm%5E1934905000892760552%7Ctwgr%5E452e0fb8f03177afc1cc1764adc695954e0553d2%7Ctwcon%5Es1_c10&#038;ref_url=https%3A%2F%2Fwww.proceso.com.mx%2Fnacional%2F2025%2F6%2F17%2Fse-forma-la-tormenta-tropical-erick-amenaza-con-ser-huracan-categoria-353188.html\n<\/div><\/figure>\n\n\n\n<h2 class=\"wp-block-heading\"><strong>Hurac\u00e1n categor\u00eda 2<\/strong><\/h2>\n\n\n\n<p>Se mantiene zona de vigilancia por efectos de hurac\u00e1n desde Bah\u00edas de Huatulco, Oaxaca, hasta Punta Maldonado, Guerrero, y zona de vigilancia por efectos de tormenta tropical desde Salina Cruz, Oaxaca, hasta Bah\u00edas de Huatulco, Oaxaca, a\u00f1adi\u00f3 el SMN.<\/p>\n\n\n\n<p><a href=\"https:\/\/smn.conagua.gob.mx\/es\/pronosticos\/avisos\/aviso-de-ciclon-tropical-en-el-oceano-pacifico\" target=\"_blank\" rel=\"noreferrer noopener\">De acuerdo con su trayectoria<\/a>, Erick podr\u00eda estar en tierra como hurac\u00e1n categor\u00eda 2 a 70 kil\u00f3metros al noroeste de Punta Maldonado, Guerrero.<\/p>\n\n\n\n<p>Se sugiere extremar precauciones a la poblaci\u00f3n en general en las zonas de los estados mencionados por lluvias, viento y oleaje (incluida la navegaci\u00f3n mar\u00edtima) y atender las recomendaciones emitidas por las autoridades del Sistema Nacional de Protecci\u00f3n Civil&nbsp;en cada entidad.<\/p>\n\n\n\n<figure class=\"wp-block-image\"><img decoding=\"async\" src=\"https:\/\/www.proceso.com.mx\/u\/fotografias\/m\/2025\/6\/17\/f768x1-225274_225401_5050.jpg\" alt=\"\"\/><\/figure>\n\n\n\n<p>Fuente: <a href=\"https:\/\/www.proceso.com.mx\/nacional\/2025\/6\/17\/se-forma-la-tormenta-tropical-erick-amenaza-con-ser-huracan-categoria-353188.html\">https:\/\/www.proceso.com.mx\/nacional\/2025\/6\/17\/se-forma-la-tormenta-tropical-erick-amenaza-con-ser-huracan-categoria-353188.html<\/a><\/p>\n","protected":false},"excerpt":{"rendered":"<p>Se mantiene zona de vigilancia por efectos de hurac\u00e1n desde Bah\u00edas de Huatulco, Oaxaca, hasta Punta Maldonado, Guerrero. Por\u00a0La Redacci\u00f3n [&hellip;]<\/p>\n","protected":false},"author":1,"featured_media":101337,"comment_status":"open","ping_status":"open","sticky":false,"template":"","format":"standard","meta":{"site-sidebar-layout":"default","site-content-layout":"","ast-site-content-layout":"default","site-content-style":"default","site-sidebar-style":"default","ast-global-header-display":"","ast-banner-title-visibility":"","ast-main-header-display":"","ast-hfb-above-header-display":"","ast-hfb-below-header-display":"","ast-hfb-mobile-header-display":"","site-post-title":"","ast-breadcrumbs-content":"","ast-featured-img":"","footer-sml-layout":"","theme-transparent-header-meta":"","adv-header-id-meta":"","stick-header-meta":"","header-above-stick-meta":"","header-main-stick-meta":"","header-below-stick-meta":"","astra-migrate-meta-layouts":"default","ast-page-background-enabled":"default","ast-page-background-meta":{"desktop":{"background-color":"var(--ast-global-color-4)","background-image":"","background-repeat":"repeat","background-position":"center center","background-size":"auto","background-attachment":"scroll","background-type":"","background-media":"","overlay-type":"","overlay-color":"","overlay-opacity":"","overlay-gradient":""},"tablet":{"background-color":"","background-image":"","background-repeat":"repeat","background-position":"center center","background-size":"auto","background-attachment":"scroll","background-type":"","background-media":"","overlay-type":"","overlay-color":"","overlay-opacity":"","overlay-gradient":""},"mobile":{"background-color":"","background-image":"","background-repeat":"repeat","background-position":"center center","background-size":"auto","background-attachment":"scroll","background-type":"","background-media":"","overlay-type":"","overlay-color":"","overlay-opacity":"","overlay-gradient":""}},"ast-content-background-meta":{"desktop":{"background-color":"var(--ast-global-color-5)","background-image":"","background-repeat":"repeat","background-position":"center center","background-size":"auto","background-attachment":"scroll","background-type":"","background-media":"","overlay-type":"","overlay-color":"","overlay-opacity":"","overlay-gradient":""},"tablet":{"background-color":"var(--ast-global-color-5)","background-image":"","background-repeat":"repeat","background-position":"center center","background-size":"auto","background-attachment":"scroll","background-type":"","background-media":"","overlay-type":"","overlay-color":"","overlay-opacity":"","overlay-gradient":""},"mobile":{"background-color":"var(--ast-global-color-5)","background-image":"","background-repeat":"repeat","background-position":"center center","background-size":"auto","background-attachment":"scroll","background-type":"","background-media":"","overlay-type":"","overlay-color":"","overlay-opacity":"","overlay-gradient":""}},"footnotes":""},"categories":[8],"tags":[4853,10277,39312],"class_list":["post-101336","post","type-post","status-publish","format-standard","has-post-thumbnail","hentry","category-noticias","tag-conagua","tag-smn","tag-tormenta-tropical-erick"],"_links":{"self":[{"href":"https:\/\/losperiodistas.com.mx\/portal\/wp-json\/wp\/v2\/posts\/101336","targetHints":{"allow":["GET"]}}],"collection":[{"href":"https:\/\/losperiodistas.com.mx\/portal\/wp-json\/wp\/v2\/posts"}],"about":[{"href":"https:\/\/losperiodistas.com.mx\/portal\/wp-json\/wp\/v2\/types\/post"}],"author":[{"embeddable":true,"href":"https:\/\/losperiodistas.com.mx\/portal\/wp-json\/wp\/v2\/users\/1"}],"replies":[{"embeddable":true,"href":"https:\/\/losperiodistas.com.mx\/portal\/wp-json\/wp\/v2\/comments?post=101336"}],"version-history":[{"count":1,"href":"https:\/\/losperiodistas.com.mx\/portal\/wp-json\/wp\/v2\/posts\/101336\/revisions"}],"predecessor-version":[{"id":101338,"href":"https:\/\/losperiodistas.com.mx\/portal\/wp-json\/wp\/v2\/posts\/101336\/revisions\/101338"}],"wp:featuredmedia":[{"embeddable":true,"href":"https:\/\/losperiodistas.com.mx\/portal\/wp-json\/wp\/v2\/media\/101337"}],"wp:attachment":[{"href":"https:\/\/losperiodistas.com.mx\/portal\/wp-json\/wp\/v2\/media?parent=101336"}],"wp:term":[{"taxonomy":"category","embeddable":true,"href":"https:\/\/losperiodistas.com.mx\/portal\/wp-json\/wp\/v2\/categories?post=101336"},{"taxonomy":"post_tag","embeddable":true,"href":"https:\/\/losperiodistas.com.mx\/portal\/wp-json\/wp\/v2\/tags?post=101336"}],"curies":[{"name":"wp","href":"https:\/\/api.w.org\/{rel}","templated":true}]}}