{"id":101330,"date":"2025-06-17T06:05:04","date_gmt":"2025-06-17T12:05:04","guid":{"rendered":"https:\/\/losperiodistas.com.mx\/portal\/?p=101330"},"modified":"2025-06-17T06:05:05","modified_gmt":"2025-06-17T12:05:05","slug":"realizaran-anexo-al-articulo-480-para-proteger-libertad-de-expresion-de-periodistas-en-puebla-id","status":"publish","type":"post","link":"https:\/\/losperiodistas.com.mx\/portal\/realizaran-anexo-al-articulo-480-para-proteger-libertad-de-expresion-de-periodistas-en-puebla-id\/","title":{"rendered":"Realizar\u00e1n anexo al art\u00edculo 480 para proteger libertad de expresi\u00f3n de periodistas en Puebla  | ID"},"content":{"rendered":"\n<h2 class=\"wp-block-heading\">La presidenta del Congreso del Estado, Laura Artemisa Garc\u00eda Ch\u00e1vez, indic\u00f3 que la falta de una legislaci\u00f3n imped\u00eda a la polic\u00eda cibern\u00e9tica actuar cuando se generaban delitos como el ciberacoso.<\/h2>\n\n\n\n<p><\/p>\n\n\n\n<figure class=\"wp-block-image size-large\"><img fetchpriority=\"high\" decoding=\"async\" width=\"1024\" height=\"631\" src=\"https:\/\/losperiodistas.com.mx\/portal\/wp-content\/uploads\/2025\/06\/sellos-de-agua-intolerancia-2025-06-16t221433-866-1750133732844-1024x631.jpeg\" alt=\"\" class=\"wp-image-101331\" srcset=\"https:\/\/losperiodistas.com.mx\/portal\/wp-content\/uploads\/2025\/06\/sellos-de-agua-intolerancia-2025-06-16t221433-866-1750133732844-1024x631.jpeg 1024w, https:\/\/losperiodistas.com.mx\/portal\/wp-content\/uploads\/2025\/06\/sellos-de-agua-intolerancia-2025-06-16t221433-866-1750133732844-300x185.jpeg 300w, https:\/\/losperiodistas.com.mx\/portal\/wp-content\/uploads\/2025\/06\/sellos-de-agua-intolerancia-2025-06-16t221433-866-1750133732844-768x474.jpeg 768w, https:\/\/losperiodistas.com.mx\/portal\/wp-content\/uploads\/2025\/06\/sellos-de-agua-intolerancia-2025-06-16t221433-866-1750133732844.jpeg 1200w\" sizes=\"(max-width: 1024px) 100vw, 1024px\" \/><figcaption class=\"wp-element-caption\">Foto: Agencia Enfoque<\/figcaption><\/figure>\n\n\n\n<p class=\"has-vivid-red-color has-text-color has-link-color has-medium-font-size wp-elements-58a2f928326868ae7aadf30b6e28a873\"><strong><a href=\"https:\/\/intoleranciadiario.com\/author\/francisco-sanchez\">Francisco S\u00e1nchez<\/a> \/ Intolerancia Diario<\/strong><\/p>\n\n\n\n<p><a href=\"https:\/\/twitter.com\/pacosanchez63\" target=\"_blank\" rel=\"noreferrer noopener\"><\/a><a href=\"https:\/\/twitter.com\/pacosanchez63\" target=\"_blank\" rel=\"noreferrer noopener\">@pacosanchez63<\/a><\/p>\n\n\n\n<p>La presidenta de la Junta de Gobierno y Coordinaci\u00f3n Pol\u00edtica del Congreso del Estado,&nbsp;<strong>Laura Artemisa Garc\u00eda Ch\u00e1vez<\/strong>, sostuvo que no se va a revertir la reforma que castiga con c\u00e1rcel el ciberasedio, pero se abre la puerta para que haya un&nbsp;<strong>apartado en el art\u00edculo 480&nbsp;<\/strong>que garantice la libertad de expresi\u00f3n de los periodistas.<\/p>\n\n\n\n<p>A tres d\u00edas de que entr\u00f3 en vigor la reforma al<strong>&nbsp;C\u00f3digo Penal del Estado de Puebla,<\/strong>&nbsp;durante un encuentro con medios de comunicaci\u00f3n, se\u00f1al\u00f3 que&nbsp;<strong>ya iniciaron los acercamientos con asociaciones y periodistas para escuchar las inquietudes.<\/strong><\/p>\n\n\n\n<p>Precis\u00f3 que s\u00ed&nbsp;hay que escuchar por los riesgos que pudiera haber respecto a la libertad de expresi\u00f3n, a coartar la misma&nbsp;y, de ser necesario, se podr\u00eda hacer una adhesi\u00f3n, con un capitulo aparte que tiene que ver con los periodistas, a pesar de que las leyes son de observancia general.<\/p>\n\n\n\n<p class=\"has-ast-global-color-4-background-color has-background has-medium-font-size\"><em>\u201cLo que podemos hacer es generar un articulado que pueda dar una claridad de que esto es un apartado diferente cuando hablamos de la libertad de expresi\u00f3n\u201d.<\/em><\/p>\n\n\n\n<p>Se\u00f1al\u00f3 que una cosa son los ciudadanos y otra los periodistas, e insisti\u00f3 en que no &nbsp;s\u00e9 va a revertir la decisi\u00f3n, pues<strong>&nbsp;los espacios digitales deben ser espacios seguros.<\/strong><\/p>\n\n\n\n<p>Garc\u00eda Ch\u00e1vez se\u00f1al\u00f3 que hay muchas legislaciones que protegen a periodistas y ciudadanos respecto a la libertad de expresi\u00f3n,&nbsp;<em>\u00abla conocemos y es inamovible, intocable. En Puebla se seguir\u00e1 defendiendo\u201d.<\/em><\/p>\n\n\n\n<p>Se\u00f1al\u00f3 que esta ley est\u00e1 dirigida al ciudadano, a la persona que ha sufrido estos ataques en el d\u00eda a d\u00eda.<em>&nbsp;\u201c\u00bfQu\u00e9 ley los protege? \u00bfC\u00f3mo hacen para acceder a la justicia? Ese es el sentido de esta reforma que se est\u00e1 haciendo al C\u00f3digo Penal\u201d.<\/em><\/p>\n\n\n\n<p class=\"has-ast-global-color-4-background-color has-background has-medium-font-size\"><em>\u201cTenemos que ver hasta donde es el l\u00edmite del ataque, la libertad de expresi\u00f3n se cuidar\u00e1 y vamos a escuchar las peticiones para que se fortalezca la opini\u00f3n de los periodistas\u201d.<\/em><\/p>\n\n\n\n<p>Laura Artemisa Garc\u00eda Ch\u00e1vez&nbsp;indic\u00f3 que la falta de una legislaci\u00f3n imped\u00eda a la&nbsp;<strong>polic\u00eda cibern\u00e9tica<\/strong>&nbsp;actuar cuando se generaban delitos como el ciberacoso.<\/p>\n\n\n\n<p>Del \u201cciberasedio\u201d, precis\u00f3 que es la reiterada conducta de acoso&nbsp;y es un problema importante que da pie al bullying que termina lastimando la salud mental de cualquier persona, menores y adultos.<\/p>\n\n\n\n<p>Fuente: <a href=\"https:\/\/intoleranciadiario.com\/articles\/politica\/2025\/06\/16\/1039149-realizaran-anexo-al-articulo-480-para-proteger-libertad-de-expresion-de-periodistas-en-puebla.html\">https:\/\/intoleranciadiario.com\/articles\/politica\/2025\/06\/16\/1039149-realizaran-anexo-al-articulo-480-para-proteger-libertad-de-expresion-de-periodistas-en-puebla.html<\/a><\/p>\n","protected":false},"excerpt":{"rendered":"<p>La presidenta del Congreso del Estado, Laura Artemisa Garc\u00eda Ch\u00e1vez, indic\u00f3 que la falta de una legislaci\u00f3n imped\u00eda a la [&hellip;]<\/p>\n","protected":false},"author":1,"featured_media":101331,"comment_status":"open","ping_status":"open","sticky":false,"template":"","format":"standard","meta":{"site-sidebar-layout":"default","site-content-layout":"","ast-site-content-layout":"default","site-content-style":"default","site-sidebar-style":"default","ast-global-header-display":"","ast-banner-title-visibility":"","ast-main-header-display":"","ast-hfb-above-header-display":"","ast-hfb-below-header-display":"","ast-hfb-mobile-header-display":"","site-post-title":"","ast-breadcrumbs-content":"","ast-featured-img":"","footer-sml-layout":"","theme-transparent-header-meta":"","adv-header-id-meta":"","stick-header-meta":"","header-above-stick-meta":"","header-main-stick-meta":"","header-below-stick-meta":"","astra-migrate-meta-layouts":"default","ast-page-background-enabled":"default","ast-page-background-meta":{"desktop":{"background-color":"var(--ast-global-color-4)","background-image":"","background-repeat":"repeat","background-position":"center center","background-size":"auto","background-attachment":"scroll","background-type":"","background-media":"","overlay-type":"","overlay-color":"","overlay-opacity":"","overlay-gradient":""},"tablet":{"background-color":"","background-image":"","background-repeat":"repeat","background-position":"center center","background-size":"auto","background-attachment":"scroll","background-type":"","background-media":"","overlay-type":"","overlay-color":"","overlay-opacity":"","overlay-gradient":""},"mobile":{"background-color":"","background-image":"","background-repeat":"repeat","background-position":"center center","background-size":"auto","background-attachment":"scroll","background-type":"","background-media":"","overlay-type":"","overlay-color":"","overlay-opacity":"","overlay-gradient":""}},"ast-content-background-meta":{"desktop":{"background-color":"var(--ast-global-color-5)","background-image":"","background-repeat":"repeat","background-position":"center center","background-size":"auto","background-attachment":"scroll","background-type":"","background-media":"","overlay-type":"","overlay-color":"","overlay-opacity":"","overlay-gradient":""},"tablet":{"background-color":"var(--ast-global-color-5)","background-image":"","background-repeat":"repeat","background-position":"center center","background-size":"auto","background-attachment":"scroll","background-type":"","background-media":"","overlay-type":"","overlay-color":"","overlay-opacity":"","overlay-gradient":""},"mobile":{"background-color":"var(--ast-global-color-5)","background-image":"","background-repeat":"repeat","background-position":"center center","background-size":"auto","background-attachment":"scroll","background-type":"","background-media":"","overlay-type":"","overlay-color":"","overlay-opacity":"","overlay-gradient":""}},"footnotes":""},"categories":[8],"tags":[39307,39305,39306,5730],"class_list":["post-101330","post","type-post","status-publish","format-standard","has-post-thumbnail","hentry","category-noticias","tag-articulo-480-ley-ciberacoso-puebla","tag-laura-artemisa-garcia-chavez","tag-legislacion-ciberacoso","tag-libertad-de-expresion"],"_links":{"self":[{"href":"https:\/\/losperiodistas.com.mx\/portal\/wp-json\/wp\/v2\/posts\/101330","targetHints":{"allow":["GET"]}}],"collection":[{"href":"https:\/\/losperiodistas.com.mx\/portal\/wp-json\/wp\/v2\/posts"}],"about":[{"href":"https:\/\/losperiodistas.com.mx\/portal\/wp-json\/wp\/v2\/types\/post"}],"author":[{"embeddable":true,"href":"https:\/\/losperiodistas.com.mx\/portal\/wp-json\/wp\/v2\/users\/1"}],"replies":[{"embeddable":true,"href":"https:\/\/losperiodistas.com.mx\/portal\/wp-json\/wp\/v2\/comments?post=101330"}],"version-history":[{"count":1,"href":"https:\/\/losperiodistas.com.mx\/portal\/wp-json\/wp\/v2\/posts\/101330\/revisions"}],"predecessor-version":[{"id":101332,"href":"https:\/\/losperiodistas.com.mx\/portal\/wp-json\/wp\/v2\/posts\/101330\/revisions\/101332"}],"wp:featuredmedia":[{"embeddable":true,"href":"https:\/\/losperiodistas.com.mx\/portal\/wp-json\/wp\/v2\/media\/101331"}],"wp:attachment":[{"href":"https:\/\/losperiodistas.com.mx\/portal\/wp-json\/wp\/v2\/media?parent=101330"}],"wp:term":[{"taxonomy":"category","embeddable":true,"href":"https:\/\/losperiodistas.com.mx\/portal\/wp-json\/wp\/v2\/categories?post=101330"},{"taxonomy":"post_tag","embeddable":true,"href":"https:\/\/losperiodistas.com.mx\/portal\/wp-json\/wp\/v2\/tags?post=101330"}],"curies":[{"name":"wp","href":"https:\/\/api.w.org\/{rel}","templated":true}]}}