{"id":101269,"date":"2025-06-15T13:19:32","date_gmt":"2025-06-15T19:19:32","guid":{"rendered":"https:\/\/losperiodistas.com.mx\/portal\/?p=101269"},"modified":"2025-06-15T13:19:33","modified_gmt":"2025-06-15T19:19:33","slug":"ley-ciberasedio","status":"publish","type":"post","link":"https:\/\/losperiodistas.com.mx\/portal\/ley-ciberasedio\/","title":{"rendered":"Ley Ciberasedio"},"content":{"rendered":"\n<p><\/p>\n\n\n\n<p class=\"has-medium-font-size\">#PorSoleares | \u00bfQui\u00e9n ser\u00e1 el primer denunciado y juzgado por la Ley del Ciberasedio en Puebla?<\/p>\n\n\n\n<figure class=\"wp-block-embed is-type-video is-provider-youtube wp-block-embed-youtube wp-embed-aspect-16-9 wp-has-aspect-ratio\"><div class=\"wp-block-embed__wrapper\">\n<iframe title=\"El ciberasedio |  Junio 15 2025\" width=\"500\" height=\"281\" src=\"https:\/\/www.youtube.com\/embed\/3sJ-HQ5bwg0?feature=oembed\" frameborder=\"0\" allow=\"accelerometer; autoplay; clipboard-write; encrypted-media; gyroscope; picture-in-picture; web-share\" referrerpolicy=\"strict-origin-when-cross-origin\" allowfullscreen><\/iframe>\n<\/div><\/figure>\n\n\n\n<p><\/p>\n\n\n\n<p class=\"has-vivid-red-color has-text-color has-link-color has-medium-font-size wp-elements-aba772fb572aeca9b6eca77114fb8c80\"><strong><em>Por Jes\u00fas Manuel Hern\u00e1ndez<\/em><\/strong><\/p>\n\n\n\n<p>Quedamos algunas plumas, a veces voces, que podemos dar testimonios de la censura en Puebla, al menos en los \u00faltimos 50 a\u00f1os.<\/p>\n\n\n\n<p>El tema viene a cuentas por la pol\u00e9mica desatada en medios locales y algunos nacionales por la redacci\u00f3n del art\u00edculo 480, de la reforma a la denominaci\u00f3n de la Secci\u00f3n Sexta del Cap\u00edtulo D\u00e9cimo \u00abFalsedad\u00bb del Libro Segundo \u00abDelitos en lo Particular\u00bb donde se da cuenta de la falsedad, el ciberacoso, el insulto, la injuria, el da\u00f1o moral y a la dignidad de personas a trav\u00e9s de los medios identificados como \u201cRedes Sociales\u201d o portales digitales dedicados a la informaci\u00f3n.<\/p>\n\n\n\n<p>Hay quien ve la reforma como un agravio a la libertad de expresi\u00f3n, y hay quien la ve como un <strong>\u201cya basta\u201d<\/strong> ante la postura identificada no como libertad de expresi\u00f3n, sino con el libertinaje. Y sobran ejemplos de ambos casos en el pasado, lejano, en el pasado cercano y en el presente.<\/p>\n\n\n\n<p>Algunos abogados hacen la observaci\u00f3n de la redacci\u00f3n, confusa o incompleta; otros opinadores recuerdan aquel \u201cColoquio entremedios\u201d organizado por Javier S\u00e1nchez Galicia en 2006, bajo el lema \u201cuna visi\u00f3n de la comunicaci\u00f3n desde los propios medios\u201d, cuando el asunto ese de \u201ces mi voz, pero no es mi voz\u201d de Mario N. Y se intentaba legislar sobre la \u201ccalumnia\u201d.<\/p>\n\n\n\n<p>En aquella \u00e9poca se tom\u00f3 en cuenta la opini\u00f3n de los comunicadores profesionales, acad\u00e9micos universitarios y abogados expertos en la materia.<\/p>\n\n\n\n<p>Quiz\u00e1 la ausencia de un <strong>c\u00f3digo de \u00e9tica<\/strong> interno de los medios de comunicaci\u00f3n haya propiciado el abuso en el acoso y la cr\u00edtica sin fundamento, pero ese es un asunto que bien podr\u00eda encuadrarse en los principios morales de cada periodista y de cada empresa dedicada a la comunicaci\u00f3n, no as\u00ed a quienes escondidos en el anonimato constituyen una fuerza de oposici\u00f3n.<\/p>\n\n\n\n<p>El problema es que los grupos pol\u00edticos, en el poder o quienes lo han perdido, se acogen al anonimato para establecer un sistema de cr\u00edticas y denuncias, sin contar, quiz\u00e1, con las fuentes de informaci\u00f3n para sostener las aseveraciones de calificaci\u00f3n o descalificaci\u00f3n de los hechos de la gente en el poder.<\/p>\n\n\n\n<p>Pero no es solo el gremio pol\u00edtico el afectado, se han dado casos de personas de la sociedad, sin cargos p\u00fablicos, presa de ataques o campa\u00f1as de desprestigio, sin consecuencias para quien tiene el poder de la pluma o de la lengua.<\/p>\n\n\n\n<p>\u00bfSe legisl\u00f3 al vapor, est\u00e1 fundamentada la reforma, es totalmente positiva o negativa?<\/p>\n\n\n\n<p>Habr\u00e1 que esperar de qu\u00e9 lado masca la iguana, cu\u00e1ntos amparos saltar\u00e1n y <strong>qui\u00e9n ser\u00e1 el primer denunciado y juzgado<\/strong> por esta llamada Ley del Ciberasedio.<\/p>\n\n\n\n<p>O como dijera el cl\u00e1sico: \u201cEl hombre es due\u00f1o de su silencio y esclavo de sus palabras\u201d.<\/p>\n\n\n\n<p>O por lo menos, as\u00ed me lo parece.<\/p>\n\n\n\n<p><a href=\"mailto:losperiodistas.com.mx@gmail.com\">losperiodistas.com.mx@gmail.com<\/a><\/p>\n","protected":false},"excerpt":{"rendered":"<p>#PorSoleares | \u00bfQui\u00e9n ser\u00e1 el primer denunciado y juzgado por la Ley del Ciberasedio en Puebla? Por Jes\u00fas Manuel Hern\u00e1ndez [&hellip;]<\/p>\n","protected":false},"author":1,"featured_media":101270,"comment_status":"open","ping_status":"open","sticky":false,"template":"","format":"standard","meta":{"site-sidebar-layout":"default","site-content-layout":"","ast-site-content-layout":"default","site-content-style":"default","site-sidebar-style":"default","ast-global-header-display":"","ast-banner-title-visibility":"","ast-main-header-display":"","ast-hfb-above-header-display":"","ast-hfb-below-header-display":"","ast-hfb-mobile-header-display":"","site-post-title":"","ast-breadcrumbs-content":"","ast-featured-img":"","footer-sml-layout":"","theme-transparent-header-meta":"","adv-header-id-meta":"","stick-header-meta":"","header-above-stick-meta":"","header-main-stick-meta":"","header-below-stick-meta":"","astra-migrate-meta-layouts":"default","ast-page-background-enabled":"default","ast-page-background-meta":{"desktop":{"background-color":"var(--ast-global-color-4)","background-image":"","background-repeat":"repeat","background-position":"center center","background-size":"auto","background-attachment":"scroll","background-type":"","background-media":"","overlay-type":"","overlay-color":"","overlay-opacity":"","overlay-gradient":""},"tablet":{"background-color":"","background-image":"","background-repeat":"repeat","background-position":"center center","background-size":"auto","background-attachment":"scroll","background-type":"","background-media":"","overlay-type":"","overlay-color":"","overlay-opacity":"","overlay-gradient":""},"mobile":{"background-color":"","background-image":"","background-repeat":"repeat","background-position":"center center","background-size":"auto","background-attachment":"scroll","background-type":"","background-media":"","overlay-type":"","overlay-color":"","overlay-opacity":"","overlay-gradient":""}},"ast-content-background-meta":{"desktop":{"background-color":"var(--ast-global-color-5)","background-image":"","background-repeat":"repeat","background-position":"center center","background-size":"auto","background-attachment":"scroll","background-type":"","background-media":"","overlay-type":"","overlay-color":"","overlay-opacity":"","overlay-gradient":""},"tablet":{"background-color":"var(--ast-global-color-5)","background-image":"","background-repeat":"repeat","background-position":"center center","background-size":"auto","background-attachment":"scroll","background-type":"","background-media":"","overlay-type":"","overlay-color":"","overlay-opacity":"","overlay-gradient":""},"mobile":{"background-color":"var(--ast-global-color-5)","background-image":"","background-repeat":"repeat","background-position":"center center","background-size":"auto","background-attachment":"scroll","background-type":"","background-media":"","overlay-type":"","overlay-color":"","overlay-opacity":"","overlay-gradient":""}},"footnotes":""},"categories":[8,5],"tags":[39273,39272],"class_list":["post-101269","post","type-post","status-publish","format-standard","has-post-thumbnail","hentry","category-noticias","category-por-soleares","tag-ley-ciberacoso-puebla","tag-ley-ciberasedio"],"_links":{"self":[{"href":"https:\/\/losperiodistas.com.mx\/portal\/wp-json\/wp\/v2\/posts\/101269","targetHints":{"allow":["GET"]}}],"collection":[{"href":"https:\/\/losperiodistas.com.mx\/portal\/wp-json\/wp\/v2\/posts"}],"about":[{"href":"https:\/\/losperiodistas.com.mx\/portal\/wp-json\/wp\/v2\/types\/post"}],"author":[{"embeddable":true,"href":"https:\/\/losperiodistas.com.mx\/portal\/wp-json\/wp\/v2\/users\/1"}],"replies":[{"embeddable":true,"href":"https:\/\/losperiodistas.com.mx\/portal\/wp-json\/wp\/v2\/comments?post=101269"}],"version-history":[{"count":1,"href":"https:\/\/losperiodistas.com.mx\/portal\/wp-json\/wp\/v2\/posts\/101269\/revisions"}],"predecessor-version":[{"id":101271,"href":"https:\/\/losperiodistas.com.mx\/portal\/wp-json\/wp\/v2\/posts\/101269\/revisions\/101271"}],"wp:featuredmedia":[{"embeddable":true,"href":"https:\/\/losperiodistas.com.mx\/portal\/wp-json\/wp\/v2\/media\/101270"}],"wp:attachment":[{"href":"https:\/\/losperiodistas.com.mx\/portal\/wp-json\/wp\/v2\/media?parent=101269"}],"wp:term":[{"taxonomy":"category","embeddable":true,"href":"https:\/\/losperiodistas.com.mx\/portal\/wp-json\/wp\/v2\/categories?post=101269"},{"taxonomy":"post_tag","embeddable":true,"href":"https:\/\/losperiodistas.com.mx\/portal\/wp-json\/wp\/v2\/tags?post=101269"}],"curies":[{"name":"wp","href":"https:\/\/api.w.org\/{rel}","templated":true}]}}