{"id":101257,"date":"2025-06-15T08:26:02","date_gmt":"2025-06-15T14:26:02","guid":{"rendered":"https:\/\/losperiodistas.com.mx\/portal\/?p=101257"},"modified":"2025-06-15T08:26:03","modified_gmt":"2025-06-15T14:26:03","slug":"morante-de-la-puebla-el-imprevisto-triunfador-del-ano-que-convoca-la-unanimidad-es-un-torero-historico-no-he-conocido-otro-igual-de-su-talla-el-mundo","status":"publish","type":"post","link":"https:\/\/losperiodistas.com.mx\/portal\/morante-de-la-puebla-el-imprevisto-triunfador-del-ano-que-convoca-la-unanimidad-es-un-torero-historico-no-he-conocido-otro-igual-de-su-talla-el-mundo\/","title":{"rendered":"Morante de la Puebla, el imprevisto triunfador del a\u00f1o que convoca la unanimidad: \u00abEs un torero hist\u00f3rico; no he conocido otro igual de su talla\u00bb | El Mundo"},"content":{"rendered":"\n<p class=\"has-vivid-green-cyan-background-color has-background has-medium-font-size\">Voces autorizadas como Curro V\u00e1zquez, El Juli, Pablo Aguado, \u00c1lvaro N\u00fa\u00f1ez y Jos\u00e9 Antonio Carretero desgranan su tauromaquia tras las seis tardes antol\u00f3gicas de Sevilla y Madrid: \u00abConfluyen mito y plenitud. Es hablar del toreo en may\u00fasculas\u00bb<\/p>\n\n\n\n<figure class=\"wp-block-image\"><img decoding=\"async\" src=\"https:\/\/e00-elmundo.uecdn.es\/assets\/multimedia\/imagenes\/2025\/06\/13\/17498298391684.jpg\" alt=\"Morante de la Puebla sale a hombros el pasado 8 de junio de Las Ventas\"\/><figcaption class=\"wp-element-caption\">Morante de la Puebla sale a hombros el pasado 8 de junio de Las Ventas | Javier Barbancho<\/figcaption><\/figure>\n\n\n\n<p><a href=\"https:\/\/www.elmundo.es\/autor\/zabala-de-la-serna.html\"><\/a><\/p>\n\n\n\n<p class=\"has-vivid-red-color has-text-color has-link-color has-medium-font-size wp-elements-37b149e79381b4cdf837ed0cab76cb86\"><strong><a href=\"https:\/\/www.elmundo.es\/autor\/zabala-de-la-serna.html\">Zabala de la Serna<\/a> \/ El Mundo<\/strong><\/p>\n\n\n\n<p>Madrid<\/p>\n\n\n\n<p><\/p>\n\n\n\n<p><strong>El 6 de febrero de 2025<\/strong>&nbsp;Morante de la Puebla esperaba en una esquina del escenario con su capa espa\u00f1ola, un semblante preocupante y la palabra triste.&nbsp;<strong>Hac\u00eda unos minutos se hab\u00eda anunciado su presencia en la feria de San Isidro<\/strong>&nbsp;para las tardes del 28&nbsp;de mayo y 8 de junio; hac\u00eda un tiempo que se sab\u00eda de sus cuatro tardes en la feria de Sevilla; y hac\u00eda unos d\u00edas Abc hab\u00eda mostrado sin filtros la crudeza de su enfermedad mental y la dureza de su tratamiento. Parec\u00eda imposible siquiera que pudiera arrancar la temporada en aquel momento.<\/p>\n\n\n\n<p><strong>El 8 de junio de 2025&nbsp;<\/strong>Morante de la Puebla volaba sobre los hombros de una multitud por la calle de Alcal\u00e1 arriba con el escenario de Las Ventas al fondo, rendido por fin y entregado a su inalcanzable magisterio.<strong>&nbsp;La primera Puerta Grande de la carrera de un torero para la historia<\/strong>&nbsp;quedaba atr\u00e1s como \u00faltimo prodigio de dos meses asombrosos, inimaginables desde el rinc\u00f3n del invierno, plet\u00f3rico en cuatro tardes sevillanas como cuatro tratados de distinta perfecci\u00f3n y la guinda antol\u00f3gica de Madrid por partida doble.<\/p>\n\n\n\n<p>122 d\u00edas despu\u00e9s de aquel oscuro e incierto 6 de febrero, nadie habla de recuperaci\u00f3n, sino del torero del a\u00f1o. Si Jos\u00e9 Antonio fuera Simone Bailes, los diarios y televisiones generalistas se desbordar\u00edan de reportajes sobre su capacidad de superaci\u00f3n y la salud mental. Ci\u00f1\u00e9ndonos al estricto c\u00edrculo del ruedo, Morante es el toreo puesto en pie.&nbsp;<strong>Y ha vuelto de las tinieblas no como antes, sino como nunca.&nbsp;<\/strong>Cuando se hac\u00eda impensable torear m\u00e1s fajado, m\u00e1s despacio, m\u00e1s arrebolado de duendes, lo ha vuelto a hacer. S\u00f3lo \u00e9l pod\u00eda superarse.<\/p>\n\n\n\n<figure class=\"wp-block-image\"><img decoding=\"async\" src=\"https:\/\/e00-elmundo.uecdn.es\/assets\/multimedia\/imagenes\/2025\/05\/02\/17461817278016.jpg\" alt=\"Derechazo inmenso de Morante de la Puebla en Sevilla\"\/><figcaption class=\"wp-element-caption\">Derechazo inmenso de Morante de la Puebla en SevillaEfe<\/figcaption><\/figure>\n\n\n\n<p>La voz de la calle -\u00ab\u00a1Jo-sean-to-nio Mo-ran-te de-la-pue-bla!\u00bb- es mayoritaria; la de los profesionales alcanza el rango de la unanimidad: MdlP es ya un torero hist\u00f3rico. \u00abCuando estoy con \u00e9l, lo tomo como si me encontrase con Gallito o Manolete. Siempre tengo esa sensaci\u00f3n\u00bb, dice \u00c1lvaro N\u00fa\u00f1ez -el alma de lo antiguo de N\u00fa\u00f1ez del Cuvillo-, el ganadero que, asentado en Portugal, vivi\u00f3 el \u00faltimo invierno de Morante de la Puebla de cerca. \u00ab<strong>Quiz\u00e1 sea el torero m\u00e1s grande de la historia&nbsp;<\/strong>y, adem\u00e1s, en su mejor momento\u00bb, sentencia,<\/p>\n\n\n\n<blockquote class=\"wp-block-quote is-layout-flow wp-block-quote-is-layout-flow\">\n<p class=\"has-ast-global-color-4-background-color has-background has-medium-font-size\">\u00abLa muleta vale para dominar al toro pero tambi\u00e9n para taparse del toro. \u00c9l no la utiliza para esto. Y le pone al toro su cuerpo con una naturalidad inaudita\u00bb (\u00c1lvaro N\u00fa\u00f1ez)<\/p>\n<\/blockquote>\n\n\n\n<p>El crecimiento exponencial de su tauromaquia se dispar\u00f3 hace siete a\u00f1os con un paso adelante en todos los sentidos -dentro y fuera de la plaza, en el compromiso con el toro y en la estrategia expansiva-, hasta alcanzar&nbsp;<a href=\"https:\/\/www.elmundo.es\/cultura\/toros\/2023\/04\/26\/644926b021efa0e0608b45f9.html\">el hito de cortar un rabo en la Maestranza el 26 de abril de 2023<\/a>. Fue el a\u00f1o en el que se retir\u00f3&nbsp;<strong>Juli\u00e1n L\u00f3pez \u00abEl Juli\u00bb, una figura de \u00e9poca durante 25 a\u00f1os en la cima<\/strong>.<\/p>\n\n\n\n<figure class=\"wp-block-image\"><img decoding=\"async\" src=\"https:\/\/e00-elmundo.uecdn.es\/assets\/multimedia\/imagenes\/2025\/06\/13\/17498317389378.jpg\" alt=\"Morante para el toro a una mano con el capote el pasado 1 de mayo en Sevilla\"\/><figcaption class=\"wp-element-caption\">Morante para el toro a una mano con el capote el pasado 1 de mayo en SevillaRa\u00fal CaroEfe<\/figcaption><\/figure>\n\n\n\n<p>A El Juli se le localiz\u00f3 entusiasmado en las fotograf\u00edas de Morante, precisamente en Sevilla, el 1 de mayo c\u00e9lebre, parando el toro con el capote a una mano. Y en la apoteosis de Jerez -otro rabo-, y en el concierto de Aranjuez: \u00ab<strong>Hablar de Morante ahora mismo es hablar del toreo en may\u00fasculas<\/strong>. Todas sus experiencias, tanto en su profesi\u00f3n como en su vida, le han conducido, a trav\u00e9s de una evoluci\u00f3n y diferentes etapas, a una tauromaquia que es un compendio de todas las virtudes del toreo. Desde una capacidad lidiadora incre\u00edble a una variedad magn\u00edfica\u00bb.<\/p>\n\n\n\n<blockquote class=\"wp-block-quote has-ast-global-color-4-background-color has-background is-layout-flow wp-block-quote-is-layout-flow\">\n<p>\u00abLo que m\u00e1s me llama la atenci\u00f3n es su entrega absoluta, la sensaci\u00f3n de estar dispuesto a todo por una convicci\u00f3n, por un sentimiento\u00bb (El Juli)<\/p>\n<\/blockquote>\n\n\n\n<p>Pero a quien fuera la m\u00e1xima autoridad del escalaf\u00f3n durante un cuarto de siglo le deslumbra algo que quiz\u00e1 se pueda traducir por pureza, la integridad de Morante. \u00abLo que m\u00e1s me llama la atenci\u00f3n es su entrega absoluta y la emoci\u00f3n que transmite ese abandono total. La sensaci\u00f3n de estar dispuesto a todo por una convicci\u00f3n, por un sentimiento. Es un momento hist\u00f3rico.&nbsp;<strong>Pocos toreros ha habido en la historia con tal aglomeraci\u00f3n de virtudes<\/strong>. Eso hace que la experiencia de acudir a la plaza a verlo sea \u00fanica. Tardes como las de Madrid son la consagraci\u00f3n a un concepto, a una verdad y a una autenticidad en su toreo que le har\u00e1 ser recordado como un grandioso torero, uno de esos toreros que quedan para siempre\u00bb.<\/p>\n\n\n\n<figure class=\"wp-block-image\"><img decoding=\"async\" src=\"https:\/\/e00-elmundo.uecdn.es\/assets\/multimedia\/imagenes\/2025\/06\/14\/17498803533884.jpg\" alt=\"Natural ce\u00f1id\u00edsimo de Morante el pasado 8 de junio en Madrid\"\/><figcaption class=\"wp-element-caption\">Natural ce\u00f1id\u00edsimo de Morante el pasado 8 de junio en MadridPlaza 1<\/figcaption><\/figure>\n\n\n\n<blockquote class=\"wp-block-quote is-layout-flow wp-block-quote-is-layout-flow\">\n<p class=\"has-ast-global-color-4-background-color has-background has-medium-font-size\">\u00abSe sale de lo normal, es un fuera de serie. Re\u00fane todo. Tiene est\u00e9tica, figura, conocimiento y valor. No he visto a ninguno de esa talla\u00bb. (Curro V\u00e1zquez)<\/p>\n<\/blockquote>\n\n\n\n<p>A Curro V\u00e1zquez, maestro del clasicismo, torero de Madrid en esencia, o con esas esencias, tambi\u00e9n le emociona \u00abla autenticidad\u00bb de Morante de la Puebla. De quien fue, por cierto, apoderado entre los a\u00f1os 2009 y 2012. \u00abLlor\u00e9 su primer d\u00eda de este San Isidro, y tambi\u00e9n vi con l\u00e1grimas en los ojos el segundo. &#8216;\u00bfEs para tanto?\u00bb, me preguntaba Currito\u00bb. &#8216;S\u00ed, hijo, es para tanto&#8217;.&nbsp;<strong>Es el torero con m\u00e1s pasi\u00f3n que he conocido en toda mi vida<\/strong>\u00bb. Curro abunda en la catarata de elogios hacia el genio de La Puebla: \u00abSe sale de lo normal, es un fuera de serie. Re\u00fane todo. Tiene est\u00e9tica, figura, conocimiento y valor. No he visto a ninguno de esa talla. Tan completo. No me gusta eso que se dice de que es el mejor torero de la historia porque cada momento de la historia tiene el suyo. Pero en cuanto a pasi\u00f3n, y tambi\u00e9n sufrimiento, por lo que todos sabemos, no he conocido a otro\u00bb.<\/p>\n\n\n\n<figure class=\"wp-block-image\"><img decoding=\"async\" src=\"https:\/\/e00-elmundo.uecdn.es\/assets\/multimedia\/imagenes\/2025\/06\/13\/17498336180344.jpg\" alt=\"Ver\u00f3nica de Morante el 8 de junio en Madrid\"\/><figcaption class=\"wp-element-caption\">Ver\u00f3nica de Morante el 8 de junio en MadridEfe<\/figcaption><\/figure>\n\n\n\n<p><strong>\u00c1lvaro N\u00fa\u00f1ez recoge el guante de la pureza<\/strong>, y la desmenuza con una inteligencia que le hace sabio, un aficionado inigualable: \u00abEs el torero que m\u00e1s le expone al toro, que m\u00e1s le ofrece su cuerpo. La muleta vale para dominar al toro pero tambi\u00e9n para taparse del toro. \u00c9l no la utiliza para esto. Y le pone al toro su cuerpo con una naturalidad inaudita, sin un aparente sufrimiento. He visto a otros toreros pisar ese terreno. A Ojeda y Jos\u00e9 Tom\u00e1s. Y transmit\u00edan ese sufrir que en Morante no aflora\u00bb.<\/p>\n\n\n\n<blockquote class=\"wp-block-quote is-layout-flow wp-block-quote-is-layout-flow\">\n<p class=\"has-ast-global-color-4-background-color has-background\">\u00abHace suyas las suertes que le enamoran, no las copia, siempre est\u00e1 bien colocado en la plaza y mata adem\u00e1s lo toros de libro\u00bb (Jos\u00e9 Antonio Carretero)<\/p>\n<\/blockquote>\n\n\n\n<p>Jos\u00e9 Antonio Carretero, el \u00faltimo gran capotero de los hombres plata, siete a\u00f1os en la cuadrilla de Morante, subraya su poder\u00edo y su dominio, su estudio del toro y del toreo, su buceo en la historia, el modo en el que ha roto con todos los par\u00e1metros de los toreros artistas. \u00ab<strong>Hace suyas las suertes que le enamoran, no las copia,<\/strong>&nbsp;siempre est\u00e1 bien colocado en la plaza y mata adem\u00e1s lo toros de libro\u00bb, rubrica Carretero.<\/p>\n\n\n\n<figure class=\"wp-block-image\"><img decoding=\"async\" src=\"https:\/\/e00-elmundo.uecdn.es\/assets\/multimedia\/imagenes\/2025\/06\/13\/17498326745816.jpg\" alt=\"Morante sale de la cara del toro\"\/><figcaption class=\"wp-element-caption\">Morante sale de la cara del toroEfe<\/figcaption><\/figure>\n\n\n\n<p>N\u00fa\u00f1ez rescata una idea como estudioso de la historia de la tauromaquia que es, la relevancia social del torero. \u00abMorante ha dado un salto de 120 a\u00f1os atr\u00e1s, y&nbsp;<strong>ha vuelto a hacer que el torero fuera de la plaza&nbsp;<\/strong>sea una persona absolutamente especial. No escondi\u00e9ndose sino mostr\u00e1ndose. Como Belmonte en su tiempo. A la gente le ha llegado como un anacronismo actualizado. Y nada impostado\u00bb. S\u00ed le produce cierta pena los muchos a\u00f1os en que los aficionados se han perdido a Morante, que no lo han sabido ver aunque iban a verlo, y saca un ejemplo de una corrida de Matilla en Sevilla<strong>. MdlP no ha sido un&nbsp;<\/strong><em><strong>consentido<\/strong><\/em><strong>&nbsp;de Madrid ni de Sevilla aunque alg\u00fan ignorante se\u00f1ale lo contrario.<\/strong>&nbsp;\u00abQuien ahora mismo no disfrute de Morante\u00bb -contin\u00faa- \u00abes que tiene un problema. Dice el Rabioso que es un lanzallamas: a quien torea a su lado lo abrasa\u00bb.<\/p>\n\n\n\n<blockquote class=\"wp-block-quote is-layout-flow wp-block-quote-is-layout-flow\">\n<p class=\"has-ast-global-color-4-background-color has-background has-medium-font-size\">\u00abSu ver\u00f3nica es de una intimidad consigo mismo \u00fanica. No s\u00f3lo es la est\u00e9tica que se le canta, sino la verdad, el aplomo, por d\u00f3nde se pasa los toros\u00bb. (Pablo Aguado)<\/p>\n<\/blockquote>\n\n\n\n<p>Precisamente Aguado, que sacudi\u00f3 Sevilla en 2019 y agit\u00f3 el trono [cuatro orejas, Puerta del Pr\u00edncipe], se considera un privilegiado de torear a su lado. \u00ab<strong>Recuerdo cuando lo segu\u00eda de ni\u00f1o y me empapaba de sus v\u00eddeos<\/strong>, y ahora que comparto tardes con \u00e9l tengo que pararme para mirarlo y guardarme esa imagen para cont\u00e1rselo a mis nietos. Si tuviera un pa\u00f1uelo en el ruedo, lo sacar\u00eda. Es la luz hacia la que los toreros m\u00e1s nuevos tenemos que caminar\u00bb, rememora Pablo emocionado.<\/p>\n\n\n\n<figure class=\"wp-block-image\"><img decoding=\"async\" src=\"https:\/\/e00-elmundo.uecdn.es\/assets\/multimedia\/imagenes\/2025\/06\/07\/17492950460798.jpg\" alt=\"Media ver\u00f3nica antol\u00f3gica de Morante el pasado 28 de mayo en Las Ventas\"\/><figcaption class=\"wp-element-caption\">Media ver\u00f3nica antol\u00f3gica de Morante el pasado 28 de mayo en Las VentasJavier Barbancho<\/figcaption><\/figure>\n\n\n\n<p>Y el sevillano de las supremas elegancias incide en el prodigio de su capote, en la ver\u00f3nica b\u00edblica del maestro de la Puebla. \u00abEs de una intimidad consigo mismo \u00fanica. No s\u00f3lo es la est\u00e9tica que se le canta, sino la verdad, el aplomo, por d\u00f3nde se pasa los toros. En estos \u00faltimos a\u00f1os le vemos lancear como si fueran becerras, le da igual c\u00f3mo sea el toro.&nbsp;<strong>Esa est\u00e9tica enmascara una profundidad torera muy grande<\/strong>\u00bb, remata.<\/p>\n\n\n\n<p>Lo que describe Pablo Aguado es en el fondo valor. Y en esto coincide \u00c1lvaro N\u00fa\u00f1ez para cerrar el cap\u00edtulo del imprevisto torero del a\u00f1o. \u00abTodas las figuras del toreo que he conocido en casi medio siglo han ido perdiendo valor.&nbsp;<strong>El caso de Morante es como el de Benjamin Button:<\/strong>&nbsp;es un proceso inverso. Tiene ahora m\u00e1s valor que hace 20 a\u00f1os. Todos los toreros mitificados subieron al altar del mito un tiempo despu\u00e9s de sus mejores a\u00f1os. En Morante confluyen ahora mito y plenitud\u00bb.<\/p>\n\n\n\n<p>Fuente: <a href=\"https:\/\/www.elmundo.es\/cultura\/toros\/2025\/06\/14\/684c4927fdddfff6a88b458d.html\">https:\/\/www.elmundo.es\/cultura\/toros\/2025\/06\/14\/684c4927fdddfff6a88b458d.html<\/a><\/p>\n","protected":false},"excerpt":{"rendered":"<p>Voces autorizadas como Curro V\u00e1zquez, El Juli, Pablo Aguado, \u00c1lvaro N\u00fa\u00f1ez y Jos\u00e9 Antonio Carretero desgranan su tauromaquia tras las [&hellip;]<\/p>\n","protected":false},"author":1,"featured_media":101258,"comment_status":"open","ping_status":"open","sticky":false,"template":"","format":"standard","meta":{"site-sidebar-layout":"default","site-content-layout":"","ast-site-content-layout":"default","site-content-style":"default","site-sidebar-style":"default","ast-global-header-display":"","ast-banner-title-visibility":"","ast-main-header-display":"","ast-hfb-above-header-display":"","ast-hfb-below-header-display":"","ast-hfb-mobile-header-display":"","site-post-title":"","ast-breadcrumbs-content":"","ast-featured-img":"","footer-sml-layout":"","theme-transparent-header-meta":"","adv-header-id-meta":"","stick-header-meta":"","header-above-stick-meta":"","header-main-stick-meta":"","header-below-stick-meta":"","astra-migrate-meta-layouts":"default","ast-page-background-enabled":"default","ast-page-background-meta":{"desktop":{"background-color":"var(--ast-global-color-4)","background-image":"","background-repeat":"repeat","background-position":"center center","background-size":"auto","background-attachment":"scroll","background-type":"","background-media":"","overlay-type":"","overlay-color":"","overlay-opacity":"","overlay-gradient":""},"tablet":{"background-color":"","background-image":"","background-repeat":"repeat","background-position":"center center","background-size":"auto","background-attachment":"scroll","background-type":"","background-media":"","overlay-type":"","overlay-color":"","overlay-opacity":"","overlay-gradient":""},"mobile":{"background-color":"","background-image":"","background-repeat":"repeat","background-position":"center center","background-size":"auto","background-attachment":"scroll","background-type":"","background-media":"","overlay-type":"","overlay-color":"","overlay-opacity":"","overlay-gradient":""}},"ast-content-background-meta":{"desktop":{"background-color":"var(--ast-global-color-5)","background-image":"","background-repeat":"repeat","background-position":"center center","background-size":"auto","background-attachment":"scroll","background-type":"","background-media":"","overlay-type":"","overlay-color":"","overlay-opacity":"","overlay-gradient":""},"tablet":{"background-color":"var(--ast-global-color-5)","background-image":"","background-repeat":"repeat","background-position":"center center","background-size":"auto","background-attachment":"scroll","background-type":"","background-media":"","overlay-type":"","overlay-color":"","overlay-opacity":"","overlay-gradient":""},"mobile":{"background-color":"var(--ast-global-color-5)","background-image":"","background-repeat":"repeat","background-position":"center center","background-size":"auto","background-attachment":"scroll","background-type":"","background-media":"","overlay-type":"","overlay-color":"","overlay-opacity":"","overlay-gradient":""}},"footnotes":""},"categories":[8],"tags":[2746,39100,39269],"class_list":["post-101257","post","type-post","status-publish","format-standard","has-post-thumbnail","hentry","category-noticias","tag-morante-de-la-puebla","tag-puerta-grande-las-ventas","tag-torero-historico"],"_links":{"self":[{"href":"https:\/\/losperiodistas.com.mx\/portal\/wp-json\/wp\/v2\/posts\/101257","targetHints":{"allow":["GET"]}}],"collection":[{"href":"https:\/\/losperiodistas.com.mx\/portal\/wp-json\/wp\/v2\/posts"}],"about":[{"href":"https:\/\/losperiodistas.com.mx\/portal\/wp-json\/wp\/v2\/types\/post"}],"author":[{"embeddable":true,"href":"https:\/\/losperiodistas.com.mx\/portal\/wp-json\/wp\/v2\/users\/1"}],"replies":[{"embeddable":true,"href":"https:\/\/losperiodistas.com.mx\/portal\/wp-json\/wp\/v2\/comments?post=101257"}],"version-history":[{"count":1,"href":"https:\/\/losperiodistas.com.mx\/portal\/wp-json\/wp\/v2\/posts\/101257\/revisions"}],"predecessor-version":[{"id":101259,"href":"https:\/\/losperiodistas.com.mx\/portal\/wp-json\/wp\/v2\/posts\/101257\/revisions\/101259"}],"wp:featuredmedia":[{"embeddable":true,"href":"https:\/\/losperiodistas.com.mx\/portal\/wp-json\/wp\/v2\/media\/101258"}],"wp:attachment":[{"href":"https:\/\/losperiodistas.com.mx\/portal\/wp-json\/wp\/v2\/media?parent=101257"}],"wp:term":[{"taxonomy":"category","embeddable":true,"href":"https:\/\/losperiodistas.com.mx\/portal\/wp-json\/wp\/v2\/categories?post=101257"},{"taxonomy":"post_tag","embeddable":true,"href":"https:\/\/losperiodistas.com.mx\/portal\/wp-json\/wp\/v2\/tags?post=101257"}],"curies":[{"name":"wp","href":"https:\/\/api.w.org\/{rel}","templated":true}]}}