{"id":101239,"date":"2025-06-15T06:55:50","date_gmt":"2025-06-15T12:55:50","guid":{"rendered":"https:\/\/losperiodistas.com.mx\/portal\/?p=101239"},"modified":"2025-06-15T06:55:51","modified_gmt":"2025-06-15T12:55:51","slug":"eu-miles-protestan-pacificamente-contra-trump-bajo-fuerte-vigilancia-policiaca-la-silla-rota","status":"publish","type":"post","link":"https:\/\/losperiodistas.com.mx\/portal\/eu-miles-protestan-pacificamente-contra-trump-bajo-fuerte-vigilancia-policiaca-la-silla-rota\/","title":{"rendered":"EU: Miles protestan pac\u00edficamente contra Trump bajo fuerte vigilancia policiaca | La Silla Rota"},"content":{"rendered":"\n<h2 class=\"wp-block-heading\">Las movilizaciones contra las pol\u00edticas del gobierno fueron pac\u00edficas en la mayor\u00eda de las ciudades, sin embargo, en Los \u00c1ngeles la polic\u00eda a caballo carg\u00f3 contra la multitud y agentes anti disturbios lanzaron gas pimienta y balas de goma contra los manifestantes<\/h2>\n\n\n\n<figure class=\"wp-block-image\"><img decoding=\"async\" src=\"https:\/\/lasillarota.com\/u\/fotografias\/m\/2025\/6\/14\/f804x452-748464_800397_4932.jpg\" alt=\"\"\/><figcaption class=\"wp-element-caption\"><em>Cr\u00e9ditos: EFE<\/em><\/figcaption><\/figure>\n\n\n\n<figure class=\"wp-block-image\"><img decoding=\"async\" src=\"https:\/\/lasillarota.com\/u\/fotografias\/m\/2025\/6\/14\/f804x452-748463_800396_5050.jpg\" alt=\"\"\/><figcaption class=\"wp-element-caption\"><em>Cr\u00e9ditos: EFE<\/em><\/figcaption><\/figure>\n\n\n\n<p><\/p>\n\n\n\n<p><a href=\"https:\/\/lasillarota.com\/autor\/jorge-cisneros.html\"><\/a><\/p>\n\n\n\n<p class=\"has-vivid-red-color has-text-color has-link-color has-medium-font-size wp-elements-c41d04f53f66a1aacd1a02d8b744a7a8\"><strong><a href=\"https:\/\/lasillarota.com\/autor\/jorge-cisneros.html\">Por\u00a0JORGE CISNEROS<\/a> \/ La Silla Rota<\/strong><\/p>\n\n\n\n<p>Decenas de&nbsp;<strong>miles<\/strong>&nbsp;de personas&nbsp;<a href=\"https:\/\/lasillarota.com\/temas\/protestas-en-eu-47730.html\" target=\"_blank\" rel=\"noreferrer noopener\">salieron a las calles<\/a>&nbsp;este s\u00e1bado por todo Estados Unidos para manifestarse&nbsp;contra el&nbsp;<strong>\u201cautoritarismo\u201d<\/strong>&nbsp;del presidente&nbsp;<a href=\"https:\/\/lasillarota.com\/temas\/donald-trump-433.html\" target=\"_blank\" rel=\"noreferrer noopener\"><strong>Donald Trump<\/strong><\/a>&nbsp;&nbsp;y defender los derechos de las personas migrantes tras las recientes redadas que sacudieron Los \u00c1ngeles.<\/p>\n\n\n\n<p>Las manifestaciones fueron convocadas en casi 2,000 ciudades y&nbsp;tuvieron lugar bajo el lema \u201cNo Kings\u201d (No a los reyes), en referencia a la renuencia del gobierno a respetar las \u00f3rdenes de jueces que contradicen sus pol\u00edticas; las movilizaciones transcurrieron&nbsp;de manera pac\u00edfica; sin embargo, en&nbsp;<a href=\"https:\/\/lasillarota.com\/mundo\/2025\/6\/11\/toque-de-queda-en-los-angeles-que-es-para-que-sirve-cuando-se-ha-aplicado-en-eu-540457.html\" target=\"_blank\" rel=\"noreferrer noopener\"><strong>Los \u00c1ngeles<\/strong><\/a>&nbsp;las protesta&nbsp;que hab\u00eda sido tranquila se volvi\u00f3 ca\u00f3tica cuando la polic\u00eda a caballo carg\u00f3 contra la multitud que se congreg\u00f3 frente a las puertas del Ayuntamiento del centro de la metr\u00f3polis californiana.<\/p>\n\n\n\n<p>Los agentes comenzaron a\u00a0lanzar<strong>\u00a0gas lacrim\u00f3geno<\/strong>\u00a0y<strong>\u00a0balas de goma<\/strong>\u00a0contra los personas que participan en la movilizaci\u00f3n\u00a0haciendo que manifestantes, vendedores de hot dogs y peatones huyeran por la calle. Algunos se reagruparon, ignorando una orden de dispersi\u00f3n de la polic\u00eda de Los \u00c1ngeles.<\/p>\n\n\n\n<h3 class=\"wp-block-heading\">Te podr\u00eda interesar<\/h3>\n\n\n\n<ul class=\"wp-block-list\">\n<li><a href=\"https:\/\/lasillarota.com\/mundo\/2025\/6\/14\/gavin-newsom-el-democrata-que-emerge-como-desafiante-de-trump-540404.html\"><em>PERFIL<\/em>Gavin Newsom: el dem\u00f3crata que emerge como desafiante de Trump<\/a><\/li>\n\n\n\n<li><a href=\"https:\/\/lasillarota.com\/mundo\/2025\/6\/14\/si-amenazas-eu-nuestros-soldados-iran-tras-de-ti-advierte-trump-en-desfile-del-ejercito-540849.html\"><em>Donald Trump<\/em>\u201cSi amenazas a EU, nuestros soldados ir\u00e1n tras de ti\u201d, advierte Trump en desfile del ej\u00e9rcito<\/a><\/li>\n<\/ul>\n\n\n\n<p>Los participantes en la manifestaci\u00f3n recibieron mensajes de textos en los que se les avisaba que la reuni\u00f3n se declar\u00f3 ilegal para que desalojaran la zona.h<\/p>\n\n\n\n<p>Polic\u00edas antimotines enviados por el condado de Ventura lanzaron gas pimienta contra los manifestantes para dispersarlos del centro de la ciudad y cerraron las calles que dan acceso a la zona con el objetivo de confinar a los participantes en la marcha y desalojarlos con mayor facilidad.&nbsp;<\/p>\n\n\n\n<h3 class=\"wp-block-heading\">Te podr\u00eda interesar<\/h3>\n\n\n\n<ul class=\"wp-block-list\">\n<li><a href=\"https:\/\/lasillarota.com\/mundo\/2025\/6\/13\/trump-da-marcha-atras-redadas-en-sectores-clave-para-la-economia-de-eu-540929.html\"><em>Crisis migratoria<\/em>Trump da marcha atr\u00e1s a redadas en sectores clave para la econom\u00eda de EU<\/a><\/li>\n<\/ul>\n\n\n\n<p>De acuerdo con Los Angeles Times se estima las asistencia de\u00a030,000 personas en una protesta\u00a0pac\u00edfica al grito de \u00abNo al ICE\u00bb, el Servicio de Inmigraci\u00f3n y Control de Aduanas a cargo de las redadas contra migrantes, y con el despliegue de una enorme pancarta que rezaba el Pre\u00e1mbulo de la Constituci\u00f3n de Estados Unidos.<\/p>\n\n\n\n<figure class=\"wp-block-embed is-type-rich is-provider-twitter wp-block-embed-twitter\"><div class=\"wp-block-embed__wrapper\">\nhttps:\/\/twitter.com\/lasillarota\/status\/1934040286579020055?ref_src=twsrc%5Etfw%7Ctwcamp%5Etweetembed%7Ctwterm%5E1934040286579020055%7Ctwgr%5E209427704fe19c6ec9cf3d8a053051c8f8d65882%7Ctwcon%5Es1_c10&#038;ref_url=https%3A%2F%2Fd-11955220572794482396.ampproject.net%2F2505300108000%2Fframe.html\n<\/div><\/figure>\n\n\n\n<p>\u00abEstamos aqu\u00ed para demostrar que luchamos por los derechos humanos, econ\u00f3micos y sociales, y civiles. Luchamos por los derechos de las mujeres y de los ni\u00f1os. Luchamos por el derecho a la salud y a la vivienda\u00bb, dijo a EFE Bernie, uno de los miles de asistentes a la marcha.<\/p>\n\n\n\n<h2 class=\"wp-block-heading\">Arrestos y una persona herida&nbsp;en Utah&nbsp;<\/h2>\n\n\n\n<p>Una persona result\u00f3 herida despu\u00e9s de que se desatara un tiroteo durante la movilizaci\u00f3n del \u201cNo Kings\u201d&nbsp;en el centro de Salt Lake City, informaron las autoridades.<\/p>\n\n\n\n<p>La polic\u00eda de Salt Lake City inform\u00f3 en su cuenta de X,&nbsp;que la v\u00edctima fue trasladada a un hospital y su estado de salud es grave. En tanto, los&nbsp;agentes est\u00e1n investigando el incidente y dijeron que tienen a una persona&nbsp;bajo custodia.<\/p>\n\n\n\n<p>La marcha Salt Lake City, Utha por las pol\u00edtica migratoria de Trump reuni\u00f3\u00a0a unas 10,000 personas.<\/p>\n\n\n\n<p>Mientras que en Los \u00c1ngeles decenas de personas fueron detenidas por no respetar el toque de queda que inicia a&nbsp;las 8:00 p.m. hasta las 6:00 a.m.<\/p>\n\n\n\n<h2 class=\"wp-block-heading\">Miles protestan en todo el pa\u00eds&nbsp;<\/h2>\n\n\n\n<p>Las multitudinarias protestas, convocadas en casi dos mil ciudades de&nbsp;<a href=\"https:\/\/lasillarota.com\/temas\/estados-unidos-1126.html\" target=\"_blank\" rel=\"noreferrer noopener\">Estados Unidos<\/a>&nbsp;y que tuvieron lugar bajo el lema \u201c<strong>D\u00eda sin Reyes<\/strong>\u201d, ten\u00edan como uno de sus objetivos eclipsar el&nbsp;<strong>desfile<\/strong>&nbsp;<strong>militar<\/strong>&nbsp;que se celebra este s\u00e1bado en Washington D.C. para conmemorar el 250 aniversario de las Fuerzas Armadas del pa\u00eds.<\/p>\n\n\n\n<p>Este acto coincide,&nbsp;con el cumplea\u00f1os n\u00famero 79 de&nbsp;<strong>Trump<\/strong>, quien se enfrenta al descontento de buena parte de la opini\u00f3n p\u00fablica por las redadas contra migrantes que tambi\u00e9n han desatado concentraciones y disturbios en&nbsp;ciudades como&nbsp;<strong>Los \u00c1ngeles<\/strong>, a la que&nbsp;el republicano envi\u00f3 a la&nbsp;<strong>Guardia Nacional<\/strong>.<\/p>\n\n\n\n<h2 class=\"wp-block-heading\">Las redadas de ICE, en el foco de las protestas<\/h2>\n\n\n\n<p>Pese a que este viernes el Gobierno paus\u00f3 su campa\u00f1a de&nbsp;<strong>redadas<\/strong>&nbsp;a discreci\u00f3n contra migrantes en determinados \u00e1mbitos, como los sectores de la&nbsp;<strong>agricultura<\/strong>, restaurantes y hoteles, la mayor\u00eda de manifestantes centr\u00f3 sus c\u00e1nticos contra el Servicio de Control de Inmigraci\u00f3n y Aduanas (ICE).<\/p>\n\n\n\n<p>En&nbsp;<strong>Nueva York<\/strong>, la intensa lluvia no impidi\u00f3 que unas 50 mil&nbsp;personas ocuparan la famosa&nbsp;<strong>Quinta Avenida<\/strong>, cerrada al tr\u00e1fico por la polic\u00eda, coreando consignas como \u201c\u00a1No ICE, no Ku Klux Klan, no fascistas!\u201d o \u201c\u00bfC\u00f3mo deletreas &#8216;fascista&#8217;? \u00a1I-C-E!\u201d (en referencia a las iniciales del Servicio de Inmigraci\u00f3n y Aduanas), y con banderas palestinas, estadounidenses y LGTBI, entre otras.<\/p>\n\n\n\n<p>\u201cLa principal preocupaci\u00f3n ahora son las&nbsp;<strong>redadas<\/strong>&nbsp;de ICE. Se est\u00e1n saltando todos los procesos legales para deportar inmigrantes, est\u00e1n se\u00f1alando a personas solo por su raza\u201d, expres\u00f3 a&nbsp;<strong>EFE<\/strong>&nbsp;Michael, de 27 a\u00f1os y residente en la Gran Manzana.<\/p>\n\n\n\n<p>En&nbsp;<strong>Los \u00c1ngeles<\/strong>, decenas de miles de personas salieron a las calles con banderas mexicanas en mano para protestar contra las redadas&nbsp;<strong>migratorias<\/strong>&nbsp;de Trump, que all\u00ed desencadenaron protestas y detenciones esta semana.<\/p>\n\n\n\n<p>A las puertas del Ayuntamiento del centro de la ciudad, la multitud, una de las m\u00e1s grandes de la jornada de hoy, se congreg\u00f3 al grito de \u201c<strong>No ICE<\/strong>\u201d y despleg\u00f3 una enorme pancarta de la Constituci\u00f3n.<\/p>\n\n\n\n<p>Se estima que unas 30 mil&nbsp;personas asistieron a esta masiva protesta en la que no hubo incidentes de violencia.<\/p>\n\n\n\n<p>Por otro lado, miles de personas se reunieron&nbsp;en West Palm Beach (<strong>Florida<\/strong>), donde se encuentra la residencia de Mar-a-Lago, para manifestarse contra su vecino m\u00e1s famoso, el&nbsp;<strong>presidente<\/strong>&nbsp;Donald Trump.<\/p>\n\n\n\n<p>El rechazo al autoritarismo y las llamadas a proteger la democracia estuvieron presentes durante esta protesta&nbsp;<strong>pac\u00edfica<\/strong>, que cont\u00f3 con observadores de grupos humanitarios para constatar que no se violen sus derechos y en la que se gritaron consignas en favor de los inmigrantes, la comunidad LGTBI, Ucrania y Palestina, entre otras.<\/p>\n\n\n\n<p>En&nbsp;<strong>Austin<\/strong>, capital de Texas, el Capitolio estatal, sede de la legislatura, fue evacuado hoy ante una amenaza \u201ccre\u00edble\u201d a los congresistas que planeaban participar en la protesta, que&nbsp;est\u00e1 prevista para las cinco de la tarde, hora local<\/p>\n\n\n\n<p>En<strong>&nbsp;Chicago<\/strong>&nbsp;unas 20 mil personas se reunieron en la manifestaci\u00f3n, que dio inicio&nbsp;con un minuto de silencio por el asesinato de la legisladora estatal por Minnesota,&nbsp;<strong>Melissa Hortman<\/strong>, del Partido Dem\u00f3crata, y su marido, en lo que parece ser \u201cun acto de violencia pol\u00edtica\u201d, tal y como describi\u00f3 el gobernador del estado,&nbsp;<strong>Tim Walz<\/strong>.<\/p>\n\n\n\n<p>El presunto asesino de Hortman hab\u00eda atacado antes al senador estatal John Hoffman, tambi\u00e9n de Minnesota, y a su mujer, que tras someterse a una cirug\u00eda reciben ahora atenci\u00f3n sanitaria.<\/p>\n\n\n\n<figure class=\"wp-block-embed is-type-rich is-provider-twitter wp-block-embed-twitter\"><div class=\"wp-block-embed__wrapper\">\nhttps:\/\/twitter.com\/azucenau\/status\/1934094261097583017?ref_src=twsrc%5Etfw%7Ctwcamp%5Etweetembed%7Ctwterm%5E1934094261097583017%7Ctwgr%5E08041cb0088987e2abf85584e28b17f02344e051%7Ctwcon%5Es1_c10&#038;ref_url=https%3A%2F%2Fd-11955220572794482396.ampproject.net%2F2505300108000%2Fframe.html\n<\/div><\/figure>\n\n\n\n<p>Mientras, unas 80 mil&nbsp;personas llenaron las calles de Filadelfia, ciudad considerada la cuna del movimiento independentista y de la democracia estadounidense, en una manifestaci\u00f3n a la que se uni\u00f3 Marthin Luther King III, el hijo mayor del difunto activista Martin Luther King Jr.&nbsp;<\/p>\n\n\n\n<p>El diario&nbsp;<strong>New York Times<\/strong>&nbsp;report\u00f3 que en Charlotte, Carolina del Norte, hay una&nbsp;<strong>manifestaci\u00f3n&nbsp;<\/strong>nutrida con presencia de contingentes de ciudadanos de M\u00e9xico y Venezuela.<\/p>\n\n\n\n<figure class=\"wp-block-image is-resized\"><img decoding=\"async\" src=\"https:\/\/admin.lasillarota.editor80.com\/u\/fotografias\/m\/2025\/6\/14\/f300x200-748402_756991_5050.jpg\" alt=\"\" style=\"width:750px;height:auto\"\/><figcaption class=\"wp-element-caption\">Manifestaciones en EU este s\u00e1bado 14 de junio de 2025: Redes<\/figcaption><\/figure>\n\n\n\n<p>En&nbsp;<strong>Minnesota&nbsp;<\/strong>se cancel\u00f3&nbsp;el evento que estaba programado para este s\u00e1bado debido al tiroteo que sufrieron legisladores legisladores dem\u00f3cratas: Melissa Hortman y su esposo (muertos);&nbsp;y John Hoffman y su esposa (lesionados en un hospital).<\/p>\n\n\n\n<h2 class=\"wp-block-heading\">\u201cNo Kings Day\u201d: las consignas en las protestas<\/h2>\n\n\n\n<p>Las&nbsp;<strong>protestas \u00abNo Kings\u00bb<\/strong>&nbsp;a lo largo de<strong>&nbsp;Estados Unidos<\/strong>&nbsp;han estado marcadas por diversas consignas que reflejan una profunda oposici\u00f3n al presidente&nbsp;<strong>Donald Trump<\/strong>&nbsp;y sus pol\u00edticas. El mensaje central del movimiento es la objeci\u00f3n a cualquier forma de autoritarismo, enfatizando que&nbsp;<strong>\u00abNo hay reyes en este pa\u00eds\u00bb<\/strong>, una idea que resuena con la fundaci\u00f3n de la naci\u00f3n.<\/p>\n\n\n\n<p>Los manifestantes han coreado frases como&nbsp;<strong>\u00abMu\u00e9strame c\u00f3mo es la democracia, as\u00ed es como se ve la democracia\u00bb&nbsp;<\/strong>y&nbsp;<strong>\u00abNo reyes, s\u00ed reinas\u00bb<\/strong>, especialmente en Filadelfia, una ciudad simb\u00f3lica por su papel en la Declaraci\u00f3n de Independencia. La esencia de la democracia, seg\u00fan los organizadores, es que&nbsp;<strong>\u00abel pueblo es gobernado, no por un rey, ni por un tirano, ni por la nobleza, sino por el pueblo\u00bb<\/strong>. Algunos, como Joseph Murphy en Washington, lucieron camisetas con la frase&nbsp;<strong>\u00abLibre de reyes desde 1776\u00bb<\/strong>.<\/p>\n\n\n\n<p>La ira y la preocupaci\u00f3n por la direcci\u00f3n del pa\u00eds tambi\u00e9n se manifestaron en consignas como&nbsp;<strong>\u00abMi rabia supera a mi miedo\u00bb<\/strong>. Las pol\u00edticas de inmigraci\u00f3n de la administraci\u00f3n Trump fueron un punto clave de contenci\u00f3n. Manifestantes en Chicago corearon&nbsp;<strong>\u00abSin odio, sin miedo, los inmigrantes son bienvenidos aqu\u00ed\u00bb<\/strong>, mientras que en Houston se vieron pancartas que dec\u00edan&nbsp;<strong>\u00abNing\u00fan hijo de Dios es ilegal\u00bb<\/strong>.<\/p>\n\n\n\n<p>El desfile militar de Trump en Washington D.C. gener\u00f3 una fuerte condena, con grupos como \u00abRechaza el fascismo\u00bb marchando con carteles que dec\u00edan\u00a0<strong>\u00abNO AL DESFILE MILITAR FASCISTA DE TRUMP\u00bb y \u00abTRUMP DEBE IRSE YA\u00bb<\/strong>. Los\u00a0<strong>manifestantes\u00a0<\/strong>criticaron el desfile como un \u00abmal uso de fondos p\u00fablicos\u00bb, sugiriendo que el dinero deber\u00eda usarse para educaci\u00f3n, alimentaci\u00f3n o atenci\u00f3n m\u00e9dica. Un veterano de la Marina retirado se\u00f1al\u00f3 que los desfiles militares de esta naturaleza se ven en \u00abdictaduras\u00bb como Corea del Norte, China y Rusia, y que \u00abNosotros somos el pueblo de Estados Unidos de Am\u00e9rica\u00bb.<\/p>\n\n\n\n<figure class=\"wp-block-embed is-type-rich is-provider-twitter wp-block-embed-twitter\"><div class=\"wp-block-embed__wrapper\">\nhttps:\/\/twitter.com\/lasillarota\/status\/1933977421268525522?ref_src=twsrc%5Etfw%7Ctwcamp%5Etweetembed%7Ctwterm%5E1933977421268525522%7Ctwgr%5E64a39ed5d5bb8d068fb75052e830b622a5ea1fc1%7Ctwcon%5Es1_c10&#038;ref_url=https%3A%2F%2Fd-11955220572794482396.ampproject.net%2F2505300108000%2Fframe.html\n<\/div><\/figure>\n\n\n\n<p>El&nbsp;<strong>gobierno de EU<\/strong>&nbsp;prepar\u00f3 un desfile en Washington por el 250 aniversario de la fundaci\u00f3n del ej\u00e9rcito en el que se desplegar\u00e1n algunos de los equipos m\u00e1s sofisticados con los que cuenta, como los tanques Abrams.<\/p>\n\n\n\n<p>El desfile coincide con el cumplea\u00f1os del&nbsp;<strong>presidente Donald Trump<\/strong>, y las&nbsp;<strong>manifestaciones&nbsp;<\/strong>se enfocan no s\u00f3lo en&nbsp;<strong>protestar&nbsp;<\/strong>sino en quitar el foco del despliegue militar.<\/p>\n\n\n\n<h2 class=\"wp-block-heading\">Manifestaciones se extienden a M\u00e9xico<\/h2>\n\n\n\n<p>Un grupo de manifestantes convocado por la organizaci\u00f3n Democrats abroad marcha de la plaza Luis Cabrera, en la colonia Roma, hacia la embajada de Estados Unidos en M\u00e9xico. Portan carteles en los que se leen consignas como \u201cNo kings\u201d.<\/p>\n\n\n\n<p>Alrededor de las 12:30 de la tarde, la manifestaci\u00f3n, de unas 150 personas, lleg\u00f3 al camell\u00f3n de Paseo de la Reforma, frente a la embajada de EU en M\u00e9xico.<\/p>\n\n\n\n<figure class=\"wp-block-image\"><img decoding=\"async\" src=\"https:\/\/lasillarota.com\/u\/fotografias\/m\/2025\/6\/14\/f768x1-748432_748559_5050.jpeg\" alt=\"\"\/><\/figure>\n\n\n\n<p>VGB\/JCM<\/p>\n\n\n\n<p>Fuente: <a href=\"https:\/\/lasillarota.com\/mundo\/2025\/6\/14\/eu-miles-protestan-pacificamente-contra-trump-bajo-fuerte-vigilancia-policiaca-540961.html\">https:\/\/lasillarota.com\/mundo\/2025\/6\/14\/eu-miles-protestan-pacificamente-contra-trump-bajo-fuerte-vigilancia-policiaca-540961.html<\/a><\/p>\n","protected":false},"excerpt":{"rendered":"<p>Las movilizaciones contra las pol\u00edticas del gobierno fueron pac\u00edficas en la mayor\u00eda de las ciudades, sin embargo, en Los \u00c1ngeles [&hellip;]<\/p>\n","protected":false},"author":1,"featured_media":101240,"comment_status":"open","ping_status":"open","sticky":false,"template":"","format":"standard","meta":{"site-sidebar-layout":"default","site-content-layout":"","ast-site-content-layout":"default","site-content-style":"default","site-sidebar-style":"default","ast-global-header-display":"","ast-banner-title-visibility":"","ast-main-header-display":"","ast-hfb-above-header-display":"","ast-hfb-below-header-display":"","ast-hfb-mobile-header-display":"","site-post-title":"","ast-breadcrumbs-content":"","ast-featured-img":"","footer-sml-layout":"","theme-transparent-header-meta":"","adv-header-id-meta":"","stick-header-meta":"","header-above-stick-meta":"","header-main-stick-meta":"","header-below-stick-meta":"","astra-migrate-meta-layouts":"default","ast-page-background-enabled":"default","ast-page-background-meta":{"desktop":{"background-color":"var(--ast-global-color-4)","background-image":"","background-repeat":"repeat","background-position":"center center","background-size":"auto","background-attachment":"scroll","background-type":"","background-media":"","overlay-type":"","overlay-color":"","overlay-opacity":"","overlay-gradient":""},"tablet":{"background-color":"","background-image":"","background-repeat":"repeat","background-position":"center center","background-size":"auto","background-attachment":"scroll","background-type":"","background-media":"","overlay-type":"","overlay-color":"","overlay-opacity":"","overlay-gradient":""},"mobile":{"background-color":"","background-image":"","background-repeat":"repeat","background-position":"center center","background-size":"auto","background-attachment":"scroll","background-type":"","background-media":"","overlay-type":"","overlay-color":"","overlay-opacity":"","overlay-gradient":""}},"ast-content-background-meta":{"desktop":{"background-color":"var(--ast-global-color-5)","background-image":"","background-repeat":"repeat","background-position":"center center","background-size":"auto","background-attachment":"scroll","background-type":"","background-media":"","overlay-type":"","overlay-color":"","overlay-opacity":"","overlay-gradient":""},"tablet":{"background-color":"var(--ast-global-color-5)","background-image":"","background-repeat":"repeat","background-position":"center center","background-size":"auto","background-attachment":"scroll","background-type":"","background-media":"","overlay-type":"","overlay-color":"","overlay-opacity":"","overlay-gradient":""},"mobile":{"background-color":"var(--ast-global-color-5)","background-image":"","background-repeat":"repeat","background-position":"center center","background-size":"auto","background-attachment":"scroll","background-type":"","background-media":"","overlay-type":"","overlay-color":"","overlay-opacity":"","overlay-gradient":""}},"footnotes":""},"categories":[8],"tags":[20162,37201,39262],"class_list":["post-101239","post","type-post","status-publish","format-standard","has-post-thumbnail","hentry","category-noticias","tag-ice","tag-protestas-vs-trump","tag-redadas-migrantes"],"_links":{"self":[{"href":"https:\/\/losperiodistas.com.mx\/portal\/wp-json\/wp\/v2\/posts\/101239","targetHints":{"allow":["GET"]}}],"collection":[{"href":"https:\/\/losperiodistas.com.mx\/portal\/wp-json\/wp\/v2\/posts"}],"about":[{"href":"https:\/\/losperiodistas.com.mx\/portal\/wp-json\/wp\/v2\/types\/post"}],"author":[{"embeddable":true,"href":"https:\/\/losperiodistas.com.mx\/portal\/wp-json\/wp\/v2\/users\/1"}],"replies":[{"embeddable":true,"href":"https:\/\/losperiodistas.com.mx\/portal\/wp-json\/wp\/v2\/comments?post=101239"}],"version-history":[{"count":1,"href":"https:\/\/losperiodistas.com.mx\/portal\/wp-json\/wp\/v2\/posts\/101239\/revisions"}],"predecessor-version":[{"id":101241,"href":"https:\/\/losperiodistas.com.mx\/portal\/wp-json\/wp\/v2\/posts\/101239\/revisions\/101241"}],"wp:featuredmedia":[{"embeddable":true,"href":"https:\/\/losperiodistas.com.mx\/portal\/wp-json\/wp\/v2\/media\/101240"}],"wp:attachment":[{"href":"https:\/\/losperiodistas.com.mx\/portal\/wp-json\/wp\/v2\/media?parent=101239"}],"wp:term":[{"taxonomy":"category","embeddable":true,"href":"https:\/\/losperiodistas.com.mx\/portal\/wp-json\/wp\/v2\/categories?post=101239"},{"taxonomy":"post_tag","embeddable":true,"href":"https:\/\/losperiodistas.com.mx\/portal\/wp-json\/wp\/v2\/tags?post=101239"}],"curies":[{"name":"wp","href":"https:\/\/api.w.org\/{rel}","templated":true}]}}