{"id":101230,"date":"2025-06-14T17:33:25","date_gmt":"2025-06-14T23:33:25","guid":{"rendered":"https:\/\/losperiodistas.com.mx\/portal\/?p=101230"},"modified":"2025-06-14T17:33:26","modified_gmt":"2025-06-14T23:33:26","slug":"morante-convierte-a-salamanca-en-un-manicomio-corta-un-rabo-a-un-toro-de-garcigrande-mundotoro","status":"publish","type":"post","link":"https:\/\/losperiodistas.com.mx\/portal\/morante-convierte-a-salamanca-en-un-manicomio-corta-un-rabo-a-un-toro-de-garcigrande-mundotoro\/","title":{"rendered":"Morante convierte a Salamanca en un manicomio: corta un rabo a un toro de Garcigrande | Mundotoro"},"content":{"rendered":"\n<h2 class=\"wp-block-heading\">Marco P\u00e9rez cort\u00f3 dos orejas en su presentaci\u00f3n como matador de toros en su tierra y acompa\u00f1\u00f3 al genio de La Puebla a hombros<\/h2>\n\n\n\n<figure class=\"wp-block-image size-large\"><img fetchpriority=\"high\" decoding=\"async\" width=\"1024\" height=\"627\" src=\"https:\/\/losperiodistas.com.mx\/portal\/wp-content\/uploads\/2025\/06\/Captura-de-pantalla-2025-06-14-a-las-5.30.42\u202fp.m-1024x627.png\" alt=\"\" class=\"wp-image-101231\" srcset=\"https:\/\/losperiodistas.com.mx\/portal\/wp-content\/uploads\/2025\/06\/Captura-de-pantalla-2025-06-14-a-las-5.30.42\u202fp.m-1024x627.png 1024w, https:\/\/losperiodistas.com.mx\/portal\/wp-content\/uploads\/2025\/06\/Captura-de-pantalla-2025-06-14-a-las-5.30.42\u202fp.m-300x184.png 300w, https:\/\/losperiodistas.com.mx\/portal\/wp-content\/uploads\/2025\/06\/Captura-de-pantalla-2025-06-14-a-las-5.30.42\u202fp.m-768x470.png 768w, https:\/\/losperiodistas.com.mx\/portal\/wp-content\/uploads\/2025\/06\/Captura-de-pantalla-2025-06-14-a-las-5.30.42\u202fp.m.png 1500w\" sizes=\"(max-width: 1024px) 100vw, 1024px\" \/><figcaption class=\"wp-element-caption\"><a href=\"https:\/\/videos.toromedia.com\/w\/dhqEa7V3cSdD7Mk3SZQ1Gw\">VIDEO<\/a><\/figcaption><\/figure>\n\n\n\n<p class=\"has-vivid-red-color has-text-color has-link-color has-medium-font-size wp-elements-3f7aecbd933e01eaa6c88fbe4f0e87ec\"><strong>Por\u00a0<a href=\"https:\/\/www.mundotoro.com\/noticia\/author\/mundotoro\">Mundotoro<\/a><\/strong><\/p>\n\n\n\n<p><strong>La Glorieta<\/strong>&nbsp;ha vivido una de esas tardes que se recordar\u00e1n. Una p\u00e1gina de para la historia del toreo y de esta plaza. Una o m\u00e1s, gracias a&nbsp;<strong>Morante de la Puebla<\/strong>&nbsp;y a la presentaci\u00f3n de&nbsp;<strong>Marco P\u00e9rez<\/strong>&nbsp;en su tierra, que se sald\u00f3 con una doble&nbsp;<strong>Puerta Grande<\/strong>&nbsp;y, por encima de todo, con una obra cumbre de&nbsp;<strong>Morante de la Puebla<\/strong>&nbsp;a un gran toro de&nbsp;<strong>Garcigrande<\/strong>&nbsp;premiado con la vuelta al ruedo. Una faena tremenda de todo. Una obra incalificable por todo. Historia de&nbsp;<strong>Morante,&nbsp;<\/strong>que vive un momento dulce. Un rabo que pasa a la historia de&nbsp;<strong>Salamanca&nbsp;<\/strong>y del toreo. Ser\u00eda replica de&nbsp;<strong>Marco,<\/strong>&nbsp;que tir\u00f3 de car\u00e1cter y fondo para cortar dos orejas al sexto, habiendo perdido alguna m\u00e1s por la espada en los toros anteriores. A hombros los dos.<\/p>\n\n\n\n<p><strong>Morante de la Puebla&nbsp;<\/strong>firm\u00f3 una faena antol\u00f3gica&nbsp;en&nbsp;<strong>La Glorieta.<\/strong>&nbsp;Una locura la plaza frente al toreo con el capote de&nbsp;<strong>Morante,&nbsp;<\/strong>que recibi\u00f3 al quinto con unos recortes de rodillas y unas ver\u00f3nicas y chicuelinas que pusieron a&nbsp;<strong>Salamanca<\/strong>&nbsp;en pie. El inicio de faena fue cumbre, con las dos rodillas en tierra y unos ayudados por alto que hicieron rugir al coso salmantino. Inspiraci\u00f3n, entrega, hondura y rotundidad. Extraordinario todo. El modo, el estilo, el sitio. El toreo por ambas manos. La puesta en escena. Toro excelente de&nbsp;<strong>Garcigrande<\/strong>&nbsp;y una obra sobresaliente de un genio que tore\u00f3 a c\u00e1mara lenta, ralentizando las embestidas de un gran animal. Los naturales inmensos de todo: una oda al arte de torear. Estocada. Dos orejas y rabo y vuelta al ruedo al toro de&nbsp;<strong>Garcigrande.<\/strong><\/p>\n\n\n\n<p><strong>Marco<\/strong>&nbsp;recibi\u00f3 al sexto de&nbsp;<strong>Garc\u00eda Jim\u00e9nez<\/strong>&nbsp;con ver\u00f3nicas rodilla en tierra y galle\u00f3 con el capote a la espalda para llevar al toro al caballo. A continuaci\u00f3n un quite sensacional: en el centro del ruedo toreando a una mano con el capote para poner la plaza boca abajo. La faena de muleta del salmantino fue relevante por el car\u00e1cter, la ligaz\u00f3n y la entereza de tirar hacia adelante a un toro de buena condici\u00f3n que no siempre se entreg\u00f3 por abajo.&nbsp;<strong>Marco P\u00e9rez<\/strong>&nbsp;tir\u00f3 de raza, de temple y tuvo la inteligencia de apretar a su oponente hasta redondear una faena de nota. El toreo al natural, asentado y hondo. Unas luquecinas finales cautivaron a un p\u00fablico entregado a tanta verdad. Cort\u00f3 2 orejas tras un pinchazo y una estocada. Replica de categor\u00eda de&nbsp;<strong>Marco P\u00e9rez<\/strong>&nbsp;a la hist\u00f3rica obra de&nbsp;<strong>Morante.&nbsp;<\/strong><\/p>\n\n\n\n<p><strong>Morante<\/strong>&nbsp;se luci\u00f3 con el capote por ver\u00f3nicas y replic\u00f3&nbsp;<strong>Marco<\/strong>&nbsp;muy lucido. El de&nbsp;<strong>El Puerto de San Lorenzo<\/strong>&nbsp;result\u00f3 ser un toro noble pero manso y siempre suelto al que&nbsp;<strong>Morante<\/strong>&nbsp;tore\u00f3 con tanta sutilidad como buen gusto, en una labor de exquisiteces muy caras. Orfebrer\u00eda de&nbsp;<strong>Morante<\/strong>&nbsp;que hubiera cortado una oreja de acertar con la espada. Ovaci\u00f3n.<\/p>\n\n\n\n<p><strong>Marco P\u00e9rez<\/strong>&nbsp;se present\u00f3 en&nbsp;<strong>Salamanca<\/strong>&nbsp;con un toro que no ayud\u00f3 nada y se rebrinc\u00f3 en exceso, del hierro de&nbsp;<strong>Garcigrande.<\/strong>&nbsp;No le dio opciones de triunfo al salmantino, que abri\u00f3 faena con dos pases cambiados. Expuso mucho&nbsp;<strong>Marco<\/strong>&nbsp;en una labor muy comprometida y pisando con autoridad el terreno minado. Por encima de un ejemplar deslucido. Palmas.<\/p>\n\n\n\n<p>Un gran inicio de faena por ayudados por alto y destellos sueltos fue lo \u00fanico que pudo hacer&nbsp;<strong>Morante de la Puebla<\/strong>&nbsp;frente al tercero de&nbsp;<strong>Garc\u00eda Jim\u00e9nez<\/strong>&nbsp;que result\u00f3 ser un ejemplar deslucido y carente de fondo alguno.&nbsp;<strong>Morante<\/strong>&nbsp;acab\u00f3 abreviando por las condiciones de su oponente. Silencio<\/p>\n\n\n\n<p><strong>Marco P\u00e9rez<\/strong>&nbsp;marra con la espada una faena llena de argumentos frente a un toro noble pero carente de clase de&nbsp;<strong>El Puerto.<\/strong>&nbsp;El salmantino acert\u00f3 a templar y tirar hacia adelante la embestida de su oponente a base de pulso, firmeza y seguridad. Una combinaci\u00f3n de inteligencia y capacidad, con un final brillante en un cambio de mano que puso la plaza en pie. La espada silenci\u00f3 el reconocimiento.<\/p>\n\n\n\n<h3 class=\"wp-block-heading\">Ficha del Festejo:<\/h3>\n\n\n\n<p><img decoding=\"async\" src=\"https:\/\/www.mundotoro.com\/wp-content\/uploads\/2015\/04\/el-puerto-de-san-lorenzo.png\" alt=\"Hierro de El Puerto de San Lorenzo - Espa\u00f1a\" width=\"63\" height=\"82\"><img decoding=\"async\" src=\"https:\/\/www.mundotoro.com\/wp-content\/uploads\/2015\/04\/garcigrande.png\" alt=\"Hierro de Garcigrande - Espa\u00f1a\" width=\"63\" height=\"82\"><img loading=\"lazy\" decoding=\"async\" src=\"https:\/\/www.mundotoro.com\/wp-content\/uploads\/2015\/05\/garcia-jimenez.png\" alt=\"Hierro de Garc\u00eda Jim\u00e9nez - Espa\u00f1a\" width=\"63\" height=\"82\">Plaza de toros de&nbsp;<strong>La Glorieta, Salamanca<\/strong>. Corrida de toros en honor a la festividad de San Juan de Sahag\u00fan. M\u00e1s de tres cuartos de entrada.<strong>&nbsp;<\/strong>Toros de&nbsp;<strong>Puerto de San Lorenzo&nbsp;<\/strong>(1\u00ba y 4\u00ba),<strong>&nbsp;Garcigrande<\/strong>&nbsp;(2\u00ba y 5\u00ba), y&nbsp;<strong>Hnos. Garc\u00eda Jim\u00e9nez,&nbsp;<\/strong>variados de presentaci\u00f3n y desiguales de comportamiento, destacando el quinto de la tarde, un gran ejemplar de<strong>&nbsp;Garcigrande<\/strong>, premiado con la vuelta al ruedo.<\/p>\n\n\n\n<p>\u2022&nbsp;<strong>MORANTE DE LA PUEBLA,&nbsp;<\/strong>ovaci\u00f3n, silencio y dos orejas y rabo<\/p>\n\n\n\n<p>\u2022&nbsp;<strong>MARCO P\u00c9REZ,&nbsp;<\/strong>palmas, silencio y dos orejas<\/p>\n\n\n\n<p><em>Incidencias:<\/em>&nbsp;<strong>Morante<\/strong>&nbsp;y&nbsp;<strong>Marco<\/strong>&nbsp;saludaron una ovaci\u00f3n en el tercio con el p\u00fablico de La&nbsp;<strong>Glorieta<\/strong>&nbsp;puesta en pie.<\/p>\n\n\n\n<p>Fuente: <a href=\"https:\/\/www.mundotoro.com\/noticia\/morante-convierte-a-salamanca-en-un-manicomio-corta-un-rabo-a-un-toro-de-garcigrande\/1864490\">https:\/\/www.mundotoro.com\/noticia\/morante-convierte-a-salamanca-en-un-manicomio-corta-un-rabo-a-un-toro-de-garcigrande\/1864490<\/a><\/p>\n","protected":false},"excerpt":{"rendered":"<p>Marco P\u00e9rez cort\u00f3 dos orejas en su presentaci\u00f3n como matador de toros en su tierra y acompa\u00f1\u00f3 al genio de [&hellip;]<\/p>\n","protected":false},"author":1,"featured_media":101231,"comment_status":"open","ping_status":"open","sticky":false,"template":"","format":"standard","meta":{"site-sidebar-layout":"default","site-content-layout":"","ast-site-content-layout":"default","site-content-style":"default","site-sidebar-style":"default","ast-global-header-display":"","ast-banner-title-visibility":"","ast-main-header-display":"","ast-hfb-above-header-display":"","ast-hfb-below-header-display":"","ast-hfb-mobile-header-display":"","site-post-title":"","ast-breadcrumbs-content":"","ast-featured-img":"","footer-sml-layout":"","theme-transparent-header-meta":"","adv-header-id-meta":"","stick-header-meta":"","header-above-stick-meta":"","header-main-stick-meta":"","header-below-stick-meta":"","astra-migrate-meta-layouts":"default","ast-page-background-enabled":"default","ast-page-background-meta":{"desktop":{"background-color":"var(--ast-global-color-4)","background-image":"","background-repeat":"repeat","background-position":"center center","background-size":"auto","background-attachment":"scroll","background-type":"","background-media":"","overlay-type":"","overlay-color":"","overlay-opacity":"","overlay-gradient":""},"tablet":{"background-color":"","background-image":"","background-repeat":"repeat","background-position":"center center","background-size":"auto","background-attachment":"scroll","background-type":"","background-media":"","overlay-type":"","overlay-color":"","overlay-opacity":"","overlay-gradient":""},"mobile":{"background-color":"","background-image":"","background-repeat":"repeat","background-position":"center center","background-size":"auto","background-attachment":"scroll","background-type":"","background-media":"","overlay-type":"","overlay-color":"","overlay-opacity":"","overlay-gradient":""}},"ast-content-background-meta":{"desktop":{"background-color":"var(--ast-global-color-5)","background-image":"","background-repeat":"repeat","background-position":"center center","background-size":"auto","background-attachment":"scroll","background-type":"","background-media":"","overlay-type":"","overlay-color":"","overlay-opacity":"","overlay-gradient":""},"tablet":{"background-color":"var(--ast-global-color-5)","background-image":"","background-repeat":"repeat","background-position":"center center","background-size":"auto","background-attachment":"scroll","background-type":"","background-media":"","overlay-type":"","overlay-color":"","overlay-opacity":"","overlay-gradient":""},"mobile":{"background-color":"var(--ast-global-color-5)","background-image":"","background-repeat":"repeat","background-position":"center center","background-size":"auto","background-attachment":"scroll","background-type":"","background-media":"","overlay-type":"","overlay-color":"","overlay-opacity":"","overlay-gradient":""}},"footnotes":""},"categories":[8],"tags":[2746,39255,2745,39256],"class_list":["post-101230","post","type-post","status-publish","format-standard","has-post-thumbnail","hentry","category-noticias","tag-morante-de-la-puebla","tag-morante-rabo-en-salamanca","tag-tauromaquia","tag-toros-puerto-de-san-lorenzo"],"_links":{"self":[{"href":"https:\/\/losperiodistas.com.mx\/portal\/wp-json\/wp\/v2\/posts\/101230","targetHints":{"allow":["GET"]}}],"collection":[{"href":"https:\/\/losperiodistas.com.mx\/portal\/wp-json\/wp\/v2\/posts"}],"about":[{"href":"https:\/\/losperiodistas.com.mx\/portal\/wp-json\/wp\/v2\/types\/post"}],"author":[{"embeddable":true,"href":"https:\/\/losperiodistas.com.mx\/portal\/wp-json\/wp\/v2\/users\/1"}],"replies":[{"embeddable":true,"href":"https:\/\/losperiodistas.com.mx\/portal\/wp-json\/wp\/v2\/comments?post=101230"}],"version-history":[{"count":1,"href":"https:\/\/losperiodistas.com.mx\/portal\/wp-json\/wp\/v2\/posts\/101230\/revisions"}],"predecessor-version":[{"id":101232,"href":"https:\/\/losperiodistas.com.mx\/portal\/wp-json\/wp\/v2\/posts\/101230\/revisions\/101232"}],"wp:featuredmedia":[{"embeddable":true,"href":"https:\/\/losperiodistas.com.mx\/portal\/wp-json\/wp\/v2\/media\/101231"}],"wp:attachment":[{"href":"https:\/\/losperiodistas.com.mx\/portal\/wp-json\/wp\/v2\/media?parent=101230"}],"wp:term":[{"taxonomy":"category","embeddable":true,"href":"https:\/\/losperiodistas.com.mx\/portal\/wp-json\/wp\/v2\/categories?post=101230"},{"taxonomy":"post_tag","embeddable":true,"href":"https:\/\/losperiodistas.com.mx\/portal\/wp-json\/wp\/v2\/tags?post=101230"}],"curies":[{"name":"wp","href":"https:\/\/api.w.org\/{rel}","templated":true}]}}