{"id":101223,"date":"2025-06-14T10:49:37","date_gmt":"2025-06-14T16:49:37","guid":{"rendered":"https:\/\/losperiodistas.com.mx\/portal\/?p=101223"},"modified":"2025-06-14T11:35:04","modified_gmt":"2025-06-14T17:35:04","slug":"el-padre-marcelino-de-los-legionarios-de-cristo-abuso-de-las-ninas-durante-mes-y-medio-todos-los-dias-de-colegio-el-espanol","status":"publish","type":"post","link":"https:\/\/losperiodistas.com.mx\/portal\/el-padre-marcelino-de-los-legionarios-de-cristo-abuso-de-las-ninas-durante-mes-y-medio-todos-los-dias-de-colegio-el-espanol\/","title":{"rendered":"El padre Marcelino de los Legionarios de Cristo abus\u00f3 de las ni\u00f1as durante mes y medio \u00abtodos los d\u00edas\u00bb de colegio | El Espa\u00f1ol"},"content":{"rendered":"\n<h2 class=\"wp-block-heading has-light-green-cyan-background-color has-background\">Una de las ni\u00f1as narr\u00f3 a la juez estos episodios y le explic\u00f3 que \u00abse lo dec\u00eda a sus profesoras, pero no la cre\u00edan y pasaban de ella\u00bb. Esas dos maestras ahora han sido imputadas.<\/h2>\n\n\n\n<h2 class=\"wp-block-heading has-ast-global-color-4-background-color has-background has-medium-font-size\"><strong>M\u00e1s informaci\u00f3n:&nbsp;<\/strong><a href=\"https:\/\/www.elespanol.com\/madrid\/sociedad\/20250602\/ninas-colegio-moraleja-ratifican-jueza-abusos-marcelino-declaraciones-duras\/1003743784843_0.html?utm_cmp_rs=subtitle\">Dos ni\u00f1as del colegio de La Moraleja ratifican ante la jueza los abusos de Marcelino: \u00abHan sido declaraciones duras\u00bb<\/a><\/h2>\n\n\n\n<figure class=\"wp-block-image size-large\"><img fetchpriority=\"high\" decoding=\"async\" width=\"1024\" height=\"576\" src=\"https:\/\/losperiodistas.com.mx\/portal\/wp-content\/uploads\/2025\/06\/929418202_253731565_1706x960-1024x576.webp\" alt=\"\" class=\"wp-image-101224\" srcset=\"https:\/\/losperiodistas.com.mx\/portal\/wp-content\/uploads\/2025\/06\/929418202_253731565_1706x960-1024x576.webp 1024w, https:\/\/losperiodistas.com.mx\/portal\/wp-content\/uploads\/2025\/06\/929418202_253731565_1706x960-300x169.webp 300w, https:\/\/losperiodistas.com.mx\/portal\/wp-content\/uploads\/2025\/06\/929418202_253731565_1706x960-768x432.webp 768w, https:\/\/losperiodistas.com.mx\/portal\/wp-content\/uploads\/2025\/06\/929418202_253731565_1706x960-1536x864.webp 1536w, https:\/\/losperiodistas.com.mx\/portal\/wp-content\/uploads\/2025\/06\/929418202_253731565_1706x960.webp 1706w\" sizes=\"(max-width: 1024px) 100vw, 1024px\" \/><figcaption class=\"wp-element-caption\">Marcelino, el cura detenido por agresi\u00f3n a una menor.\u00a0Highlands El Encinar<\/figcaption><\/figure>\n\n\n\n<p class=\"has-vivid-red-color has-text-color has-link-color has-medium-font-size wp-elements-454331a67cf92500435751f01e428076\"><strong><a href=\"https:\/\/www.elespanol.com\/autor\/jesus-soler\/?utm_cmp_rs=authorpage\">Jes\u00fas Soler<\/a><a href=\"https:\/\/www.elespanol.com\/autor\/brais_cedeira\/?utm_cmp_rs=authorpage\"> \/ Brais Cedeira<\/a> \/ El Espa\u00f1ol<\/strong><\/p>\n\n\n\n<p id=\"paragraph_1\">El padre Marcelino abusaba de varias ni\u00f1as de seis a\u00f1os en el colegio&nbsp;Highlands El Encinar de La Moraleja \u00abtodos los d\u00edas de la semana menos s\u00e1bados y domingos desde febrero a mitad de marzo\u00bb&nbsp;seg\u00fan la declaraci\u00f3n de una de las v\u00edctimas, recogida por la juez&nbsp;<a href=\"https:\/\/www.elespanol.com\/madrid\/sociedad\/20250308\/policia-investiga-denuncias-ninos-capellan-colegio-legionarios-cristo-abusos-sexuales\/929657044_0.html?utm_cmp_rs=linksinline\"><strong>Susana Trujillano<\/strong><\/a>&nbsp;en su auto.<\/p>\n\n\n\n<p id=\"paragraph_2\">En el citado documento, al que ha tenido acceso&nbsp;<strong><a href=\"https:\/\/www.elespanol.com\/madrid\/?utm_cmp_rs=linksinline\" target=\"_blank\" rel=\"noreferrer noopener\"><em>Madrid Total,<\/em><\/a>&nbsp;<\/strong>la titular del Juzgado de Instrucci\u00f3n n\u00ba 7 de Madrid, indica que una de las v\u00edctimas le cont\u00f3 los abusos a dos profesoras, pero \u00abno la cre\u00edan y pasaban de ella\u00bb.<\/p>\n\n\n\n<p id=\"paragraph_3\">Por este motivo, la magistrada ha llamado a declarar a las dos profesoras&nbsp;<a href=\"https:\/\/www.elespanol.com\/madrid\/sociedad\/20250315\/victimas-cura-moraleja-contaron-abusos-profesoras-colegio-dijeron-no-pasa\/931157362_0.html?utm_cmp_rs=linksinline\"><strong>en calidad de investigadas<\/strong><\/a>&nbsp;en el caso y no como testigos, como inicialmente estaba previsto.<\/p>\n\n\n\n<figure class=\"wp-block-image\"><img decoding=\"async\" src=\"https:\/\/s1.elespanol.com\/2025\/03\/07\/madrid\/sociedad\/929418090_253728108_320x180.jpg\" alt=\"El colegio Highlands School El Encinar.\"\/><\/figure>\n\n\n\n<p><a href=\"https:\/\/www.elespanol.com\/madrid\/sociedad\/20250613\/imputadas-profesoras-colegio-cura-legionarios-cristo-conocian-abusos-ninas\/1003743803102_0.html?utm_cmp_rs=relatednewsinline\">Imputadas las dos profesoras del colegio del cura de los Legionarios de Cristo que conoc\u00edan los abusos a las ni\u00f1as<\/a><\/p>\n\n\n\n<p id=\"paragraph_4\">En el auto, tambi\u00e9n se recoge que no existen indicios racionales, en el momento de la instrucci\u00f3n, de que el ex director del colegio Highlands,&nbsp;<a href=\"https:\/\/www.elespanol.com\/madrid\/sociedad\/20250324\/director-colegio-legionarios-cristo-dimite-denuncias-agresion-sexual-parrocos\/933657107_0.html?utm_cmp_rs=linksinline\"><strong>Jes\u00fas Mar\u00eda Delgado<\/strong><\/a>, haya cometido ning\u00fan il\u00edcito penal.<\/p>\n\n\n\n<p id=\"paragraph_5\">Las dos docentes y el ex director del centro declarar\u00e1n en sede judicial el pr\u00f3ximo martes 17 de junio.<\/p>\n\n\n\n<p id=\"paragraph_6\">Lo har\u00e1n despu\u00e9s de que varias ni\u00f1as ya ratificaran ante la magistrada los abusos de Marcelino y afirmaran que el cura les dec\u00eda que si lo contaban a sus padres<strong>&nbsp;<a href=\"https:\/\/www.elespanol.com\/madrid\/sociedad\/20250603\/padre-marcelino-ninas-agredio-sexualmente-cuentas-alguien-padres-van-morir\/1003743785859_0.html?utm_cmp_rs=linksinline\">\u00abiban a morir\u00bb, tal y como public\u00f3 EL ESPA\u00d1OL en exclusiva.<\/a><\/strong><\/p>\n\n\n\n<p id=\"paragraph_7\">De hecho, una de las ni\u00f1as lleg\u00f3 a decirle a Marcelino que le hab\u00eda contado a una profesora<strong>&nbsp;los abusos y \u00e9l contest\u00f3 que nadie nunca las creer\u00eda.<\/strong><\/p>\n\n\n\n<figure class=\"wp-block-image\"><img decoding=\"async\" src=\"https:\/\/s1.elespanol.com\/2025\/03\/07\/madrid\/sociedad\/929418202_253731569_320x180.jpg\" alt=\"Marcelino, el cura detenido por agresi\u00f3n a una menor.\"\/><\/figure>\n\n\n\n<p><a href=\"https:\/\/www.elespanol.com\/madrid\/sociedad\/20250530\/nuevo-caso-abusos-sexuales-padre-marcelino-septima-nina-primaria-revela-sufrido-agresiones\/1003743783051_0.html?utm_cmp_rs=relatednewsinline\">Nuevo caso de abusos sexuales del padre Marcelino: una octava ni\u00f1a de primaria revela haber sufrido agresiones<\/a><\/p>\n\n\n\n<p id=\"paragraph_8\">Cuando declararon en sede judicial, las v\u00edctimas no solo se mantuvieron en su testimonio ante la jueza, sino que ampliaron la descripci\u00f3n de los abusos que ten\u00edan lugar en el recinto escolar.<\/p>\n\n\n\n<p id=\"paragraph_9\">Las ni\u00f1as manifestaron que el sacerdote las colocaba en c\u00edrculo, una siempre en el centro y las dem\u00e1s alrededor. Entonces&nbsp;<strong>\u00abel cura ven\u00eda y las tocaba por detr\u00e1s\u00bb.<\/strong><a href=\"https:\/\/www.elespanol.com\/madrid\/sociedad\/20250522\/colegio-cura-abusador-legionarios-monta-curso-sexualidad-victimas-dias-declaracion\/1003743768532_0.html?utm_cmp_rs=linksinline\"><strong><\/strong><\/a><\/p>\n\n\n\n<h3 class=\"wp-block-heading\">C\u00e1mara Gesell<\/h3>\n\n\n\n<p id=\"paragraph_10\">Todas las ni\u00f1as declararon dentro&nbsp;de una c\u00e1mara Gesell&nbsp;<strong>\u00abperfectamente habilitada, confortable\u00bb<\/strong>&nbsp;y en la que \u00abse han sentido seguras\u00bb para declarar en presencia \u00abde un psic\u00f3logo\u00bb, seg\u00fan relat\u00f3 su letrado,&nbsp;<a href=\"https:\/\/es.linkedin.com\/company\/fuster-fabra-abogados\" rel=\"noreferrer noopener\" target=\"_blank\"><strong>Juan Ignacio Fuster-Fabra.<\/strong><\/a><\/p>\n\n\n\n<p id=\"paragraph_11\">A la salida del juzgado, el abogado indic\u00f3 a los medios de comunicaci\u00f3n que las declaraciones de las menores fueron&nbsp;<strong>\u00ablargas y duras\u00bb<\/strong>: \u00abSe han hecho muchas preguntas y se han contestado todas, ha sido un relato muy claro y muy directo sobre lo que han vivido y lo que han sufrido\u00bb.<\/p>\n\n\n\n<p id=\"paragraph_12\">Cabe recordar que, de todos los casos de agresi\u00f3n denunciados, cinco de ellos est\u00e1n judicializados, por lo que es probable que la&nbsp;Unidad de Atenci\u00f3n a la Familia y Mujer&nbsp;(<strong>UFAM) de la Polic\u00eda Nacional,<\/strong>&nbsp;que lleva el caso, tenga que redactar nuevas diligencias.<\/p>\n\n\n\n<p id=\"paragraph_13\">De hecho, una octava ni\u00f1a de primaria relat\u00f3 el pasado viernes 30 de mayo haber sufrido agresiones por parte del excapell\u00e1n.<\/p>\n\n\n\n<figure class=\"wp-block-image\"><img decoding=\"async\" src=\"https:\/\/s1.elespanol.com\/2025\/03\/07\/madrid\/sociedad\/929418179_253730845_320x180.jpg\" alt=\"Marcelino de Andr\u00e9s, el cura arrestado por el presunto abuso a una menor alumna del colegio Highlands School El Encinar.\"\/><\/figure>\n\n\n\n<p><a href=\"https:\/\/www.elespanol.com\/madrid\/sociedad\/20250522\/colegio-cura-abusador-legionarios-monta-curso-sexualidad-victimas-dias-declaracion\/1003743768532_0.html?utm_cmp_rs=relatednewsinline\">El colegio del cura abusador de los Legionarios monta un curso de sexualidad para las v\u00edctimas a 15 d\u00edas de su declaraci\u00f3n<\/a><\/p>\n\n\n\n<p id=\"paragraph_14\">Este \u00faltimo caso se supo mientras&nbsp;los talleres Escudo de Dignidad que el colegio inici\u00f3 el pasado 22 de mayo. Se trata de una serie de clases&nbsp;<strong>sobre sexualidad y<\/strong>&nbsp;abuso infantil que se est\u00e1n impartiendo en horario lectivo que no han gustado a muchos padres del centro.<\/p>\n\n\n\n<p id=\"paragraph_15\">Este caso de abusos sexuales a menores ha supuesto otro duro golpe para los Legionarios de Cristo, ya que Marcelino fue mano derecha de&nbsp;<strong>Marcial Maciel,<\/strong>&nbsp;fundador de la congregaci\u00f3n y pederasta m\u00faltiple.<\/p>\n\n\n\n<p id=\"paragraph_16\">El cura&nbsp;fue detenido el pasado&nbsp;6 de marzo tras la denuncia de una familia a la que luego se fueron sumando otras familias.<\/p>\n\n\n\n<p id=\"paragraph_17\">Durante su declaraci\u00f3n ante la jueza de instrucci\u00f3n, el capell\u00e1n se declar\u00f3&nbsp;<strong>\u00abperplejo\u00bb y \u00aben shock\u00bb<\/strong>&nbsp;tras conocer las denuncias de agresi\u00f3n sexual.<\/p>\n\n\n\n<p id=\"paragraph_18\"><strong>La magistrada calific\u00f3 los hechos de \u00abmuy graves\u00bb<\/strong>&nbsp;y decret\u00f3 la&nbsp;<strong>prohibici\u00f3n de acercarse a menos de 500 metros<\/strong>&nbsp;de las menores denunciantes, as\u00ed como del centro educativo; la prohibici\u00f3n de comunicarse con ellas por cualquier medio; la entrega del pasaporte y prohibici\u00f3n de salir de Espa\u00f1a y la prohibici\u00f3n de cualquier actividad que implique contacto regular y directo con menores de edad.<\/p>\n\n\n\n<p>Fuente: <a href=\"https:\/\/www.elespanol.com\/madrid\/sociedad\/20250614\/padre-marcelino-legionarios-cristo-abuso-ninas-mes-medio-dias-colegio\/1003743803235_0.html\">https:\/\/www.elespanol.com\/madrid\/sociedad\/20250614\/padre-marcelino-legionarios-cristo-abuso-ninas-mes-medio-dias-colegio\/1003743803235_0.html<\/a><\/p>\n\n\n\n<p><\/p>\n","protected":false},"excerpt":{"rendered":"<p>Una de las ni\u00f1as narr\u00f3 a la juez estos episodios y le explic\u00f3 que \u00abse lo dec\u00eda a sus profesoras, [&hellip;]<\/p>\n","protected":false},"author":1,"featured_media":101224,"comment_status":"open","ping_status":"open","sticky":false,"template":"","format":"standard","meta":{"site-sidebar-layout":"default","site-content-layout":"","ast-site-content-layout":"default","site-content-style":"default","site-sidebar-style":"default","ast-global-header-display":"","ast-banner-title-visibility":"","ast-main-header-display":"","ast-hfb-above-header-display":"","ast-hfb-below-header-display":"","ast-hfb-mobile-header-display":"","site-post-title":"","ast-breadcrumbs-content":"","ast-featured-img":"","footer-sml-layout":"","theme-transparent-header-meta":"","adv-header-id-meta":"","stick-header-meta":"","header-above-stick-meta":"","header-main-stick-meta":"","header-below-stick-meta":"","astra-migrate-meta-layouts":"default","ast-page-background-enabled":"default","ast-page-background-meta":{"desktop":{"background-color":"var(--ast-global-color-4)","background-image":"","background-repeat":"repeat","background-position":"center center","background-size":"auto","background-attachment":"scroll","background-type":"","background-media":"","overlay-type":"","overlay-color":"","overlay-opacity":"","overlay-gradient":""},"tablet":{"background-color":"","background-image":"","background-repeat":"repeat","background-position":"center center","background-size":"auto","background-attachment":"scroll","background-type":"","background-media":"","overlay-type":"","overlay-color":"","overlay-opacity":"","overlay-gradient":""},"mobile":{"background-color":"","background-image":"","background-repeat":"repeat","background-position":"center center","background-size":"auto","background-attachment":"scroll","background-type":"","background-media":"","overlay-type":"","overlay-color":"","overlay-opacity":"","overlay-gradient":""}},"ast-content-background-meta":{"desktop":{"background-color":"var(--ast-global-color-5)","background-image":"","background-repeat":"repeat","background-position":"center center","background-size":"auto","background-attachment":"scroll","background-type":"","background-media":"","overlay-type":"","overlay-color":"","overlay-opacity":"","overlay-gradient":""},"tablet":{"background-color":"var(--ast-global-color-5)","background-image":"","background-repeat":"repeat","background-position":"center center","background-size":"auto","background-attachment":"scroll","background-type":"","background-media":"","overlay-type":"","overlay-color":"","overlay-opacity":"","overlay-gradient":""},"mobile":{"background-color":"var(--ast-global-color-5)","background-image":"","background-repeat":"repeat","background-position":"center center","background-size":"auto","background-attachment":"scroll","background-type":"","background-media":"","overlay-type":"","overlay-color":"","overlay-opacity":"","overlay-gradient":""}},"footnotes":""},"categories":[8],"tags":[36533,39250,39251],"class_list":["post-101223","post","type-post","status-publish","format-standard","has-post-thumbnail","hentry","category-noticias","tag-highlands-el-encinar","tag-legionarios-de-cristo-abusos","tag-padre-marcelino-abusador"],"_links":{"self":[{"href":"https:\/\/losperiodistas.com.mx\/portal\/wp-json\/wp\/v2\/posts\/101223","targetHints":{"allow":["GET"]}}],"collection":[{"href":"https:\/\/losperiodistas.com.mx\/portal\/wp-json\/wp\/v2\/posts"}],"about":[{"href":"https:\/\/losperiodistas.com.mx\/portal\/wp-json\/wp\/v2\/types\/post"}],"author":[{"embeddable":true,"href":"https:\/\/losperiodistas.com.mx\/portal\/wp-json\/wp\/v2\/users\/1"}],"replies":[{"embeddable":true,"href":"https:\/\/losperiodistas.com.mx\/portal\/wp-json\/wp\/v2\/comments?post=101223"}],"version-history":[{"count":1,"href":"https:\/\/losperiodistas.com.mx\/portal\/wp-json\/wp\/v2\/posts\/101223\/revisions"}],"predecessor-version":[{"id":101225,"href":"https:\/\/losperiodistas.com.mx\/portal\/wp-json\/wp\/v2\/posts\/101223\/revisions\/101225"}],"wp:featuredmedia":[{"embeddable":true,"href":"https:\/\/losperiodistas.com.mx\/portal\/wp-json\/wp\/v2\/media\/101224"}],"wp:attachment":[{"href":"https:\/\/losperiodistas.com.mx\/portal\/wp-json\/wp\/v2\/media?parent=101223"}],"wp:term":[{"taxonomy":"category","embeddable":true,"href":"https:\/\/losperiodistas.com.mx\/portal\/wp-json\/wp\/v2\/categories?post=101223"},{"taxonomy":"post_tag","embeddable":true,"href":"https:\/\/losperiodistas.com.mx\/portal\/wp-json\/wp\/v2\/tags?post=101223"}],"curies":[{"name":"wp","href":"https:\/\/api.w.org\/{rel}","templated":true}]}}