{"id":101219,"date":"2025-06-14T10:27:13","date_gmt":"2025-06-14T16:27:13","guid":{"rendered":"https:\/\/losperiodistas.com.mx\/portal\/?p=101219"},"modified":"2025-06-14T11:27:45","modified_gmt":"2025-06-14T17:27:45","slug":"dia-mundial-de-la-ginebra-did","status":"publish","type":"post","link":"https:\/\/losperiodistas.com.mx\/portal\/dia-mundial-de-la-ginebra-did\/","title":{"rendered":"D\u00eda Mundial de la Ginebra | DID"},"content":{"rendered":"\n<figure class=\"wp-block-image aligncenter size-full is-resized\"><img fetchpriority=\"high\" decoding=\"async\" width=\"305\" height=\"203\" src=\"https:\/\/losperiodistas.com.mx\/portal\/wp-content\/uploads\/2025\/06\/06-10_dia-mundial-ginebra.jpg\" alt=\"\" class=\"wp-image-101220\" style=\"width:565px;height:auto\" srcset=\"https:\/\/losperiodistas.com.mx\/portal\/wp-content\/uploads\/2025\/06\/06-10_dia-mundial-ginebra.jpg 305w, https:\/\/losperiodistas.com.mx\/portal\/wp-content\/uploads\/2025\/06\/06-10_dia-mundial-ginebra-300x200.jpg 300w\" sizes=\"(max-width: 305px) 100vw, 305px\" \/><\/figure>\n\n\n\n<p><\/p>\n\n\n\n<p class=\"has-vivid-red-color has-text-color has-link-color has-medium-font-size wp-elements-07c8d99f1c51f9c10854376baa0a3886\"><strong>D\u00cdA INTERNACIONAL DE<\/strong><\/p>\n\n\n\n<p><strong>El D\u00eda Mundial de la Ginebra se celebra el segundo s\u00e1bado de junio.<\/strong>&nbsp;Es un d\u00eda dedicado a celebrar y promover la popular bebida alcoh\u00f3lica conocida como ginebra.<\/p>\n\n\n\n<p>Durante este d\u00eda, los amantes de la ginebra en todo el mundo suelen organizar eventos, catas, promociones y actividades relacionadas con esta bebida.<\/p>\n\n\n\n<p>La ginebra es un destilado que se obtiene principalmente a partir de granos de cereales y se le a\u00f1aden bayas de enebro para darle su caracter\u00edstico sabor. Existen diferentes estilos y variedades de ginebra, cada una con sus propias caracter\u00edsticas y perfiles de sabor.<\/p>\n\n\n\n<p>Fuente: <a href=\"https:\/\/www.diainternacionalde.com\/dias-raros\/dia-mundial-ginebra\">https:\/\/www.diainternacionalde.com\/dias-raros\/dia-mundial-ginebra<\/a><\/p>\n","protected":false},"excerpt":{"rendered":"<p>D\u00cdA INTERNACIONAL DE El D\u00eda Mundial de la Ginebra se celebra el segundo s\u00e1bado de junio.&nbsp;Es un d\u00eda dedicado a [&hellip;]<\/p>\n","protected":false},"author":1,"featured_media":101220,"comment_status":"open","ping_status":"open","sticky":false,"template":"","format":"standard","meta":{"site-sidebar-layout":"default","site-content-layout":"","ast-site-content-layout":"default","site-content-style":"default","site-sidebar-style":"default","ast-global-header-display":"","ast-banner-title-visibility":"","ast-main-header-display":"","ast-hfb-above-header-display":"","ast-hfb-below-header-display":"","ast-hfb-mobile-header-display":"","site-post-title":"","ast-breadcrumbs-content":"","ast-featured-img":"","footer-sml-layout":"","theme-transparent-header-meta":"","adv-header-id-meta":"","stick-header-meta":"","header-above-stick-meta":"","header-main-stick-meta":"","header-below-stick-meta":"","astra-migrate-meta-layouts":"default","ast-page-background-enabled":"default","ast-page-background-meta":{"desktop":{"background-color":"var(--ast-global-color-4)","background-image":"","background-repeat":"repeat","background-position":"center center","background-size":"auto","background-attachment":"scroll","background-type":"","background-media":"","overlay-type":"","overlay-color":"","overlay-opacity":"","overlay-gradient":""},"tablet":{"background-color":"","background-image":"","background-repeat":"repeat","background-position":"center center","background-size":"auto","background-attachment":"scroll","background-type":"","background-media":"","overlay-type":"","overlay-color":"","overlay-opacity":"","overlay-gradient":""},"mobile":{"background-color":"","background-image":"","background-repeat":"repeat","background-position":"center center","background-size":"auto","background-attachment":"scroll","background-type":"","background-media":"","overlay-type":"","overlay-color":"","overlay-opacity":"","overlay-gradient":""}},"ast-content-background-meta":{"desktop":{"background-color":"var(--ast-global-color-5)","background-image":"","background-repeat":"repeat","background-position":"center center","background-size":"auto","background-attachment":"scroll","background-type":"","background-media":"","overlay-type":"","overlay-color":"","overlay-opacity":"","overlay-gradient":""},"tablet":{"background-color":"var(--ast-global-color-5)","background-image":"","background-repeat":"repeat","background-position":"center center","background-size":"auto","background-attachment":"scroll","background-type":"","background-media":"","overlay-type":"","overlay-color":"","overlay-opacity":"","overlay-gradient":""},"mobile":{"background-color":"var(--ast-global-color-5)","background-image":"","background-repeat":"repeat","background-position":"center center","background-size":"auto","background-attachment":"scroll","background-type":"","background-media":"","overlay-type":"","overlay-color":"","overlay-opacity":"","overlay-gradient":""}},"footnotes":""},"categories":[8],"tags":[39249],"class_list":["post-101219","post","type-post","status-publish","format-standard","has-post-thumbnail","hentry","category-noticias","tag-dia-mundial-de-la-ginebra"],"_links":{"self":[{"href":"https:\/\/losperiodistas.com.mx\/portal\/wp-json\/wp\/v2\/posts\/101219","targetHints":{"allow":["GET"]}}],"collection":[{"href":"https:\/\/losperiodistas.com.mx\/portal\/wp-json\/wp\/v2\/posts"}],"about":[{"href":"https:\/\/losperiodistas.com.mx\/portal\/wp-json\/wp\/v2\/types\/post"}],"author":[{"embeddable":true,"href":"https:\/\/losperiodistas.com.mx\/portal\/wp-json\/wp\/v2\/users\/1"}],"replies":[{"embeddable":true,"href":"https:\/\/losperiodistas.com.mx\/portal\/wp-json\/wp\/v2\/comments?post=101219"}],"version-history":[{"count":1,"href":"https:\/\/losperiodistas.com.mx\/portal\/wp-json\/wp\/v2\/posts\/101219\/revisions"}],"predecessor-version":[{"id":101221,"href":"https:\/\/losperiodistas.com.mx\/portal\/wp-json\/wp\/v2\/posts\/101219\/revisions\/101221"}],"wp:featuredmedia":[{"embeddable":true,"href":"https:\/\/losperiodistas.com.mx\/portal\/wp-json\/wp\/v2\/media\/101220"}],"wp:attachment":[{"href":"https:\/\/losperiodistas.com.mx\/portal\/wp-json\/wp\/v2\/media?parent=101219"}],"wp:term":[{"taxonomy":"category","embeddable":true,"href":"https:\/\/losperiodistas.com.mx\/portal\/wp-json\/wp\/v2\/categories?post=101219"},{"taxonomy":"post_tag","embeddable":true,"href":"https:\/\/losperiodistas.com.mx\/portal\/wp-json\/wp\/v2\/tags?post=101219"}],"curies":[{"name":"wp","href":"https:\/\/api.w.org\/{rel}","templated":true}]}}