{"id":101186,"date":"2025-06-14T08:05:01","date_gmt":"2025-06-14T14:05:01","guid":{"rendered":"https:\/\/losperiodistas.com.mx\/portal\/?p=101186"},"modified":"2025-06-14T08:05:02","modified_gmt":"2025-06-14T14:05:02","slug":"leon-xiv-apela-de-nuevo-a-la-unidad-y-previene-frente-a-las-ideologias-distinguir-es-util-pero-nunca-dividir-religion-digital","status":"publish","type":"post","link":"https:\/\/losperiodistas.com.mx\/portal\/leon-xiv-apela-de-nuevo-a-la-unidad-y-previene-frente-a-las-ideologias-distinguir-es-util-pero-nunca-dividir-religion-digital\/","title":{"rendered":"Le\u00f3n XIV apela (de nuevo) a la unidad y previene frente a \u00ablas ideolog\u00edas\u00bb : \u00abDistinguir es \u00fatil, pero nunca dividir\u00bb | Religi\u00f3n Digital"},"content":{"rendered":"\n<figure class=\"wp-block-image size-full\"><img fetchpriority=\"high\" decoding=\"async\" width=\"660\" height=\"371\" src=\"https:\/\/losperiodistas.com.mx\/portal\/wp-content\/uploads\/2025\/06\/Leon-XIV-San-Pedro_2788531122_17783025_660x371.png\" alt=\"\" class=\"wp-image-101187\" srcset=\"https:\/\/losperiodistas.com.mx\/portal\/wp-content\/uploads\/2025\/06\/Leon-XIV-San-Pedro_2788531122_17783025_660x371.png 660w, https:\/\/losperiodistas.com.mx\/portal\/wp-content\/uploads\/2025\/06\/Leon-XIV-San-Pedro_2788531122_17783025_660x371-300x169.png 300w\" sizes=\"(max-width: 660px) 100vw, 660px\" \/><figcaption class=\"wp-element-caption\">Le\u00f3n XIV, en San Pedro\u00a0<em>RD\/Captura<\/em><\/figcaption><\/figure>\n\n\n\n<h2 class=\"wp-block-heading\">El papa Le\u00f3n XIV reanud\u00f3 esta ma\u00f1ana, desde la bas\u00edlica de San Pedro, las audiencias jubilares que Francisco hab\u00eda iniciado el pasado mes de enero, y lo hizo con una catequesis en donde glos\u00f3 la figura de San Ireneo de Lyon<\/h2>\n\n\n\n<h2 class=\"wp-block-heading\">Hizo alusi\u00f3n el papa Prevost a las \u00abdivisiones doctrinales\u00bb que encontr\u00f3 el santo dentro de la comunidad cristiana, pero que \u00ablos conflictos internos y la persecuci\u00f3n externa no lo desanimaron\u00bb<\/h2>\n\n\n\n<h2 class=\"wp-block-heading\">El Papa inst\u00f3 a seguir los pasos de Ireneo, \u00abmaestro de unidad\u00bb, que \u00abnos ense\u00f1a a no oponernos, sino a conectar. Hay inteligencia no donde separa, sino donde conecta. Distinguir es \u00fatil, pero nunca dividir. Jes\u00fas es vida eterna entre nosotros: une los opuestos y hace posible la comuni\u00f3n\u00bb<\/h2>\n\n\n\n<h2 class=\"wp-block-heading\">En el saludo a los italianos, aprovech\u00f3 el Papa para lanzar un claro llamamiento a la paz en Oriente Medio tras la escalada entre Israel e Ir\u00e1n. \u00abEn estos d\u00edas nos llegan noticias que nos causan mucha preocupaci\u00f3n. Se ha deteriorado gravemente la situaci\u00f3n entre Ir\u00e1n e Israel, en un momento delicado. Deseo renovar con fuerza mi llamamiento a la responsabilidad y a la raz\u00f3n\u00bb<\/h2>\n\n\n\n<p class=\"has-vivid-red-color has-text-color has-link-color has-medium-font-size wp-elements-59943d09e1ebab53ce201a4dd5a8b0b9\"><strong><a href=\"https:\/\/www.religiondigital.org\/jose_lorenzo\/\">Jos\u00e9 Lorenzo<\/a> \/ Religi\u00f3n Digital<\/strong><\/p>\n\n\n\n<p>El papa Le\u00f3n XIV reanud\u00f3 esta ma\u00f1ana, desde la bas\u00edlica de San Pedro, las audiencias jubilares que Francisco hab\u00eda iniciado el pasado mes de enero, y lo hizo con una catequesis en donde glos\u00f3 la figura de San Ireneo de Lyon, lo que \u2013dado su origen, nacido en Asia Menor\u2013 le sirvi\u00f3 desde el inicio para se\u00f1alar que&nbsp;\u00abincluso hoy, las comunidades migrantes son presencias que reavivan la fe en los pa\u00edses que las acogen.&nbsp;<strong>El Evangelio viene de fuera<\/strong>. Ireneo conecta Oriente y Occidente. Esto ya es un signo de esperanza, porque nos recuerda c\u00f3mo los pueblos se enriquecen mutuamente\u00bb.<\/p>\n\n\n\n<p>Hizo alusi\u00f3n el papa Prevost a las \u00abdivisiones doctrinales\u00bb que encontr\u00f3 el santo dentro de la comunidad cristiana, pero destac\u00f3 que \u00ablos conflictos internos y la persecuci\u00f3n externa no lo desanimaron\u00bb. \u00abAl contrario \u2013a\u00f1adi\u00f3\u2013 , en un mundo fragmentado, aprendi\u00f3 a pensar mejor, centrando su atenci\u00f3n cada vez m\u00e1s en Jes\u00fas. Se convirti\u00f3 en cantor de su persona, m\u00e1s a\u00fan, de su carne. Reconoci\u00f3, de hecho, que en \u00c9l lo que nos parece opuesto se recompone en unidad. Jes\u00fas no es un muro que separa, sino una puerta que nos une.&nbsp;<strong>Debemos permanecer en \u00c9l y distinguir la realidad de las ideolog\u00edas<\/strong>\u00ab.<\/p>\n\n\n\n<p><strong>\u00abIncluso hoy, las ideas pueden enloquecer y las palabras pueden matar<\/strong>. La carne, sin embargo, es de lo que estamos hechos todos; es lo que nos une a la tierra y a las dem\u00e1s criaturas. La carne de Jes\u00fas debe ser acogida y contemplada en cada hermano y hermana, en cada criatura. Escuchemos el grito de la carne, escuchemos c\u00f3mo nos llama el dolor ajeno\u00bb, prosigui\u00f3 el Papa en su catequesis.<\/p>\n\n\n\n<figure class=\"wp-block-image\"><img decoding=\"async\" src=\"https:\/\/www.religiondigital.org\/2025\/06\/14\/vaticano\/Audiencia-Vaticano-presidida-Leon-XIV_2788531123_17783062_667x375.png\" alt=\"Audiencia jubilar en el Vaticano presidida por Le\u00f3n XIV\"\/><figcaption class=\"wp-element-caption\">Audiencia jubilar en el Vaticano presidida por Le\u00f3n XIV&nbsp;<em>RD\/Captura<\/em><\/figcaption><\/figure>\n\n\n\n<p>Frente a ello, el Papa inst\u00f3 a seguir los pasos de Ireneo, \u00abmaestro de unidad\u00bb, que&nbsp;<strong>\u00abnos ense\u00f1a a no oponernos, sino a conectar.<\/strong>&nbsp;Hay inteligencia no donde separa, sino donde conecta. Distinguir es \u00fatil, pero nunca dividir. Jes\u00fas es vida eterna entre nosotros: une los opuestos y hace posible la comuni\u00f3n\u00bb.<\/p>\n\n\n\n<p>\u00abSomos peregrinos de esperanza, porque entre las personas, los pueblos y las criaturas se necesita alguien que decida caminar hacia la comuni\u00f3n. Otros nos seguir\u00e1n. Como Ireneo en Lyon en el siglo II, as\u00ed en cada una de nuestras ciudades volvemos a tender puentes donde hoy hay muros.&nbsp;<strong>Abramos puertas, conectemos mundos y habr\u00e1 esperanza<\/strong>\u00ab, concluy\u00f3 el Papa antes de los saludos a los fieles presentes en la bas\u00edlica.<\/p>\n\n\n\n<figure class=\"wp-block-image\"><img decoding=\"async\" src=\"https:\/\/www.religiondigital.org\/2025\/06\/14\/vaticano\/Lein-XIV-audiencia-jubilar_2788531124_17783100_667x375.png\" alt=\"Le\u00edn XIV, en la audiencia jubilar\"\/><figcaption class=\"wp-element-caption\">Le\u00edn XIV, en la audiencia jubilar&nbsp;<em>RD\/Captura<\/em><\/figcaption><\/figure>\n\n\n\n<p>En el saludo a los italianos, aprovech\u00f3 el Papa para lanzar un claro llamamiento a la paz en Oriente Medio tras la escalada entre Israel e Ir\u00e1n. \u00abEn estos d\u00edas nos llegan noticias que nos causan mucha preocupaci\u00f3n.&nbsp;<strong>Se ha deteriorado gravemente la situaci\u00f3n entre Ir\u00e1n e Israel<\/strong>, en un momento delicado. Deseo renovar con fuerza mi llamamiento a la responsabilidad y a la raz\u00f3n\u00bb, comenz\u00f3 diciendo.<\/p>\n\n\n\n<p>\u00abEl compromiso para construir un mundo m\u00e1s seguro y libre de la amenaza nuclear se tiene que conseguir a trav\u00e9s de un encuentro respetuoso y en di\u00e1logo sincero para edificar la la duradera, fundada en la justicia, la fraternidad y el bien com\u00fan.&nbsp;<strong>Nadie tendr\u00eda que amenazar jam\u00e1s la existencia del otro<\/strong>. Es un deber de todos los pa\u00edses sostener la causa de la paz, iniciando caminos de reconciliaci\u00f3n y favoreciendo soluciones que garanticen la seguridad y la dignidad para todos\u00bb, expres\u00f3 el Papa en una&nbsp;<strong>contundente apelaci\u00f3n a las partes, pero tambi\u00e9n a la comunidad internacional.<\/strong><\/p>\n\n\n\n<h2 class=\"wp-block-heading\">Catequesis del Papa<\/h2>\n\n\n\n<p><em>En el nombre del Padre, del Hijo y del Esp\u00edritu Santo. \u00a1La paz sea con vosotros! Queridos hermanos y hermanas:<\/em><\/p>\n\n\n\n<p><em>Esta ma\u00f1ana se reanudan las Audiencias Jubilares especiales que el Papa Francisco inici\u00f3 en enero, proponiendo cada vez un aspecto particular de la virtud teologal de la esperanza y una figura espiritual que la ha testimoniado. \u00a1Continuemos, pues, el camino iniciado, como peregrinos de la esperanza!<\/em><\/p>\n\n\n\n<p><em>Nos une la esperanza transmitida por los Ap\u00f3stoles desde el principio. Los Ap\u00f3stoles vieron la tierra unida al cielo en Jes\u00fas: con sus ojos, o\u00eddos y manos acogieron la Palabra de vida. El Jubileo es una puerta abierta a este misterio. El A\u00f1o Jubilar conecta el mundo de Dios con el nuestro de forma m\u00e1s radical. Nos invita a tomar en serio lo que rezamos cada d\u00eda: \u00abEn la tierra como en el cielo\u00bb. Esta es nuestra esperanza. Este es el aspecto que nos gustar\u00eda explorar hoy: esperar es conectar.<\/em><\/p>\n\n\n\n<figure class=\"wp-block-image\"><img decoding=\"async\" src=\"https:\/\/www.religiondigital.org\/2025\/06\/14\/vaticano\/Fieles-audiencia-jubilar-san-Pedrojpg_2788531125_17783138_667x375.png\" alt=\"Fieles durante la audiencia jubilar en san Pedro.jpg\"\/><figcaption class=\"wp-element-caption\">Fieles durante la audiencia jubilar en san Pedro.jpg&nbsp;<em>RD\/Captura<\/em><\/figcaption><\/figure>\n\n\n\n<p><em>Uno de los grandes te\u00f3logos cristianos, el obispo Ireneo de Lyon, nos ayudar\u00e1 a reconocer la belleza y la actualidad de esta esperanza. Ireneo naci\u00f3 en Asia Menor y se educ\u00f3 entre quienes hab\u00edan conocido directamente a los Ap\u00f3stoles. Luego vino a Europa, porque en Lyon ya se hab\u00eda formado una comunidad de cristianos de su tierra. \u00a1Qu\u00e9 bien nos hace recordar esto aqu\u00ed, en Roma, en Europa! El Evangelio lleg\u00f3 a este continente desde fuera. Incluso hoy, las comunidades migrantes son presencias que reavivan la fe en los pa\u00edses que las acogen. El Evangelio viene de fuera. Ireneo conecta Oriente y Occidente. Esto ya es un signo de esperanza, porque nos recuerda c\u00f3mo los pueblos se enriquecen mutuamente.<\/em><\/p>\n\n\n\n<p><em>Sin embargo, Ireneo tiene un tesoro a\u00fan mayor que ofrecernos. Las divisiones doctrinales que encontr\u00f3 dentro de la comunidad cristiana, los conflictos internos y la persecuci\u00f3n externa no lo desanimaron. Al contrario, en un mundo fragmentado, aprendi\u00f3 a pensar mejor, centrando su atenci\u00f3n cada vez m\u00e1s en Jes\u00fas. Se convirti\u00f3 en cantor de su persona, m\u00e1s a\u00fan, de su carne. Reconoci\u00f3, de hecho, que en \u00c9l lo que nos parece opuesto se recompone en unidad. Jes\u00fas no es un muro que separa, sino una puerta que nos une. Debemos permanecer en \u00c9l y distinguir la realidad de las ideolog\u00edas.<\/em><\/p>\n\n\n\n<p><em>Queridos hermanos y hermanas, incluso hoy las ideas pueden enloquecer y las palabras pueden matar. La carne, sin embargo, es de lo que estamos hechos todos; es lo que nos une a la tierra y a las dem\u00e1s criaturas. La carne de Jes\u00fas debe ser acogida y contemplada en cada hermano y hermana, en cada criatura. Escuchemos el grito de la carne, escuchemos c\u00f3mo nos llama el dolor ajeno. El mandamiento que hemos recibido desde el principio es el del amor mutuo. Est\u00e1 escrito en nuestra carne, antes que cualquier ley.<\/em><\/p>\n\n\n\n<p><em>Ireneo, maestro de unidad, nos ense\u00f1a a no oponernos, sino a conectar. Hay inteligencia no donde separa, sino donde conecta. Distinguir es \u00fatil, pero nunca dividir. Jes\u00fas es vida eterna entre nosotros: une los opuestos y hace posible la comuni\u00f3n.<\/em><\/p>\n\n\n\n<p><em>Somos peregrinos de esperanza, porque entre las personas, los pueblos y las criaturas se necesita alguien que decida caminar hacia la comuni\u00f3n. Otros nos seguir\u00e1n. Como Ireneo en Lyon en el siglo II, as\u00ed en cada una de nuestras ciudades volvemos a tender puentes donde hoy hay muros. Abramos puertas, conectemos mundos y habr\u00e1 esperanza.<\/em><\/p>\n\n\n\n<p>Fuente: <a href=\"https:\/\/www.religiondigital.org\/vaticano\/Leon-XIV-unidad-Distinguir-dividir-paz-ideologias-israel-iran_0_2788521121.html\">https:\/\/www.religiondigital.org\/vaticano\/Leon-XIV-unidad-Distinguir-dividir-paz-ideologias-israel-iran_0_2788521121.html<\/a><\/p>\n","protected":false},"excerpt":{"rendered":"<p>El papa Le\u00f3n XIV reanud\u00f3 esta ma\u00f1ana, desde la bas\u00edlica de San Pedro, las audiencias jubilares que Francisco hab\u00eda iniciado [&hellip;]<\/p>\n","protected":false},"author":1,"featured_media":101187,"comment_status":"open","ping_status":"open","sticky":false,"template":"","format":"standard","meta":{"site-sidebar-layout":"default","site-content-layout":"","ast-site-content-layout":"default","site-content-style":"default","site-sidebar-style":"default","ast-global-header-display":"","ast-banner-title-visibility":"","ast-main-header-display":"","ast-hfb-above-header-display":"","ast-hfb-below-header-display":"","ast-hfb-mobile-header-display":"","site-post-title":"","ast-breadcrumbs-content":"","ast-featured-img":"","footer-sml-layout":"","theme-transparent-header-meta":"","adv-header-id-meta":"","stick-header-meta":"","header-above-stick-meta":"","header-main-stick-meta":"","header-below-stick-meta":"","astra-migrate-meta-layouts":"default","ast-page-background-enabled":"default","ast-page-background-meta":{"desktop":{"background-color":"var(--ast-global-color-4)","background-image":"","background-repeat":"repeat","background-position":"center center","background-size":"auto","background-attachment":"scroll","background-type":"","background-media":"","overlay-type":"","overlay-color":"","overlay-opacity":"","overlay-gradient":""},"tablet":{"background-color":"","background-image":"","background-repeat":"repeat","background-position":"center center","background-size":"auto","background-attachment":"scroll","background-type":"","background-media":"","overlay-type":"","overlay-color":"","overlay-opacity":"","overlay-gradient":""},"mobile":{"background-color":"","background-image":"","background-repeat":"repeat","background-position":"center center","background-size":"auto","background-attachment":"scroll","background-type":"","background-media":"","overlay-type":"","overlay-color":"","overlay-opacity":"","overlay-gradient":""}},"ast-content-background-meta":{"desktop":{"background-color":"var(--ast-global-color-5)","background-image":"","background-repeat":"repeat","background-position":"center center","background-size":"auto","background-attachment":"scroll","background-type":"","background-media":"","overlay-type":"","overlay-color":"","overlay-opacity":"","overlay-gradient":""},"tablet":{"background-color":"var(--ast-global-color-5)","background-image":"","background-repeat":"repeat","background-position":"center center","background-size":"auto","background-attachment":"scroll","background-type":"","background-media":"","overlay-type":"","overlay-color":"","overlay-opacity":"","overlay-gradient":""},"mobile":{"background-color":"var(--ast-global-color-5)","background-image":"","background-repeat":"repeat","background-position":"center center","background-size":"auto","background-attachment":"scroll","background-type":"","background-media":"","overlay-type":"","overlay-color":"","overlay-opacity":"","overlay-gradient":""}},"footnotes":""},"categories":[8],"tags":[39235,20652,24342,38220,39236],"class_list":["post-101186","post","type-post","status-publish","format-standard","has-post-thumbnail","hentry","category-noticias","tag-divisiones-doctrinales","tag-llamado-a-la-paz","tag-oriente-medio","tag-papa-leon-xiv","tag-san-irineo-de-lyon"],"_links":{"self":[{"href":"https:\/\/losperiodistas.com.mx\/portal\/wp-json\/wp\/v2\/posts\/101186","targetHints":{"allow":["GET"]}}],"collection":[{"href":"https:\/\/losperiodistas.com.mx\/portal\/wp-json\/wp\/v2\/posts"}],"about":[{"href":"https:\/\/losperiodistas.com.mx\/portal\/wp-json\/wp\/v2\/types\/post"}],"author":[{"embeddable":true,"href":"https:\/\/losperiodistas.com.mx\/portal\/wp-json\/wp\/v2\/users\/1"}],"replies":[{"embeddable":true,"href":"https:\/\/losperiodistas.com.mx\/portal\/wp-json\/wp\/v2\/comments?post=101186"}],"version-history":[{"count":1,"href":"https:\/\/losperiodistas.com.mx\/portal\/wp-json\/wp\/v2\/posts\/101186\/revisions"}],"predecessor-version":[{"id":101188,"href":"https:\/\/losperiodistas.com.mx\/portal\/wp-json\/wp\/v2\/posts\/101186\/revisions\/101188"}],"wp:featuredmedia":[{"embeddable":true,"href":"https:\/\/losperiodistas.com.mx\/portal\/wp-json\/wp\/v2\/media\/101187"}],"wp:attachment":[{"href":"https:\/\/losperiodistas.com.mx\/portal\/wp-json\/wp\/v2\/media?parent=101186"}],"wp:term":[{"taxonomy":"category","embeddable":true,"href":"https:\/\/losperiodistas.com.mx\/portal\/wp-json\/wp\/v2\/categories?post=101186"},{"taxonomy":"post_tag","embeddable":true,"href":"https:\/\/losperiodistas.com.mx\/portal\/wp-json\/wp\/v2\/tags?post=101186"}],"curies":[{"name":"wp","href":"https:\/\/api.w.org\/{rel}","templated":true}]}}