{"id":101148,"date":"2025-06-13T08:49:23","date_gmt":"2025-06-13T14:49:23","guid":{"rendered":"https:\/\/losperiodistas.com.mx\/portal\/?p=101148"},"modified":"2025-06-13T08:49:24","modified_gmt":"2025-06-13T14:49:24","slug":"las-calles-estan-vacias-los-ninos-temen-ir-a-la-escuela-migrantes-viven-ola-de-terror-por-redadas-masivas-en-los-angeles-animal-politico","status":"publish","type":"post","link":"https:\/\/losperiodistas.com.mx\/portal\/las-calles-estan-vacias-los-ninos-temen-ir-a-la-escuela-migrantes-viven-ola-de-terror-por-redadas-masivas-en-los-angeles-animal-politico\/","title":{"rendered":"\u201cLas calles est\u00e1n vac\u00edas; los ni\u00f1os temen ir a la escuela\u201d: migrantes viven ola de terror por redadas masivas en Los \u00c1ngeles | Animal Pol\u00edtico"},"content":{"rendered":"\n<p class=\"has-medium-font-size\">Tras las redadas masivas del gobierno de Donald Trump, que han derivado en protestas, muchos migrantes dejaron de ir a trabajar por miedo a ser deportados y los ni\u00f1os est\u00e1n faltando a clases.<\/p>\n\n\n\n<figure class=\"wp-block-image size-large\"><img fetchpriority=\"high\" decoding=\"async\" width=\"1024\" height=\"683\" src=\"https:\/\/losperiodistas.com.mx\/portal\/wp-content\/uploads\/2025\/06\/migrantes-redadas-masivas-los-angeles-ice-trump-1-1024x683.jpeg\" alt=\"\" class=\"wp-image-101149\" srcset=\"https:\/\/losperiodistas.com.mx\/portal\/wp-content\/uploads\/2025\/06\/migrantes-redadas-masivas-los-angeles-ice-trump-1-1024x683.jpeg 1024w, https:\/\/losperiodistas.com.mx\/portal\/wp-content\/uploads\/2025\/06\/migrantes-redadas-masivas-los-angeles-ice-trump-1-300x200.jpeg 300w, https:\/\/losperiodistas.com.mx\/portal\/wp-content\/uploads\/2025\/06\/migrantes-redadas-masivas-los-angeles-ice-trump-1-768x512.jpeg 768w, https:\/\/losperiodistas.com.mx\/portal\/wp-content\/uploads\/2025\/06\/migrantes-redadas-masivas-los-angeles-ice-trump-1.jpeg 1200w\" sizes=\"(max-width: 1024px) 100vw, 1024px\" \/><figcaption class=\"wp-element-caption\">Foto: AFP<\/figcaption><\/figure>\n\n\n\n<p class=\"has-vivid-red-color has-text-color has-link-color has-medium-font-size wp-elements-ecf68b860bc41d1d9e58d0c2450e6982\"><strong>Por:\u00a0Manu Ureste \/ Animal Pol\u00edtico<\/strong><\/p>\n\n\n\n<p><a href=\"https:\/\/twitter.com\/@ManuVPC\" target=\"_blank\" rel=\"noreferrer noopener\">@ManuVPC\u00a0<\/a><\/p>\n\n\n\n<p><a href=\"https:\/\/www.animalpolitico.com\/internacional\/migrantes-detenidos-disturbios-los-angeles\"><\/a><\/p>\n\n\n\n<p class=\"has-ast-global-color-4-background-color has-background\"><a href=\"https:\/\/www.animalpolitico.com\/internacional\/migrantes-detenidos-disturbios-los-angeles\">Van al menos 330 migrantes detenidos como parte de disturbios en Los \u00c1ngeles, dice la Casa Blanca<\/a><\/p>\n\n\n\n<p class=\"has-ast-global-color-4-background-color has-background\"><a href=\"https:\/\/www.animalpolitico.com\/internacional\/ice-detencion-migrantes-cortes-eu\">Agentes de ICE esperan a la salida de las cortes en EU para detener migrantes y deportarlos<\/a><\/p>\n\n\n\n<p>\u201c<strong>Los&nbsp;<\/strong><a href=\"https:\/\/animalpolitico.com\/internacional\/protestas-redadas-chicago-ny-los-angeles-toque-queda\" target=\"_blank\" rel=\"noreferrer noopener\">migrantes<\/a><strong>&nbsp;est\u00e1n viviendo una ola de terror<\/strong>\u201d. Mart\u00edn Cruz naci\u00f3 en Ciudad de M\u00e9xico, donde fue brigadista despu\u00e9s del terrible sismo del 85. Pero ya lleva m\u00e1s de 35 a\u00f1os en Estados Unidos, pa\u00eds del que ya adopt\u00f3 la nacionalidad.&nbsp;<\/p>\n\n\n\n<p>Ah\u00ed, el activista, l\u00edder comunitario y trabajador en una escuela, vive en Los \u00c1ngeles; ciudad californiana que, a pesar de ser considerada hist\u00f3ricamente como un \u2018<strong>santuario migrante<\/strong>\u2019 con casi 2 millones de latinos, vivi\u00f3 el fin de semana pasado&nbsp;<strong>graves disturbios y enfrentamientos<\/strong>&nbsp;entre manifestantes que repudiaban las&nbsp;<strong>redadas masivas<\/strong>&nbsp;para detener a personas migrantes y los casi 5 mil elementos de las fuerzas armadas que envi\u00f3 el gobierno de&nbsp;<strong>Donald Trump<\/strong>&nbsp;para sofocar esas protestas.&nbsp;<\/p>\n\n\n\n<p>Por medio de una llamada telef\u00f3nica, Cruz explica desde Los \u00c1ngeles que las redadas del fin de semana pasado son la punta del iceberg de lo que est\u00e1 sucediendo desde que Trump lleg\u00f3 por segunda vez a la Casa Blanca en enero pasado, pues cree que el republicano eligi\u00f3 a esta ciudad angelina, una urbe con casi la mitad de su poblaci\u00f3n de origen latino, como \u201cs\u00edmbolo\u201d de su&nbsp;<strong>cruzada anti-inmigrante<\/strong>.&nbsp;<\/p>\n\n\n\n<p><\/p>\n\n\n\n<p class=\"has-ast-global-color-4-background-color has-background\">Te puede interesar:&nbsp;<a href=\"https:\/\/www.animalpolitico.com\/internacional\/migrantes-trabajan-pese-redadas-los-angeles\" target=\"_blank\" rel=\"noreferrer noopener\">\u201cLa necesidad es m\u00e1s fuerte que el miedo\u201d: migrantes se arriesgan a trabajar pese a redadas en Los \u00c1ngeles<\/a><\/p>\n\n\n\n<p>\u201cEn otras grandes ciudades como Chicago o Nueva York tambi\u00e9n se est\u00e1n viendo grandes protestas en contra de las redadas. Sin embargo, es aqu\u00ed en California, en Los \u00c1ngeles, una ciudad santuario que \u00e9l (Trump) no est\u00e1 respetando para nada, donde se est\u00e1n haciendo&nbsp;<strong>redadas y arrestos a diestra y siniestra<\/strong>\u201d, plantea el l\u00edder comunitario, que agrega que producto de esos operativos policiacos y militares la ciudad est\u00e1 inmersa en un&nbsp;<strong>clima de \u201cmiedo\u201d<\/strong>, una de las palabras m\u00e1s repetidas por ciudadanos e incluso autoridades angelinas en las \u00faltimas semanas, y que ese miedo ya est\u00e1 afectando a los m\u00e1s j\u00f3venes.&nbsp;<\/p>\n\n\n\n<figure class=\"wp-block-image\" id=\"attachment_1542648\"><img decoding=\"async\" src=\"https:\/\/ap-cdn.sfo3.cdn.digitaloceanspaces.com\/uploads\/2025\/06\/migrantes-redadas-masivas-los-angeles-ice-trump-5.jpg\" alt=\"migrantes-redadas-masivas-los-angeles-ice-trump\" class=\"wp-image-1542648\"\/><figcaption class=\"wp-element-caption\">Foto: AFP<\/figcaption><\/figure>\n\n\n\n<p>\u201cLos&nbsp;<strong>ni\u00f1os est\u00e1n muy atemorizados<\/strong>&nbsp;con todo lo que est\u00e1 pasando en la ciudad. Yo trabajo en una escuela, y el d\u00eda de ayer&nbsp;<strong>faltaron m\u00e1s de 100 ni\u00f1os<\/strong>&nbsp;por miedo a las redadas. Y los pocos que llegan a venir, porque nacieron ac\u00e1 y tienen documentaci\u00f3n, lo hacen tambi\u00e9n con miedo, pues&nbsp;<strong>temen que al regresar a sus casas ya no encuentren a sus padres<\/strong>&nbsp;porque los detuvieron y deportaron\u201d.&nbsp;<\/p>\n\n\n\n<p>Cruz hace una pausa y exhala un suspiro agotado.&nbsp;<\/p>\n\n\n\n<p>\u201cEs muy triste lo que estamos viviendo por el hecho de tener la&nbsp;<strong>piel morena y el pelo negro<\/strong>\u201d, agrega.&nbsp;<\/p>\n\n\n\n<h2 class=\"wp-block-heading\">\u201cNuestras calles est\u00e1n vac\u00edas\u201d<\/h2>\n\n\n\n<p>Las&nbsp;<strong>redadas en Los \u00c1ngeles<\/strong>&nbsp;se han vuelto cotidianas. De hecho, un d\u00eda antes de las protestas del fin de semana, el pasado viernes 6 de junio, se hab\u00edan llevado a cabo otras redadas contra personas migrantes por parte de elementos federales del Servicio de Control de Inmigraci\u00f3n y Aduanas, el ICE por sus siglas en ingl\u00e9s, que desataron&nbsp;<strong>\u201cmiedo en las comunidades\u201d<\/strong>, tal y como denunci\u00f3 p\u00fablicamente la alcaldesa de Los \u00c1ngeles, Karen Bass.&nbsp;<\/p>\n\n\n\n<p>\u201cComo alcaldesa de una ciudad orgullosa de su poblaci\u00f3n inmigrante, quienes contribuyen a nuestra ciudad de tantas maneras, estoy profundamente indignada. Estas t\u00e1cticas siembran terror en nuestras comunidades y perturban los principios b\u00e1sicos de seguridad y debido proceso en nuestra ciudad\u201d, se\u00f1al\u00f3 Bass en un comunicado.&nbsp;<\/p>\n\n\n\n<p>Despu\u00e9s, las redadas continuaron. El mi\u00e9rcoles, Karoline Leavitt, la vocera de la Casa Blanca, anunci\u00f3 que producto de los enfrentamientos con manifestantes del fin de semana pasado en Los \u00c1ngeles, al menos&nbsp;<a href=\"https:\/\/animalpolitico.com\/internacional\/migrantes-detenidos-disturbios-los-angeles?_gl=1*dpmr9q*_ga*Mzg0MDkwNzEyLjE3MzE0NjA2MzQ.*_ga_JSN48THPPC*czE3NDk3ODIxNjIkbzc4NiRnMSR0MTc0OTc4NDI1MCRqNTQkbDAkaDA.\" target=\"_blank\" rel=\"noreferrer noopener\"><strong>330 migrantes fueron detenidos<\/strong><\/a>, de los cuales&nbsp;<strong>113 tendr\u00edan antecedentes penales<\/strong>. Aunque la comunidad mexicana y latina en esta ciudad denuncia que la mayor\u00eda de arrestos son de&nbsp;<strong>personas que no tienen antecedentes criminales<\/strong>&nbsp;y que, a\u00fan as\u00ed, est\u00e1n siendo detenidos y deportados a sus pa\u00edses, y tambi\u00e9n a centros carcelarios como la \u2018megac\u00e1rcel\u2019 en El Salvador, donde el gobierno de Nayib Bukele recibe a extranjeros con supuestos antecedentes penales a cambio de una \u2018tarifa\u2019 de casi 6 millones de d\u00f3lares.&nbsp;<\/p>\n\n\n\n<p>Mientras que ayer jueves, otro hecho marc\u00f3 c\u00f3mo se ha ido produciendo la escalada de tensi\u00f3n en Los \u00c1ngeles, especialmente en la \u00faltima semana:&nbsp;<strong>el senador de origen latino \u00c1lex Padilla fue esposado<\/strong>&nbsp;y expulsado de un acto de la secretaria de seguridad, Kristi Noem, que est\u00e1 en la ciudad para apoyar las operaciones del ICE en la captura de migrantes sin documentos.&nbsp;<\/p>\n\n\n\n<p>\u201cSi as\u00ed es como el Gobierno responde a un senador que quiere hacer una pregunta, imag\u00ednense lo que est\u00e1n haciendo con campesinos, cocineros u obreros en toda la ciudad\u201d, dijo el legislador tras ser esposado. Ayer tambi\u00e9n,<strong>&nbsp;polic\u00edas a caballo atacaron a manifestantes para dispersar multitudes<\/strong>&nbsp;en Los \u00c1ngeles.&nbsp;<\/p>\n\n\n\n<p>\u201cTrump dijo que iba a ir en contra de los criminales, pero no est\u00e1 siendo as\u00ed\u201d, plantea el activista m\u00e9xico-americano Mart\u00edn Cruz. \u201cPara su gobierno, el simple hecho de haber cruzado la frontera sin documentos y no ser de piel clara, y ojos azules o verdes, ya es motivo suficiente para clasificar a los migrantes como criminales y desatar el miedo en nuestras comunidades\u201d.&nbsp;<\/p>\n\n\n\n<p class=\"has-ast-global-color-4-background-color has-background\">Lee:&nbsp;<a href=\"https:\/\/animalpolitico.com\/internacional\/trump-los-angeles-llamas-militares-migrantes\" target=\"_blank\" rel=\"noreferrer noopener\">Los \u00c1ngeles estar\u00eda en llamas si no hubiese enviado militares para detener las protestas contra redadas migratorias: Trump<\/a><\/p>\n\n\n\n<figure class=\"wp-block-image\" id=\"attachment_1542649\"><img decoding=\"async\" src=\"https:\/\/ap-cdn.sfo3.cdn.digitaloceanspaces.com\/uploads\/2025\/06\/migrantes-redadas-masivas-los-angeles-ice-trump-3.jpg\" alt=\"migrantes-redadas-masivas-los-angeles-ice-trump\" class=\"wp-image-1542649\"\/><figcaption class=\"wp-element-caption\">Foto: AFP<\/figcaption><\/figure>\n\n\n\n<p>Tras los disturbios recientes, que llev\u00f3 a las autoridades estadounidenses a decretar incluso un toque de queda para que nadie pueda transitar entre 8 de la tarde y 6 de la ma\u00f1ana por la zona centro de Los \u00c1ngeles donde se produjeron los enfrentamientos con la polic\u00eda y los soldados, las calles de una urbe de casi 4 millones de personas se han vaciado en buena medida por el t<strong>emor a los agentes federales del ICE<\/strong>.&nbsp;<\/p>\n\n\n\n<p>\u201cNuestras calles est\u00e1n vac\u00edas\u201d, apunta Cruz. \u201cLos&nbsp;<strong>ni\u00f1os y los j\u00f3venes han dejado de salir a los parques<\/strong>&nbsp;o a hacer deporte porque no se sienten seguros\u201d.&nbsp;<\/p>\n\n\n\n<p>El domingo pasado, por ejemplo, Mart\u00edn dice que estaba previsto que en su barrio hubiera un partido de futbol entre j\u00f3venes, el cual fue cancelado luego de que alguien le avisara que \u201ciba a llegar la Guardia Nacional y el ICE\u201d a hacer una redada.&nbsp;<\/p>\n\n\n\n<h2 class=\"wp-block-heading\">\u201cSe siente mucha incertidumbre en la ciudad\u201d<\/h2>\n\n\n\n<p>Natalie God\u00ednez, artista y activista de una organizaci\u00f3n civil llamada \u2018Ambos\u2019 que trabaja apoyando a la comunidad migrante en Tijuana, M\u00e9xico, y en Los \u00c1ngeles, corrobora el efecto que ha generado el miedo a una detenci\u00f3n y posterior deportaci\u00f3n en una de las ciudades m\u00e1s importantes y cosmopolitas de Estados Unidos.&nbsp;<\/p>\n\n\n\n<p>\u201cSe siente mucha incertidumbre en la ciudad\u201d, apunta God\u00ednez, que tambi\u00e9n tiene la doble nacionalidad mexicana y estadounidense. \u201c<strong>Mucha gente tiene miedo a salir a la calle<\/strong>&nbsp;y eso es algo que se nota hasta en el tr\u00e1fico, que ha bajado. Y tambi\u00e9n se nota en el comercio de la ciudad, debido a que&nbsp;<strong>muchos migrantes no salen a trabajar por miedo<\/strong>&nbsp;a ser detenidos y expulsados\u201d.&nbsp;<\/p>\n\n\n\n<p class=\"has-ast-global-color-4-background-color has-background\">No te pierdas:&nbsp;<a href=\"https:\/\/animalpolitico.com\/internacional\/gobierno-trump-venezolanos-prision-el-salvador\" target=\"_blank\" rel=\"noreferrer noopener\">EU sab\u00eda que mayor\u00eda de venezolanos enviados a prisi\u00f3n de El Salvador no ten\u00edan antecedentes<\/a><\/p>\n\n\n\n<p>En cuanto a las protestas del domingo pasado, en las que fueron muy comentadas las im\u00e1genes y fotograf\u00edas de personas portando banderas de M\u00e9xico y de otros pa\u00edses latinoamericanos, como Guatemala, El Salvador y Honduras, mientras algunos manifestantes quemaban unas patrullas de polic\u00eda, el l\u00edder comunitario Mart\u00edn Cruz recalca que&nbsp;<strong>la mayor\u00eda de la poblaci\u00f3n latina es pac\u00edfica<\/strong>, por lo que hizo un llamado, al igual que hizo el mi\u00e9rcoles la presidente Sheinbaum \u2013a quien la secretaria de seguridad Kristi Noem hab\u00eda acusado previamente de alentar \u201cprotestas violentas\u201d, a&nbsp;<strong>evitar provocaciones y a no caer en actos vand\u00e1licos ni violentos<\/strong>.&nbsp;<\/p>\n\n\n\n<p>\u201cSi en las manifestaciones vemos que alguien est\u00e1 agrediendo a alguien, o est\u00e1n rompiendo ventanas o veh\u00edculos, todos debemos entregar a esa persona que est\u00e9 causando destrozos, porque tambi\u00e9n hay mucho infiltrado que est\u00e1 causando estos desmanes\u201d, apunta Cruz.&nbsp;<\/p>\n\n\n\n<p>\u201cEs decir \u2013agrega\u2013,&nbsp;<strong>no es la gente hispana, no es la gente latinoamericana,<\/strong>&nbsp;la que est\u00e1 causando los desmanes, son otras personas con otros intereses. Aunque, claro,&nbsp;<strong>tambi\u00e9n hay j\u00f3venes que se dejan llevar por la pasi\u00f3n<\/strong>\u201d.&nbsp;<\/p>\n\n\n\n<figure class=\"wp-block-image\" id=\"attachment_1542647\"><img decoding=\"async\" src=\"https:\/\/ap-cdn.sfo3.cdn.digitaloceanspaces.com\/uploads\/2025\/06\/migrantes-redadas-masivas-los-angeles-ice-trump-7.jpg\" alt=\"migrantes-redadas-masivas-los-angeles-ice-trump\" class=\"wp-image-1542647\"\/><figcaption class=\"wp-element-caption\">Foto: AFP<\/figcaption><\/figure>\n\n\n\n<p>Preguntado por esos j\u00f3venes, el l\u00edder comunitario expone que en buena medida se trata de personas ya nacidas en Estados Unidos, pero que sus padres se encuentran en situaci\u00f3n irregular en el pa\u00eds.&nbsp;<\/p>\n\n\n\n<p>\u201c<strong>Son j\u00f3venes que est\u00e1n preocupados por sus padres<\/strong>\u201d, se\u00f1ala Cruz. \u201cEl d\u00eda de ayer, por ejemplo, vi en las noticias a un joven guatemalteco con su bandera. Ten\u00eda 16 a\u00f1os. Y&nbsp;<strong>estaba protestando porque a su hermano lo deportaron<\/strong>&nbsp;y ten\u00eda temor de que ahora deportaran a su madre. Y son casos que, si no nos conmueven como personas, pues entonces no hay humanidad en nosotros\u201d.&nbsp;<\/p>\n\n\n\n<p class=\"has-ast-global-color-4-background-color has-background\">Te recomendamos:&nbsp;<a href=\"https:\/\/animalpolitico.com\/internacional\/bbc\/trump-protestas-redadas-migrantes\" target=\"_blank\" rel=\"noreferrer noopener\">Por qu\u00e9 Trump envi\u00f3 la Guardia Nacional a Los \u00c1ngeles y otras 4 preguntas sobre las protestas por las redadas contra migrantes<\/a><\/p>\n\n\n\n<p>Por su parte, Natalie God\u00ednez recalca que en las protestas del fin de semana pasado se vieron banderas de muchas nacionalidades, no solo mexicanas, y opina que portar&nbsp;<strong>una bandera en un pa\u00eds extranjero no tiene nada de malo<\/strong>, sino que se trata de un s\u00edmbolo de uni\u00f3n frente \u201cal odio en la manera en c\u00f3mo est\u00e1n deteniendo a las personas\u201d.&nbsp;<\/p>\n\n\n\n<p>\u201cA muchas personas&nbsp;<strong>se las est\u00e1 llevando la polic\u00eda solo porque ven que tiene la piel morena<\/strong>. Se los llevan sin verificar sus documentos\u201d, denuncia God\u00ednez, que al ser cuestionada por c\u00f3mo ve la escalada de tensi\u00f3n que se vive en California y en Estados Unidos por las pol\u00edticas anti-inmigrantes de la Casa Blanca, lanza un suspiro resignado.&nbsp;<\/p>\n\n\n\n<p>\u201cLa verdad, s\u00ed hay miedo. Porque no se ve que&nbsp;<strong>nadie le pueda poner un freno a Trump<\/strong>\u201d, lamenta la artista y activista m\u00e9xico-americana.&nbsp;<\/p>\n\n\n\n<p>Fuente: <a href=\"https:\/\/www.animalpolitico.com\/internacional\/migrantes-redadas-masivas-los-angeles-ice-trump\">https:\/\/www.animalpolitico.com\/internacional\/migrantes-redadas-masivas-los-angeles-ice-trump<\/a><\/p>\n","protected":false},"excerpt":{"rendered":"<p>Tras las redadas masivas del gobierno de Donald Trump, que han derivado en protestas, muchos migrantes dejaron de ir a [&hellip;]<\/p>\n","protected":false},"author":1,"featured_media":101149,"comment_status":"open","ping_status":"open","sticky":false,"template":"","format":"standard","meta":{"site-sidebar-layout":"default","site-content-layout":"","ast-site-content-layout":"default","site-content-style":"default","site-sidebar-style":"default","ast-global-header-display":"","ast-banner-title-visibility":"","ast-main-header-display":"","ast-hfb-above-header-display":"","ast-hfb-below-header-display":"","ast-hfb-mobile-header-display":"","site-post-title":"","ast-breadcrumbs-content":"","ast-featured-img":"","footer-sml-layout":"","theme-transparent-header-meta":"","adv-header-id-meta":"","stick-header-meta":"","header-above-stick-meta":"","header-main-stick-meta":"","header-below-stick-meta":"","astra-migrate-meta-layouts":"default","ast-page-background-enabled":"default","ast-page-background-meta":{"desktop":{"background-color":"var(--ast-global-color-4)","background-image":"","background-repeat":"repeat","background-position":"center center","background-size":"auto","background-attachment":"scroll","background-type":"","background-media":"","overlay-type":"","overlay-color":"","overlay-opacity":"","overlay-gradient":""},"tablet":{"background-color":"","background-image":"","background-repeat":"repeat","background-position":"center center","background-size":"auto","background-attachment":"scroll","background-type":"","background-media":"","overlay-type":"","overlay-color":"","overlay-opacity":"","overlay-gradient":""},"mobile":{"background-color":"","background-image":"","background-repeat":"repeat","background-position":"center center","background-size":"auto","background-attachment":"scroll","background-type":"","background-media":"","overlay-type":"","overlay-color":"","overlay-opacity":"","overlay-gradient":""}},"ast-content-background-meta":{"desktop":{"background-color":"var(--ast-global-color-5)","background-image":"","background-repeat":"repeat","background-position":"center center","background-size":"auto","background-attachment":"scroll","background-type":"","background-media":"","overlay-type":"","overlay-color":"","overlay-opacity":"","overlay-gradient":""},"tablet":{"background-color":"var(--ast-global-color-5)","background-image":"","background-repeat":"repeat","background-position":"center center","background-size":"auto","background-attachment":"scroll","background-type":"","background-media":"","overlay-type":"","overlay-color":"","overlay-opacity":"","overlay-gradient":""},"mobile":{"background-color":"var(--ast-global-color-5)","background-image":"","background-repeat":"repeat","background-position":"center center","background-size":"auto","background-attachment":"scroll","background-type":"","background-media":"","overlay-type":"","overlay-color":"","overlay-opacity":"","overlay-gradient":""}},"footnotes":""},"categories":[8],"tags":[39220,39103,39174],"class_list":["post-101148","post","type-post","status-publish","format-standard","has-post-thumbnail","hentry","category-noticias","tag-ciudadanos-con-miedo","tag-redadas-los-angeles","tag-trump-redadas"],"_links":{"self":[{"href":"https:\/\/losperiodistas.com.mx\/portal\/wp-json\/wp\/v2\/posts\/101148","targetHints":{"allow":["GET"]}}],"collection":[{"href":"https:\/\/losperiodistas.com.mx\/portal\/wp-json\/wp\/v2\/posts"}],"about":[{"href":"https:\/\/losperiodistas.com.mx\/portal\/wp-json\/wp\/v2\/types\/post"}],"author":[{"embeddable":true,"href":"https:\/\/losperiodistas.com.mx\/portal\/wp-json\/wp\/v2\/users\/1"}],"replies":[{"embeddable":true,"href":"https:\/\/losperiodistas.com.mx\/portal\/wp-json\/wp\/v2\/comments?post=101148"}],"version-history":[{"count":1,"href":"https:\/\/losperiodistas.com.mx\/portal\/wp-json\/wp\/v2\/posts\/101148\/revisions"}],"predecessor-version":[{"id":101150,"href":"https:\/\/losperiodistas.com.mx\/portal\/wp-json\/wp\/v2\/posts\/101148\/revisions\/101150"}],"wp:featuredmedia":[{"embeddable":true,"href":"https:\/\/losperiodistas.com.mx\/portal\/wp-json\/wp\/v2\/media\/101149"}],"wp:attachment":[{"href":"https:\/\/losperiodistas.com.mx\/portal\/wp-json\/wp\/v2\/media?parent=101148"}],"wp:term":[{"taxonomy":"category","embeddable":true,"href":"https:\/\/losperiodistas.com.mx\/portal\/wp-json\/wp\/v2\/categories?post=101148"},{"taxonomy":"post_tag","embeddable":true,"href":"https:\/\/losperiodistas.com.mx\/portal\/wp-json\/wp\/v2\/tags?post=101148"}],"curies":[{"name":"wp","href":"https:\/\/api.w.org\/{rel}","templated":true}]}}