{"id":101144,"date":"2025-06-13T08:38:28","date_gmt":"2025-06-13T14:38:28","guid":{"rendered":"https:\/\/losperiodistas.com.mx\/portal\/?p=101144"},"modified":"2025-06-13T08:41:21","modified_gmt":"2025-06-13T14:41:21","slug":"reforma-judicial-estas-son-las-razones-por-la-que-mexico-esta-en-la-mira-de-cortes-internacionales","status":"publish","type":"post","link":"https:\/\/losperiodistas.com.mx\/portal\/reforma-judicial-estas-son-las-razones-por-la-que-mexico-esta-en-la-mira-de-cortes-internacionales\/","title":{"rendered":"Reforma judicial: \u00e9stas son las razones por la que M\u00e9xico est\u00e1 en la mira de Cortes internacionales | Proceso"},"content":{"rendered":"\n<p class=\"has-medium-font-size\"><strong>Expertas en Derecho prev\u00e9n que M\u00e9xico ser\u00e1 condenado por haber destituido a miles de juzgadores y sustituirlos con jueces cercanos a Morena; la reforma constituye en realidad un mecanismo de politizaci\u00f3n y captura de la judicatura, aseguran.<\/strong><\/p>\n\n\n\n<p><a href=\"javascript:void(0)\"><\/a><\/p>\n\n\n\n<figure class=\"wp-block-image\"><a href=\"https:\/\/www.proceso.com.mx\/u\/fotografias\/m\/2025\/6\/12\/f1280x720-224955_356630_5050.jpeg\"><img decoding=\"async\" src=\"https:\/\/www.proceso.com.mx\/u\/fotografias\/m\/2025\/6\/12\/f685x385-224955_262648_5050.jpeg\" alt=\"Reforma judicial: \u00e9stas son las razones por la que M\u00e9xico est\u00e1 en la mira de Cortes internacionales\"\/><\/a><figcaption class=\"wp-element-caption\">Corte Interamericana de Derechos Humanos. Revisi\u00f3n. Foto: Facebook<\/figcaption><\/figure>\n\n\n\n<p><\/p>\n\n\n\n<p class=\"has-vivid-red-color has-text-color has-link-color has-medium-font-size wp-elements-af1128e2cf9317b61d7ff8f0d9002501\"><strong><a href=\"https:\/\/www.proceso.com.mx\/autor\/rafael-croda.html\">Por\u00a0Rafael Croda<\/a> \/ Proceso<\/strong><\/p>\n\n\n\n<p><\/p>\n\n\n\n<p>CIUDAD DE M\u00c9XICO (<strong>Proceso<\/strong>).- El c\u00famulo de irregularidades registradas durante la elecci\u00f3n de jueces el 1 de junio \u00faltimo refuerza los casos contra el Estado mexicano que promueven jueces en ejercicio y colectivos de derechos humanos ante organismos internacionales por las normas que transgrede la reforma judicial, dicen a&nbsp;<strong>Proceso&nbsp;<\/strong>expertas en el \u00e1rea de justicia.<\/p>\n\n\n\n<p>La profesora del Instituto Tecnol\u00f3gico y de Estudios Superiores de Occidente (ITESO), Azul Aguiar, se\u00f1ala que la reforma lopezobradorista \u201cdefinitivamente viola normas espec\u00edficas de tratados internacionales y convenciones de las que M\u00e9xico es parte, entre ellas la Convenci\u00f3n Interamericana de Derechos Humanos y el Pacto Internacional de Derechos Civiles\u201d.<\/p>\n\n\n\n<p><strong>Noticias Relacionadas<\/strong><\/p>\n\n\n\n<ul class=\"wp-block-list\">\n<li><a href=\"https:\/\/www.proceso.com.mx\/nacional\/justicia\/2025\/6\/9\/jueces-pueden-sugerir-cambio-de-abogado-defensor-si-identifican-actuar-mediocre-scjn-352740.html\">Jueces pueden sugerir cambio de abogado defensor si identifican actuar mediocre: SCJN<\/a><\/li>\n\n\n\n<li><a href=\"https:\/\/www.proceso.com.mx\/nacional\/justicia\/2025\/6\/3\/jueces-federales-de-jalisco-retrasan-audiencias-en-casos-por-delitos-fiscales-financieros-fgr-352388.html\">Jueces federales de Jalisco retrasan audiencias en casos por delitos fiscales y financieros: FGR<\/a><\/li>\n\n\n\n<li><a href=\"https:\/\/www.proceso.com.mx\/nacional\/2025\/6\/3\/ministros-de-la-scjn-rechazan-retiro-obligatorio-de-jueces-magistrados-352377.html\">Ministros de la SCJN rechazan retiro obligatorio de jueces y magistrados<\/a><\/li>\n\n\n\n<li><a href=\"https:\/\/www.proceso.com.mx\/nacional\/2025\/6\/2\/eleccion-judicial-cuando-tomaran-posesion-los-jueces-magistrados-ministros-352282.html\">Elecci\u00f3n judicial: \u00bfcu\u00e1ndo tomar\u00e1n posesi\u00f3n los jueces, magistrados y ministros?<\/a><\/li>\n<\/ul>\n\n\n\n<p>Esos instrumentos, se\u00f1ala la autora de \u201cLos tribunales y la erosi\u00f3n judicial de la democracia en Am\u00e9rica Latina\u00bb, hablan de una justicia independiente y de garant\u00edas de independencia a jueces.<\/p>\n\n\n\n<p>Y para Aguiar, lo que ocurri\u00f3 en las elecciones judiciales de hace dos semanas fue la captura del Poder Judicial por parte del oficialista partido Morena, lo que acaba con la divisi\u00f3n de poderes en M\u00e9xico.<\/p>\n\n\n\n<figure class=\"wp-block-image\"><img decoding=\"async\" src=\"https:\/\/www.proceso.com.mx\/u\/fotografias\/m\/2025\/6\/12\/f768x1-224956_225083_5050.jpeg\" alt=\"\"\/><figcaption class=\"wp-element-caption\">Azul Aguiar. Reforma viola tratados. Foto: aguiarazul.wordpress.com<\/figcaption><\/figure>\n\n\n\n<p>La doctora en Ciencias pol\u00edticas prev\u00e9 que el Estado mexicano ser\u00e1 condenado en diferentes instancias internacionales por haber destituido de manera masiva a miles de personas juzgadoras para dar paso a los candidatos a jueces elegidos el 1 de junio, todos ellos cercanos a Morena.<\/p>\n\n\n\n<p>\u201cEl problema es que esta condena ser\u00e1 como en 10 a\u00f1os \u2013dice\u2013, y en ese momento, dependiendo del gobierno que tengamos, veremos si acata la sentencia\u201d.<\/p>\n\n\n\n<p>La abogada peruana \u00darsula Indacochea, quien asisti\u00f3 como observadora a la elecci\u00f3n judicial en su calidad de directora del Programa de Independencia Judicial de la Fundaci\u00f3n para el Debido Proceso, se\u00f1ala que la Comisi\u00f3n Interamericana de Derechos Humanos (CIDH) y otros organismos internacionales \u201ctienen hoy m\u00e1s argumentos\u201d para seguir investigando el caso mexicano.<\/p>\n\n\n\n<p>M\u00e9xico, sostiene la maestra en Derecho constitucional, deber\u00e1 rendir cuentas de la reforma judicial ante instituciones como el Consejo de Derechos Humanos de la Organizaci\u00f3n de las Naciones Unidas (ONU), con sede en Ginebra; la Comisi\u00f3n de Venecia \u2013organismo europeo que promueve el constitucionalismo y el Estado de derecho\u2013 y, eventualmente, la Corte Interamericana de Derechos Humanos (Corte-IDH).<\/p>\n\n\n\n<p>Tambi\u00e9n, en la Relator\u00eda Especial de la ONU sobre la Independencia de los Magistrados y Abogados, cuya titular, Margaret Satterthwaite, ha se\u00f1alado incluso que aunque la corrupci\u00f3n judicial ya existe en M\u00e9xico, la elecci\u00f3n de jueces puede causar que la justicia sea \u201cm\u00e1s f\u00e1cilmente infiltrada por el crimen organizado que otros m\u00e9todos de selecci\u00f3n judicial\u201d.<\/p>\n\n\n\n<h2 class=\"wp-block-heading\">Desd\u00e9n por las recomendaciones<\/h2>\n\n\n\n<p>\u00darsula Indacochea explica que aunque los procesos ante organismos internacionales pueden llevar mucho tiempo, los fallos que produzcan instancias como la Corte Interamericana de Derechos Humanos estar\u00e1n lejos de ser simb\u00f3licos.<\/p>\n\n\n\n<p>Esto, porque una condena de ese tribunal con sede en Costa Rica probablemente estipule altas indemnizaciones monetarias para los m\u00e1s de siete mil jueces que ser\u00e1n cesados y reemplazados por los juzgadores elegidos el pasado 1 de junio y en los comicios de 2027.<\/p>\n\n\n\n<p>\u201cAdem\u00e1s de las indemnizaciones que ya les deben y que no les van a poder pagar porque el dinero de los fideicomisos ya se lo pasaron a Hacienda, el Estado mexicano tendr\u00e1 que pagarles las indemnizaciones de todos los a\u00f1os que no van a poder ejercer su carrera o que est\u00e1n a punto de jubilarse y no lo podr\u00e1n hacer por los despidos\u201d, indica.<\/p>\n\n\n\n<figure class=\"wp-block-image\"><img decoding=\"async\" src=\"https:\/\/www.proceso.com.mx\/u\/fotografias\/m\/2025\/6\/12\/f768x1-224957_225084_5050.jpeg\" alt=\"\"\/><figcaption class=\"wp-element-caption\">Elecci\u00f3n de juzgadores. Foto: Miguel Dimayuga.<\/figcaption><\/figure>\n\n\n\n<p>Dice que la Corte Interamericana de Derechos Humanos tambi\u00e9n puede ordenar a M\u00e9xico \u201ccambiar algunas cosas de su marco normativo interno\u201d relacionadas con la reforma judicial.<\/p>\n\n\n\n<p>Aunque de acuerdo con Indacochea, \u201cahora M\u00e9xico no hace mucho caso de las sentencias de la Corte tampoco; ya le mandaron a reformar la ley de la prisi\u00f3n preventiva oficiosa y el Estado mexicano no lo ha hecho\u201d.<\/p>\n\n\n\n<p>Azul Aguiar considera que el gobierno de la presidenta Claudia Sheinbaum ha dado muestras de su<a href=\"https:\/\/www.proceso.com.mx\/nacional\/2025\/6\/7\/gobierno-de-sheinbaum-rechaza-informe-de-la-oea-sobre-la-eleccion-judicial-352600.html\" target=\"_blank\" rel=\"noreferrer noopener\">&nbsp;desd\u00e9n a recomendaciones<\/a>&nbsp;y se\u00f1alamientos de organismos multilaterales.<\/p>\n\n\n\n<p>Como ejemplo se\u00f1ala que la presidenta ya descalific\u00f3, de entrada, el informe preliminar de la misi\u00f3n de observaci\u00f3n de la&nbsp;<a href=\"https:\/\/www.proceso.com.mx\/nacional\/2025\/6\/7\/alerta-en-la-oea-por-coincidencia-entre-acordeones-de-la-4t-los-resultados-de-la-eleccion-judicial-352576.html\" target=\"_blank\" rel=\"noreferrer noopener\">Organizaci\u00f3n de Estados Americanos<\/a>&nbsp;(OEA) en los comicios judiciales, que recomienda que ese modelo de selecci\u00f3n de jueces por el voto popular \u201cno se replique para otros pa\u00edses de la regi\u00f3n\u201d.<\/p>\n\n\n\n<p>De acuerdo con la misi\u00f3n, encabezada por el pol\u00edtico izquierdista chileno Heraldo Mu\u00f1oz, los mexicanos deben evaluar si esa forma de elegir jueces, que no tiene precedentes en el mundo, contribuye a fortalecer los principios fundamentales de la justicia \u201co si, por el contrario, acaba debilitando la transparencia, imparcialidad, eficacia e independencia del Poder Judicial\u201d.<\/p>\n\n\n\n<h2 class=\"wp-block-heading\">A reparar el da\u00f1o<\/h2>\n\n\n\n<p>En mayo pasado, 14 personas juzgadoras del Poder Judicial de la Federaci\u00f3n (PJF) de M\u00e9xico presentaron un caso ante la Comisi\u00f3n Interamericana de Derechos Humanos (CIDH) en el que documentaron varias violaciones de sus derechos fundamentales como resultado de la implementaci\u00f3n de la reforma judicial lopezobradorista.<\/p>\n\n\n\n<p>Los denunciantes argumentan que como trabajadores del PJF fueron \u201cdirectamente afectados\u201d por la reforma judicial y piden a la CIDH tomar medidas para proteger sus derechos y ordenar al Estado mexicano otorgarles una reparaci\u00f3n.<\/p>\n\n\n\n<p>Adem\u00e1s, indican que la reforma judicial vulnera principios internacionales como el de independencia judicial, el de igualdad y el de no discriminaci\u00f3n, y acusaron a altos funcionarios del gobierno de Morena de acusarlos p\u00fablicamente de corrupci\u00f3n y nepotismo sin pruebas ni debido proceso, lo que afect\u00f3 su honra.<\/p>\n\n\n\n<p>\u201cEsta reforma, bajo la apariencia de neutralidad, constituye en realidad un mecanismo de politizaci\u00f3n y captura de la judicatura\u201d, afirma la petici\u00f3n.<\/p>\n\n\n\n<p>La denuncia ante la CIDH, que fue presentada en representaci\u00f3n de los jueces mexicanos por el Vance Center for International Justice, un programa del Colegio de Abogados de la Ciudad de Nueva York, sostiene que no busca derogar la reforma judicial.<\/p>\n\n\n\n<p>Lo que pretende es que las personas afectadas obtengan \u201cla reparaci\u00f3n integral por la violaci\u00f3n de sus derechos humanos\u201d y contribuir al fortalecimiento de los est\u00e1ndares de independencia judicial dentro del Sistema Interamericano para casos futuros.<\/p>\n\n\n\n<p>\u201cEsta petici\u00f3n ofrece una oportunidad para que el Sistema Interamericano aborde las alegadas violaciones de la independencia judicial en M\u00e9xico y cuestiones m\u00e1s amplias relativas a los procesos de reforma judicial en la regi\u00f3n\u201d, dice el director adjunto del Vance Center, Jaime Ch\u00e1vez Alor.<\/p>\n\n\n\n<p>La presidenta de la Asociaci\u00f3n Mexicana de Juzgadoras, Mar\u00eda Emilia Molina, una de las demandantes, sostiene que \u201cya es demasiado tarde para revertir los cambios perjudiciales que ha tra\u00eddo consigo este proceso de reforma, que tiene motivaciones pol\u00edticas, pero no es demasiado tarde para reparar esos da\u00f1os\u201d.<\/p>\n\n\n\n<p>La coordinadora del Programa de Justicia de M\u00e9xico Eval\u00faa, Susana Camacho, recuerda que en la sesi\u00f3n sobre la reforma judicial convocada por la CIDH en Washington en noviembre pasado varios juzgadores, abogados de derechos humanos y grupos de la sociedad civil alertaron sobre los riesgos que implicaba para la democracia y la separaci\u00f3n de poderes esa iniciativa.<\/p>\n\n\n\n<figure class=\"wp-block-image\"><img decoding=\"async\" src=\"https:\/\/www.proceso.com.mx\/u\/fotografias\/m\/2025\/6\/12\/f768x1-224958_225085_5050.jpeg\" alt=\"\"\/><figcaption class=\"wp-element-caption\">Susana Camacho. Advierte riesgos. Foto: mexicoevalua.org.<\/figcaption><\/figure>\n\n\n\n<p>\u201cEsta elecci\u00f3n que vimos el 1 de junio, con tantas irregularidades, confirma muchos de los escenarios que alertamos en aquella sesi\u00f3n\u201d, se\u00f1ala.<\/p>\n\n\n\n<p>Los resultados, dice la abogada, comienzan a estar a la vista ya que, como resultado de esos comicios, todos los candidatos que fueron elegidos para conformar la Suprema Corte de Justicia, el Tribunal de Disciplina Judicial y el Tribunal Electoral son cercanos a Morena.<\/p>\n\n\n\n<p>\u201cDe hecho \u00e9se fue el \u00e9nfasis m\u00e1s importante que hicimos en esa sesi\u00f3n de la CIDH, la posible cooptaci\u00f3n de los cargos judiciales por parte del partido de gobierno, de dirigentes de Morena, de intereses econ\u00f3micos, de delincuencia organizada, y lo que corroboremos de esto lo vamos a llevar a los organismos internacionales\u201d, indica.<\/p>\n\n\n\n<h2 class=\"wp-block-heading\">M\u00e9xico, en la mira<\/h2>\n\n\n\n<p>Hace dos semanas, el Comit\u00e9 de Derechos Humanos de las Naciones Unidas notific\u00f3 al Estado mexicano que admiti\u00f3 una denuncia de la<a href=\"https:\/\/www.proceso.com.mx\/nacional\/2025\/6\/9\/jufed-amenaza-con-acudir-instancias-internacionales-por-reforma-judicial-352689.html\" target=\"_blank\" rel=\"noreferrer noopener\">&nbsp;Asociaci\u00f3n Nacional de Magistrados de Circuito y de Jueces de Distrito<\/a>&nbsp;(Jufed) sobre las violaciones a los derechos fundamentales de juzgadores y de la \u00abgrave afectaci\u00f3n a la independencia judicial derivada de la llamada reforma judicial\u00bb.<\/p>\n\n\n\n<p>La presidenta de la Jufed, Juana Fuentes Vel\u00e1zquez, dijo que esa notificaci\u00f3n es parte del proceso internacional de vigilancia y escrutinio sobre las condiciones que imperan en M\u00e9xico en materia de garant\u00edas judiciales y \u201crespeto a los principios democr\u00e1ticos\u00bb,<\/p>\n\n\n\n<p>La elecci\u00f3n judicial permiti\u00f3 que se \u201ccolaran\u201d al Poder Judicial abogados de la cuestionada secta La Luz del Mundo y un torturador, seg\u00fan las primeras investigaciones de organismos de la sociedad civil.<\/p>\n\n\n\n<blockquote class=\"wp-block-quote is-layout-flow wp-block-quote-is-layout-flow\">\n<p class=\"has-ast-global-color-4-background-color has-background has-medium-font-size\">Ahora vamos a seguir vigilando el impacto de la reforma con un seguimiento a la calidad de los juicios que van a recaer en estas personas, en la calidad de la justicia \u2013indica la abogada Susana Camacho\u2013, y lo vamos a denunciar en los espacios internacionales, al igual que las inconsistencias que se vieron en el proceso de elecciones.<\/p>\n<\/blockquote>\n\n\n\n<p>De hecho, explica, varios integrantes de organizaciones que han denunciado la reforma judicial se reunieron con observadores internacionales que viajaron a M\u00e9xico para conocer de manera directa el proceso electoral que culmin\u00f3 el 1 de junio.<\/p>\n\n\n\n<p>\u201cLos que hemos visto desde diferentes organizaciones confirma que no fue una elecci\u00f3n limpia y que esta reforma es un mal ejemplo para gobiernos que buscan la concentraci\u00f3n del poder por v\u00edas no muy legales, no muy ortodoxas, ni muy apegadas a los principios democr\u00e1ticos\u201d.<\/p>\n\n\n\n<p>De acuerdo con Camacho, el litigio internacional contra la reforma lopezobradorista es un proceso a largo plazo \u2013despu\u00e9s de la CIDH pasar\u00eda a la Corte Interamericana de Derechos Humanos\u2013, \u201cpero cuando menos tenemos que hacer las denuncias en estos espacios internacionales de todo lo que est\u00e1 pasando con la implementaci\u00f3n\u201d de la iniciativa.<\/p>\n\n\n\n<p>El Estado mexicano, dice, \u201cya estaba en la mira de diferentes organismos internacionales por esta reforma, porque desde el sexenio pasado los contrapesos entre poderes se estaban perdiendo, porque el expresidente (Andr\u00e9s Manuel L\u00f3pez Obrador) desobedec\u00eda sentencias de jueces y ahora, con esta elecci\u00f3n, la captura del Poder Judicial se consuma\u201d.<\/p>\n\n\n\n<p>La abogada peruana \u00darsula Indacochea dice que con la elecci\u00f3n popular de jueces \u201cM\u00e9xico se ha lanzado al abismo\u201d y eso es algo que va a tener una gran fiscalizaci\u00f3n por parte de organismos internacionales.<\/p>\n\n\n\n<p>Fuente: <a href=\"https:\/\/www.proceso.com.mx\/nacional\/2025\/6\/13\/reforma-judicial-estas-son-las-razones-por-la-que-mexico-esta-en-la-mira-de-cortes-internacionales-352935.html\">https:\/\/www.proceso.com.mx\/nacional\/2025\/6\/13\/reforma-judicial-estas-son-las-razones-por-la-que-mexico-esta-en-la-mira-de-cortes-internacionales-352935.html<\/a><\/p>\n","protected":false},"excerpt":{"rendered":"<p>Expertas en Derecho prev\u00e9n que M\u00e9xico ser\u00e1 condenado por haber destituido a miles de juzgadores y sustituirlos con jueces cercanos [&hellip;]<\/p>\n","protected":false},"author":1,"featured_media":101145,"comment_status":"open","ping_status":"open","sticky":false,"template":"","format":"standard","meta":{"site-sidebar-layout":"default","site-content-layout":"","ast-site-content-layout":"default","site-content-style":"default","site-sidebar-style":"default","ast-global-header-display":"","ast-banner-title-visibility":"","ast-main-header-display":"","ast-hfb-above-header-display":"","ast-hfb-below-header-display":"","ast-hfb-mobile-header-display":"","site-post-title":"","ast-breadcrumbs-content":"","ast-featured-img":"","footer-sml-layout":"","theme-transparent-header-meta":"","adv-header-id-meta":"","stick-header-meta":"","header-above-stick-meta":"","header-main-stick-meta":"","header-below-stick-meta":"","astra-migrate-meta-layouts":"default","ast-page-background-enabled":"default","ast-page-background-meta":{"desktop":{"background-color":"var(--ast-global-color-4)","background-image":"","background-repeat":"repeat","background-position":"center center","background-size":"auto","background-attachment":"scroll","background-type":"","background-media":"","overlay-type":"","overlay-color":"","overlay-opacity":"","overlay-gradient":""},"tablet":{"background-color":"","background-image":"","background-repeat":"repeat","background-position":"center center","background-size":"auto","background-attachment":"scroll","background-type":"","background-media":"","overlay-type":"","overlay-color":"","overlay-opacity":"","overlay-gradient":""},"mobile":{"background-color":"","background-image":"","background-repeat":"repeat","background-position":"center center","background-size":"auto","background-attachment":"scroll","background-type":"","background-media":"","overlay-type":"","overlay-color":"","overlay-opacity":"","overlay-gradient":""}},"ast-content-background-meta":{"desktop":{"background-color":"var(--ast-global-color-5)","background-image":"","background-repeat":"repeat","background-position":"center center","background-size":"auto","background-attachment":"scroll","background-type":"","background-media":"","overlay-type":"","overlay-color":"","overlay-opacity":"","overlay-gradient":""},"tablet":{"background-color":"var(--ast-global-color-5)","background-image":"","background-repeat":"repeat","background-position":"center center","background-size":"auto","background-attachment":"scroll","background-type":"","background-media":"","overlay-type":"","overlay-color":"","overlay-opacity":"","overlay-gradient":""},"mobile":{"background-color":"var(--ast-global-color-5)","background-image":"","background-repeat":"repeat","background-position":"center center","background-size":"auto","background-attachment":"scroll","background-type":"","background-media":"","overlay-type":"","overlay-color":"","overlay-opacity":"","overlay-gradient":""}},"footnotes":""},"categories":[8],"tags":[39219,30648,22017],"class_list":["post-101144","post","type-post","status-publish","format-standard","has-post-thumbnail","hentry","category-noticias","tag-cortes-internacionales","tag-eleccion-poder-judicial","tag-reforma-judicial-mexico"],"_links":{"self":[{"href":"https:\/\/losperiodistas.com.mx\/portal\/wp-json\/wp\/v2\/posts\/101144","targetHints":{"allow":["GET"]}}],"collection":[{"href":"https:\/\/losperiodistas.com.mx\/portal\/wp-json\/wp\/v2\/posts"}],"about":[{"href":"https:\/\/losperiodistas.com.mx\/portal\/wp-json\/wp\/v2\/types\/post"}],"author":[{"embeddable":true,"href":"https:\/\/losperiodistas.com.mx\/portal\/wp-json\/wp\/v2\/users\/1"}],"replies":[{"embeddable":true,"href":"https:\/\/losperiodistas.com.mx\/portal\/wp-json\/wp\/v2\/comments?post=101144"}],"version-history":[{"count":2,"href":"https:\/\/losperiodistas.com.mx\/portal\/wp-json\/wp\/v2\/posts\/101144\/revisions"}],"predecessor-version":[{"id":101147,"href":"https:\/\/losperiodistas.com.mx\/portal\/wp-json\/wp\/v2\/posts\/101144\/revisions\/101147"}],"wp:featuredmedia":[{"embeddable":true,"href":"https:\/\/losperiodistas.com.mx\/portal\/wp-json\/wp\/v2\/media\/101145"}],"wp:attachment":[{"href":"https:\/\/losperiodistas.com.mx\/portal\/wp-json\/wp\/v2\/media?parent=101144"}],"wp:term":[{"taxonomy":"category","embeddable":true,"href":"https:\/\/losperiodistas.com.mx\/portal\/wp-json\/wp\/v2\/categories?post=101144"},{"taxonomy":"post_tag","embeddable":true,"href":"https:\/\/losperiodistas.com.mx\/portal\/wp-json\/wp\/v2\/tags?post=101144"}],"curies":[{"name":"wp","href":"https:\/\/api.w.org\/{rel}","templated":true}]}}