{"id":101141,"date":"2025-06-13T07:46:48","date_gmt":"2025-06-13T13:46:48","guid":{"rendered":"https:\/\/losperiodistas.com.mx\/portal\/?p=101141"},"modified":"2025-06-13T07:46:50","modified_gmt":"2025-06-13T13:46:50","slug":"opinion-hablemos-de-la-ley-de-ciberacoso-y-lo-que-no-se-ha-dicho","status":"publish","type":"post","link":"https:\/\/losperiodistas.com.mx\/portal\/opinion-hablemos-de-la-ley-de-ciberacoso-y-lo-que-no-se-ha-dicho\/","title":{"rendered":"Opini\u00f3n | Hablemos de la Ley de Ciberacoso y lo que no se ha dicho"},"content":{"rendered":"\n<p class=\"has-medium-font-size\">Hablemos de las lagunas de la Ley de Ciberacoso y por d\u00f3nde se van a zafar los sicarios digitales.<\/p>\n\n\n\n<figure class=\"wp-block-image size-large\"><img fetchpriority=\"high\" decoding=\"async\" width=\"1024\" height=\"576\" src=\"https:\/\/losperiodistas.com.mx\/portal\/wp-content\/uploads\/2025\/06\/Hablemos-de-la-Ley-de-Ciberacoso-y-lo-que-no-se-ha-dicho-1024x576.jpeg\" alt=\"\" class=\"wp-image-101142\" srcset=\"https:\/\/losperiodistas.com.mx\/portal\/wp-content\/uploads\/2025\/06\/Hablemos-de-la-Ley-de-Ciberacoso-y-lo-que-no-se-ha-dicho-1024x576.jpeg 1024w, https:\/\/losperiodistas.com.mx\/portal\/wp-content\/uploads\/2025\/06\/Hablemos-de-la-Ley-de-Ciberacoso-y-lo-que-no-se-ha-dicho-300x169.jpeg 300w, https:\/\/losperiodistas.com.mx\/portal\/wp-content\/uploads\/2025\/06\/Hablemos-de-la-Ley-de-Ciberacoso-y-lo-que-no-se-ha-dicho-768x432.jpeg 768w, https:\/\/losperiodistas.com.mx\/portal\/wp-content\/uploads\/2025\/06\/Hablemos-de-la-Ley-de-Ciberacoso-y-lo-que-no-se-ha-dicho.jpeg 1200w\" sizes=\"(max-width: 1024px) 100vw, 1024px\" \/><\/figure>\n\n\n\n<p class=\"has-vivid-red-color has-text-color has-link-color has-medium-font-size wp-elements-7b2ecade7a9b96535851a3372fc877dd\"><strong><em>Por Itandehui Rodr\u00edguez\u00a0\/\u00a0Mon\u00f3logos de M\u00e9nade<\/em><\/strong><\/p>\n\n\n\n<p>Voy a decir algo que va a resultar incre\u00edble para varios, pero es real, estoy a favor de la Ley de Ciberacoso. Les voy a decir otra cosa, dudo que una sola persona pise la c\u00e1rcel por ella. Les explico por qu\u00e9.<\/p>\n\n\n\n<p>Si quiero, puedo; si empiezo, me sale; tengo cierta habilidad para viralizar contenido en redes sociales, m\u00e1s en X. Durante algunos a\u00f1os lo hice desde mi cuenta personal. Me toc\u00f3 ser: \u201cla puta\u201d, \u201cla pendeja\u201d, \u201cla hija de la chingada\u201d, a la que van a matar, etc., etc., etc. Y si les hablara de las fotos que he recibido por inbox y los ofrecimientos de ponerme lo de las fotos en alguna cavidad, como si ese fuera mi deseo.<\/p>\n\n\n\n<p>El ciberacoso y el ciberasedio surgen normalmente desde el anonimato. Desde cuentas bot o personajes falsos que injurian, comparten contenido y se ofenden cuando los exhiben.<\/p>\n\n\n\n<p>Lo aprend\u00ed cuando exhib\u00ed al Hechizero, un sicario digital disfrazado de justiciero ciudadano y de protector de animales. No aguant\u00f3 que lo evidenciara con pruebas, mismas que \u00e9l no ten\u00eda y me bloque\u00f3.<\/p>\n\n\n\n<p>Tambi\u00e9n podr\u00eda ponerles como ejemplo a una \u201cl\u00edder\u201d panista que opera en San Baltazar, que trabaj\u00f3 en el marinismo con Pericles Olivares a la que evidenci\u00e9 y m\u00e1gicamente dej\u00f3 de atacarme. Pero es acosadora profesional de Nay Salvatori, Grace Palomares, Jos\u00e9 Luis Garc\u00eda Parra, Susana Riestra, V\u00edctor Cabrera y varias personas m\u00e1s.<\/p>\n\n\n\n<p>Tras a\u00f1os de insultos, de acoso y de asedio, la piel se engrosa. Al no existir una figura jur\u00eddica que me protegiera, entend\u00ed que no quedaba m\u00e1s que confrontar a los&nbsp;<em>bullies<\/em>.<\/p>\n\n\n\n<p>Creo que si me quejo de acoso, no debo acosar, ni insultar, ni injuriar, es una cuesti\u00f3n de congruencia b\u00e1sica. Tambi\u00e9n creo que hay mucho que hablar sobre el desempe\u00f1o de los pol\u00edticos como para meternos en temas personales, f\u00edsicos o inventar cosas.<\/p>\n\n\n\n<p>Ya si no pueden ser cr\u00edticos desde el respeto, es porque el cerebro no les da\u2026 Como dec\u00eda mi bisabuelo, \u201ccuando el sabio se\u00f1ala la luna, el tonto se fija en el dedo\u201d.<\/p>\n\n\n\n<p>Pero, celebren la ley, opositores digitales. \u00bfNo saben por qu\u00e9?<\/p>\n\n\n\n<p>Es una gran manera de proteger a los cr\u00edticos de las granjas de bots a las que liberan, en muchas ocasiones, los coordinadores de las \u00e1reas de Comunicaci\u00f3n de los gobiernos.&nbsp;<a href=\"https:\/\/www.apartadomex.com\/opinion\/monologos-de-menade\/pepe-chedraui-y-la-escucha-digital-tras-la-crisis-de-seguridad\/77202\/\">Y es facil\u00edsimo de donde sale el ataque, solo hay que revisar los perfiles y constatar que lo \u00fanico que comparten, es la informaci\u00f3n oficial del gobernante criticado.<\/a><\/p>\n\n\n\n<p>Tambi\u00e9n permitir\u00e1 a los ciudadanos que son mencionados en espacios como los detectores de mentiras que se transmiten en las conferencias oficiales por medio de redes sociales, denunciar a los gobernantes.<\/p>\n\n\n\n<p>No han entendido la gran herramienta de defensa que surgi\u00f3 hoy con Ley de Ciberacos. Voy a decir algo que no les va a gustar, est\u00e1n preocupados porque no se reconocen como ciberacosadres.<\/p>\n\n\n\n<p>Pero no se preocupen, que por su redacci\u00f3n, la Ley deja tanto espacio a la subjetividad que vendr\u00e1n cientos de denuncias pero dudo que alguna prospere.<\/p>\n\n\n\n<p>\u00bfPor qu\u00e9?<\/p>\n\n\n\n<p>Leamos el art\u00edculo de la Ley de Ciberacoso que se vot\u00f3 hoy:<\/p>\n\n\n\n<blockquote class=\"wp-block-quote is-layout-flow wp-block-quote-is-layout-flow\">\n<p class=\"has-ast-global-color-4-background-color has-background\">\u201cArt\u00edculo 480. Comete el delito de ciberasedio quien a trav\u00e9s de la utilizaci\u00f3n de las tecnolog\u00edas de la informaci\u00f3n y la comunicaci\u00f3n, redes sociales, correo electr\u00f3nico o cualquier espacio digital insulte, injurie, ofenda, agravie o veje a otra persona, con la insistencia necesaria para causarle un da\u00f1o o menoscabo en su integridad f\u00edsica o emocional\u201d.<\/p>\n<\/blockquote>\n\n\n\n<p>Hay un elemento subjetivo en el tipo penal que genera varias hip\u00f3tesis:&nbsp;<strong>\u201cinsistencia necesaria\u201d<\/strong>.<\/p>\n\n\n\n<p>La primera hip\u00f3tesis es que se deja a la interpretaci\u00f3n y a la subjetividad de un dictamen pericial la afectaci\u00f3n emocial de la presunta v\u00edctima por la insistencia de un acosador.<\/p>\n\n\n\n<p>En pocas palabras, tendr\u00eda que presentarse una pericial sicol\u00f3gica que respalde que hay un da\u00f1o. Pero ese da\u00f1o tiene que ser atribuido de manera directa a la conducta de una sola persona. \u00bfC\u00f3mo van a hacer responsable a una persona si la pericial sicol\u00f3gica no arroja nombres, solo da\u00f1os? La Ley no aplica.<\/p>\n\n\n\n<p>Hay dos hip\u00f3tesis m\u00e1s, la primera, si el verbo insistir significa, reiterar, repetir o hacer hincapi\u00e9 en algo, \u00bfcu\u00e1l es el n\u00famero de actos que causan da\u00f1os? La respuesta es simple, desde un solo acto. La ley no aplica.<\/p>\n\n\n\n<p>Sin insistencia por parte de la misma acosadora o acosador, podr\u00eda igual causarse da\u00f1o. Es decir, si una sola persona es atacada por comentarios \u00fanicos de 25 presuntos acosadores en una publicaci\u00f3n de redes sociales, no existe la insistencia necesaria de uno. La ley no aplica.<\/p>\n\n\n\n<p>Por otro lado, si la conducta se repite en diferentes publicaciones, hablamos de momentos distintos y de hechos distintos, por tanto, la ley no aplica.<\/p>\n\n\n\n<p>Lamento que un esfuerzo que me parece necesario, como la Ley de Ciberacoso, no vaya a prosperar, pero por lo pronto espantar\u00e1 a los acosadores an\u00f3nimos, intr\u00e9pidos y gubernamentales.<\/p>\n\n\n\n<hr class=\"wp-block-separator has-alpha-channel-opacity\"\/>\n\n\n\n<p><strong>+ OPINI\u00d3N INVITADA: Las opiniones expresadas son responsabilidad del autor<\/strong><\/p>\n","protected":false},"excerpt":{"rendered":"<p>Hablemos de las lagunas de la Ley de Ciberacoso y por d\u00f3nde se van a zafar los sicarios digitales. Por [&hellip;]<\/p>\n","protected":false},"author":1,"featured_media":101142,"comment_status":"open","ping_status":"open","sticky":false,"template":"","format":"standard","meta":{"site-sidebar-layout":"default","site-content-layout":"","ast-site-content-layout":"default","site-content-style":"default","site-sidebar-style":"default","ast-global-header-display":"","ast-banner-title-visibility":"","ast-main-header-display":"","ast-hfb-above-header-display":"","ast-hfb-below-header-display":"","ast-hfb-mobile-header-display":"","site-post-title":"","ast-breadcrumbs-content":"","ast-featured-img":"","footer-sml-layout":"","theme-transparent-header-meta":"","adv-header-id-meta":"","stick-header-meta":"","header-above-stick-meta":"","header-main-stick-meta":"","header-below-stick-meta":"","astra-migrate-meta-layouts":"default","ast-page-background-enabled":"default","ast-page-background-meta":{"desktop":{"background-color":"var(--ast-global-color-4)","background-image":"","background-repeat":"repeat","background-position":"center center","background-size":"auto","background-attachment":"scroll","background-type":"","background-media":"","overlay-type":"","overlay-color":"","overlay-opacity":"","overlay-gradient":""},"tablet":{"background-color":"","background-image":"","background-repeat":"repeat","background-position":"center center","background-size":"auto","background-attachment":"scroll","background-type":"","background-media":"","overlay-type":"","overlay-color":"","overlay-opacity":"","overlay-gradient":""},"mobile":{"background-color":"","background-image":"","background-repeat":"repeat","background-position":"center center","background-size":"auto","background-attachment":"scroll","background-type":"","background-media":"","overlay-type":"","overlay-color":"","overlay-opacity":"","overlay-gradient":""}},"ast-content-background-meta":{"desktop":{"background-color":"var(--ast-global-color-5)","background-image":"","background-repeat":"repeat","background-position":"center center","background-size":"auto","background-attachment":"scroll","background-type":"","background-media":"","overlay-type":"","overlay-color":"","overlay-opacity":"","overlay-gradient":""},"tablet":{"background-color":"var(--ast-global-color-5)","background-image":"","background-repeat":"repeat","background-position":"center center","background-size":"auto","background-attachment":"scroll","background-type":"","background-media":"","overlay-type":"","overlay-color":"","overlay-opacity":"","overlay-gradient":""},"mobile":{"background-color":"var(--ast-global-color-5)","background-image":"","background-repeat":"repeat","background-position":"center center","background-size":"auto","background-attachment":"scroll","background-type":"","background-media":"","overlay-type":"","overlay-color":"","overlay-opacity":"","overlay-gradient":""}},"footnotes":""},"categories":[8,22],"tags":[39218],"class_list":["post-101141","post","type-post","status-publish","format-standard","has-post-thumbnail","hentry","category-noticias","category-opinion-invitada","tag-ley-de-ciberacoso-puebla"],"_links":{"self":[{"href":"https:\/\/losperiodistas.com.mx\/portal\/wp-json\/wp\/v2\/posts\/101141","targetHints":{"allow":["GET"]}}],"collection":[{"href":"https:\/\/losperiodistas.com.mx\/portal\/wp-json\/wp\/v2\/posts"}],"about":[{"href":"https:\/\/losperiodistas.com.mx\/portal\/wp-json\/wp\/v2\/types\/post"}],"author":[{"embeddable":true,"href":"https:\/\/losperiodistas.com.mx\/portal\/wp-json\/wp\/v2\/users\/1"}],"replies":[{"embeddable":true,"href":"https:\/\/losperiodistas.com.mx\/portal\/wp-json\/wp\/v2\/comments?post=101141"}],"version-history":[{"count":1,"href":"https:\/\/losperiodistas.com.mx\/portal\/wp-json\/wp\/v2\/posts\/101141\/revisions"}],"predecessor-version":[{"id":101143,"href":"https:\/\/losperiodistas.com.mx\/portal\/wp-json\/wp\/v2\/posts\/101141\/revisions\/101143"}],"wp:featuredmedia":[{"embeddable":true,"href":"https:\/\/losperiodistas.com.mx\/portal\/wp-json\/wp\/v2\/media\/101142"}],"wp:attachment":[{"href":"https:\/\/losperiodistas.com.mx\/portal\/wp-json\/wp\/v2\/media?parent=101141"}],"wp:term":[{"taxonomy":"category","embeddable":true,"href":"https:\/\/losperiodistas.com.mx\/portal\/wp-json\/wp\/v2\/categories?post=101141"},{"taxonomy":"post_tag","embeddable":true,"href":"https:\/\/losperiodistas.com.mx\/portal\/wp-json\/wp\/v2\/tags?post=101141"}],"curies":[{"name":"wp","href":"https:\/\/api.w.org\/{rel}","templated":true}]}}