{"id":101135,"date":"2025-06-13T07:43:08","date_gmt":"2025-06-13T13:43:08","guid":{"rendered":"https:\/\/losperiodistas.com.mx\/portal\/?p=101135"},"modified":"2025-06-13T07:43:09","modified_gmt":"2025-06-13T13:43:09","slug":"estudio-confirma-que-exposicion-a-herbicidas-con-glifosato-desarrolla-cancer-la-campina","status":"publish","type":"post","link":"https:\/\/losperiodistas.com.mx\/portal\/estudio-confirma-que-exposicion-a-herbicidas-con-glifosato-desarrolla-cancer-la-campina\/","title":{"rendered":"Estudio confirma que exposici\u00f3n a herbicidas con glifosato desarrolla c\u00e1ncer | La Campi\u00f1a"},"content":{"rendered":"\n<h2 class=\"wp-block-heading has-vivid-green-cyan-background-color has-background\">Esta evidencia cient\u00edfica refuerza un amplio y riguroso compendio de estudios internacionales que documentan la relaci\u00f3n entre la exposici\u00f3n al glifosato y m\u00faltiples enfermedades, entre ellas el c\u00e1ncer<\/h2>\n\n\n\n<figure class=\"wp-block-image size-full\"><img fetchpriority=\"high\" decoding=\"async\" width=\"650\" height=\"435\" src=\"https:\/\/losperiodistas.com.mx\/portal\/wp-content\/uploads\/2025\/06\/alemaniaeliminaraelusodelglifosato-1068x715-e1670429356387.jpg\" alt=\"\" class=\"wp-image-101136\" srcset=\"https:\/\/losperiodistas.com.mx\/portal\/wp-content\/uploads\/2025\/06\/alemaniaeliminaraelusodelglifosato-1068x715-e1670429356387.jpg 650w, https:\/\/losperiodistas.com.mx\/portal\/wp-content\/uploads\/2025\/06\/alemaniaeliminaraelusodelglifosato-1068x715-e1670429356387-300x201.jpg 300w\" sizes=\"(max-width: 650px) 100vw, 650px\" \/><figcaption class=\"wp-element-caption\">Fotograf\u00eda: Especial<\/figcaption><\/figure>\n\n\n\n<p class=\"has-vivid-red-color has-text-color has-link-color has-medium-font-size wp-elements-07e85791a35794a052a99cbeb2980173\"><strong>Magaly Herrera \/ La Campi\u00f1a<\/strong><\/p>\n\n\n\n<p><strong>M\u00c9XICO.-<\/strong>&nbsp;El Instituto Ramazzini, cooperativa social sin fines de lucro comprometida con la lucha contra el c\u00e1ncer y las enfermedades ambientales, public\u00f3 el pasado 10 de junio de 2025 el&nbsp;<em>Estudio Global sobre Glifosato<\/em>&nbsp;(GGS), una investigaci\u00f3n que confirma que la exposici\u00f3n prolongada a herbicidas a base de glifosato s\u00ed causa c\u00e1ncer.<\/p>\n\n\n\n<p>Con base en los resultados del estudio de carcinogenicidad del GGS, una veintena de investigadoras e investigadores que evaluaron una amplia gama de efectos toxicol\u00f3gicos concluy\u00f3 que la exposici\u00f3n prolongada desde la vida prenatal al glifosato y a herbicidas basados en este compuesto tiene efectos cancer\u00edgenos en ratas Sprague-Dawley.<\/p>\n\n\n\n<p>Esta evidencia cient\u00edfica refuerza un amplio y riguroso compendio de estudios internacionales que documentan la relaci\u00f3n entre la exposici\u00f3n al glifosato y m\u00faltiples enfermedades, entre ellas el c\u00e1ncer. Y es que los herbicidas a base de glifosato (GBH) \u201cson los agentes de control m\u00e1s utilizados en el mundo\u201d para eliminar las hierbas que crecen alrededor de los cultivos (mal llamadas malezas).<\/p>\n\n\n\n<figure class=\"wp-block-embed is-type-wp-embed is-provider-revista-la-campi-a wp-block-embed-revista-la-campi-a\"><div class=\"wp-block-embed__wrapper\">\n<blockquote class=\"wp-embedded-content\" data-secret=\"CZ3aH9tETP\"><a href=\"https:\/\/revistalacampina.mx\/2024\/03\/25\/glifosato-esta-matando-abejas-en-la-peninsula-de-yuactan\/\">Glifosato est\u00e1 matando abejas en la pen\u00ednsula de Yuacat\u00e1n<\/a><\/blockquote><iframe class=\"wp-embedded-content\" sandbox=\"allow-scripts\" security=\"restricted\" style=\"position: absolute; visibility: hidden;\" title=\"&#8220;Glifosato est\u00e1 matando abejas en la pen\u00ednsula de Yuacat\u00e1n&#8221; &#8212; Revista la Campi\u00f1a\" src=\"https:\/\/revistalacampina.mx\/2024\/03\/25\/glifosato-esta-matando-abejas-en-la-peninsula-de-yuactan\/embed\/#?secret=qgxCBZbHRb#?secret=CZ3aH9tETP\" data-secret=\"CZ3aH9tETP\" width=\"500\" height=\"282\" frameborder=\"0\" marginwidth=\"0\" marginheight=\"0\" scrolling=\"no\"><\/iframe>\n<\/div><\/figure>\n\n\n\n<p>En el resumen del estudio se expone que \u201cla preocupaci\u00f3n por la salud p\u00fablica ha aumentado desde que el Centro Internacional de Investigaciones sobre el C\u00e1ncer (CIIC) clasific\u00f3 el glifosato como probable carcin\u00f3geno humano en 2015\u201d.<\/p>\n\n\n\n<p>Para obtener estos resultados, se administraron glifosato y dos herbicidas de uso com\u00fan en la Uni\u00f3n Europea y Estados Unidos a ratas Sprague-Dawley desde el sexto d\u00eda de gestaci\u00f3n y hasta las 104 semanas de edad.<\/p>\n\n\n\n<p>Tras esta exposici\u00f3n prolongada, se observ\u00f3 un aumento en la incidencia de tumores benignos y malignos en m\u00faltiples \u00f3rganos y tejidos, como leucemia, piel, h\u00edgado, tiroides, sistema nervioso, ovarios, gl\u00e1ndulas mamarias, suprarrenales, ri\u00f1\u00f3n, vejiga urinaria, hueso, p\u00e1ncreas end\u00f3crino, \u00fatero y bazo.<\/p>\n\n\n\n<p>Uno de los hallazgos m\u00e1s inusuales fue que casi la mitad de las muertes por leucemia en los grupos expuestos al glifosato ocurrieron en etapas tempranas de vida \u2014antes del primer a\u00f1o de edad\u2014, especialmente en ejemplares machos.<\/p>\n\n\n\n<p>La alta incidencia de tumores se registr\u00f3 en ambos sexos, con aparici\u00f3n temprana y mortalidad asociada a m\u00faltiples tipos de c\u00e1ncer.<\/p>\n\n\n\n<blockquote class=\"wp-block-quote is-layout-flow wp-block-quote-is-layout-flow\">\n<p class=\"has-ast-global-color-4-background-color has-background\">Estos resultados proporcionan evidencia s\u00f3lida que respalda la conclusi\u00f3n del IARC (Investigadores de la Agencia Internacional para la Investigaci\u00f3n sobre el C\u00e1ncer, de la Organizaci\u00f3n Mundial de la Salud) de que existe evidencia suficiente de carcinogenicidad [del glifosato] en animales de experimentaci\u00f3n\u201d, cita el resumen.<\/p>\n<\/blockquote>\n\n\n\n<p>Adem\u00e1s, los nuevos hallazgos coinciden con la evidencia epidemiol\u00f3gica previa sobre la carcinogenicidad del glifosato y los herbicidas que lo contienen.<\/p>\n\n\n\n<p>El estudio completo est\u00e1 disponible en el siguiente enlace: <a class=\"\" href=\"https:\/\/ehjournal.biomedcentral.com\/articles\/10.1186\/s12940-025-01187-2#Sec7\">https:\/\/ehjournal.biomedcentral.com\/articles\/10.1186\/s12940-025-01187-2#Sec7<\/a><\/p>\n\n\n\n<p>Fuente: <a href=\"https:\/\/revistalacampina.mx\/2025\/06\/12\/estudio-confirma-que-exposicion-a-herbicidas-con-glifosato-desarrolla-cancer\/\">https:\/\/revistalacampina.mx\/2025\/06\/12\/estudio-confirma-que-exposicion-a-herbicidas-con-glifosato-desarrolla-cancer\/<\/a><\/p>\n\n\n\n<p><\/p>\n","protected":false},"excerpt":{"rendered":"<p>Esta evidencia cient\u00edfica refuerza un amplio y riguroso compendio de estudios internacionales que documentan la relaci\u00f3n entre la exposici\u00f3n al [&hellip;]<\/p>\n","protected":false},"author":1,"featured_media":101136,"comment_status":"open","ping_status":"open","sticky":false,"template":"","format":"standard","meta":{"site-sidebar-layout":"default","site-content-layout":"","ast-site-content-layout":"default","site-content-style":"default","site-sidebar-style":"default","ast-global-header-display":"","ast-banner-title-visibility":"","ast-main-header-display":"","ast-hfb-above-header-display":"","ast-hfb-below-header-display":"","ast-hfb-mobile-header-display":"","site-post-title":"","ast-breadcrumbs-content":"","ast-featured-img":"","footer-sml-layout":"","theme-transparent-header-meta":"","adv-header-id-meta":"","stick-header-meta":"","header-above-stick-meta":"","header-main-stick-meta":"","header-below-stick-meta":"","astra-migrate-meta-layouts":"default","ast-page-background-enabled":"default","ast-page-background-meta":{"desktop":{"background-color":"var(--ast-global-color-4)","background-image":"","background-repeat":"repeat","background-position":"center center","background-size":"auto","background-attachment":"scroll","background-type":"","background-media":"","overlay-type":"","overlay-color":"","overlay-opacity":"","overlay-gradient":""},"tablet":{"background-color":"","background-image":"","background-repeat":"repeat","background-position":"center center","background-size":"auto","background-attachment":"scroll","background-type":"","background-media":"","overlay-type":"","overlay-color":"","overlay-opacity":"","overlay-gradient":""},"mobile":{"background-color":"","background-image":"","background-repeat":"repeat","background-position":"center center","background-size":"auto","background-attachment":"scroll","background-type":"","background-media":"","overlay-type":"","overlay-color":"","overlay-opacity":"","overlay-gradient":""}},"ast-content-background-meta":{"desktop":{"background-color":"var(--ast-global-color-5)","background-image":"","background-repeat":"repeat","background-position":"center center","background-size":"auto","background-attachment":"scroll","background-type":"","background-media":"","overlay-type":"","overlay-color":"","overlay-opacity":"","overlay-gradient":""},"tablet":{"background-color":"var(--ast-global-color-5)","background-image":"","background-repeat":"repeat","background-position":"center center","background-size":"auto","background-attachment":"scroll","background-type":"","background-media":"","overlay-type":"","overlay-color":"","overlay-opacity":"","overlay-gradient":""},"mobile":{"background-color":"var(--ast-global-color-5)","background-image":"","background-repeat":"repeat","background-position":"center center","background-size":"auto","background-attachment":"scroll","background-type":"","background-media":"","overlay-type":"","overlay-color":"","overlay-opacity":"","overlay-gradient":""}},"footnotes":""},"categories":[8],"tags":[7406,20331,39217,39213],"class_list":["post-101135","post","type-post","status-publish","format-standard","has-post-thumbnail","hentry","category-noticias","tag-cancer","tag-glifosato","tag-herbicidas","tag-instituto-ramazzini"],"_links":{"self":[{"href":"https:\/\/losperiodistas.com.mx\/portal\/wp-json\/wp\/v2\/posts\/101135","targetHints":{"allow":["GET"]}}],"collection":[{"href":"https:\/\/losperiodistas.com.mx\/portal\/wp-json\/wp\/v2\/posts"}],"about":[{"href":"https:\/\/losperiodistas.com.mx\/portal\/wp-json\/wp\/v2\/types\/post"}],"author":[{"embeddable":true,"href":"https:\/\/losperiodistas.com.mx\/portal\/wp-json\/wp\/v2\/users\/1"}],"replies":[{"embeddable":true,"href":"https:\/\/losperiodistas.com.mx\/portal\/wp-json\/wp\/v2\/comments?post=101135"}],"version-history":[{"count":1,"href":"https:\/\/losperiodistas.com.mx\/portal\/wp-json\/wp\/v2\/posts\/101135\/revisions"}],"predecessor-version":[{"id":101140,"href":"https:\/\/losperiodistas.com.mx\/portal\/wp-json\/wp\/v2\/posts\/101135\/revisions\/101140"}],"wp:featuredmedia":[{"embeddable":true,"href":"https:\/\/losperiodistas.com.mx\/portal\/wp-json\/wp\/v2\/media\/101136"}],"wp:attachment":[{"href":"https:\/\/losperiodistas.com.mx\/portal\/wp-json\/wp\/v2\/media?parent=101135"}],"wp:term":[{"taxonomy":"category","embeddable":true,"href":"https:\/\/losperiodistas.com.mx\/portal\/wp-json\/wp\/v2\/categories?post=101135"},{"taxonomy":"post_tag","embeddable":true,"href":"https:\/\/losperiodistas.com.mx\/portal\/wp-json\/wp\/v2\/tags?post=101135"}],"curies":[{"name":"wp","href":"https:\/\/api.w.org\/{rel}","templated":true}]}}