{"id":101132,"date":"2025-06-13T07:24:44","date_gmt":"2025-06-13T13:24:44","guid":{"rendered":"https:\/\/losperiodistas.com.mx\/portal\/?p=101132"},"modified":"2025-06-13T07:24:45","modified_gmt":"2025-06-13T13:24:45","slug":"precios-del-petroleo-se-disparan-casi-9-tras-los-ataques-de-israel-contra-iran-el-economista","status":"publish","type":"post","link":"https:\/\/losperiodistas.com.mx\/portal\/precios-del-petroleo-se-disparan-casi-9-tras-los-ataques-de-israel-contra-iran-el-economista\/","title":{"rendered":"Precios del petr\u00f3leo se disparan casi 9% tras los ataques de Israel contra Ir\u00e1n | El Economista"},"content":{"rendered":"\n<p class=\"has-medium-font-size\">Los precios del petr\u00f3leo se disparaban casi 9% la ma\u00f1ana de este viernes, a m\u00e1ximos de varios meses, despu\u00e9s de que Israel lanz\u00f3 ataques contra Ir\u00e1n.<\/p>\n\n\n\n<figure class=\"wp-block-image\"><img decoding=\"async\" src=\"https:\/\/imagenes.eleconomista.com.mx\/files\/image_768_448\/uploads\/2024\/04\/19\/66e8a7cf46132.jpeg\" alt=\"Foto: Reuters\"\/><figcaption class=\"wp-element-caption\">Foto: Reuters<\/figcaption><\/figure>\n\n\n\n<p class=\"has-vivid-red-color has-text-color has-link-color has-medium-font-size wp-elements-9a4e27e8946e6f48aab469f1342d035f\"><strong>Por Reuters \/ El Economista<\/strong><\/p>\n\n\n\n<p><\/p>\n\n\n\n<p>Los&nbsp;<strong>precios del petr\u00f3leo&nbsp;<\/strong>se disparaban casi 9% la ma\u00f1ana de este viernes, a m\u00e1ximos de varios meses, despu\u00e9s de que&nbsp;<strong>Israel lanz\u00f3 ataques contra Ir\u00e1n<\/strong>, lo que provoc\u00f3 represalias iran\u00edes y aument\u00f3 la preocupaci\u00f3n por una interrupci\u00f3n del suministro petrolero en Oriente Medio.<\/p>\n\n\n\n<p>A las 4:19\u202fa.m. hora de la CDMX, los futuros del&nbsp;<strong>Brent<\/strong>&nbsp;ganaban 6.19 d\u00f3lares, o un 8.9%, hasta los 75.55 d\u00f3lares el barril, tras alcanzar un m\u00e1ximo intrad\u00eda de 78.5 d\u00f3lares, el m\u00e1s alto desde el 27 de enero.<\/p>\n\n\n\n<h2 class=\"wp-block-heading\">Te puede interesar<\/h2>\n\n\n\n<ul class=\"wp-block-list\">\n<li><img decoding=\"async\" width=\"128\" height=\"72\" src=\"https:\/\/imagenes.eleconomista.com.mx\/files\/image_128_72\/uploads\/2024\/11\/17\/673ab85341cb7.jpeg\"><a href=\"https:\/\/www.eleconomista.com.mx\/internacionales\">Geopol\u00edtica<\/a><a href=\"https:\/\/www.eleconomista.com.mx\/internacionales\/israel-lanza-ataque-preventivo-iran-20250612-763505.html\">Israel lanza \u00abataque preventivo\u00bb contra Ir\u00e1n<\/a><\/li>\n\n\n\n<li><img decoding=\"async\" width=\"128\" height=\"72\" src=\"https:\/\/imagenes.eleconomista.com.mx\/files\/image_128_72\/uploads\/2025\/04\/11\/67f97ec4a16f6.jpeg\" alt=\"El crudo Brent y el West Texas Intermediate subieron m\u00e1s de 1 d\u00f3lar este viernes despu\u00e9s de que el secretario de Energ\u00eda estadounidense, Chris Wright, afirm\u00f3 que Estados Unidos podr\u00eda poner fin a las exportaciones de petr\u00f3leo de Ir\u00e1n como parte de un esfuerzo para que la Rep\u00fablica Isl\u00e1mica acepte un acuerdo sobre su programa nuclear.\n\nPara m\u00e1s informaci\u00f3n del tema, visita:https:\/\/www.eleconomista.com.mx\/mercados\/petroleo-sube-1-dolar-posibles-restricciones-trump-crudo-iran-20250411-754611.html\n\n\u00a1S\u00edguenos en nuestras redes sociales para mantenerte informado!\n\nTwitter: https:\/\/twitter.com\/eleconomista \nFacebook: https:\/\/www.facebook.com\/ElEconomista.mx\nInstagram: https:\/\/www.instagram.com\/eleconomistamx\nLinkedIn: https:\/\/www.linkedin.com\/company\/el-economista\/\n\n#ElEconomista #EETV\"><a href=\"https:\/\/www.eleconomista.com.mx\/mercados\">Mercados<\/a><a href=\"https:\/\/www.eleconomista.com.mx\/mercados\/trump-declara-descontento-subida-precios-petroleo-20250612-763422.html\">Trump se declara descontento por la subida de los precios del petr\u00f3leo<\/a><\/li>\n<\/ul>\n\n\n\n<p>El&nbsp;<strong>West Texas Intermediate<\/strong>&nbsp;en Estados Unidos (WTI) mejoraba 6.22 d\u00f3lares, o un 9.1%, a 74.26 d\u00f3lares, tras tocar 77.62 d\u00f3lares, su cota m\u00e1s elevada desde el 21 de enero.<\/p>\n\n\n\n<p>Las ganancias de este viernes fueron los&nbsp;<strong>mayores movimientos intrad\u00eda de ambos contratos desde 2022<\/strong>, despu\u00e9s de que la&nbsp;<strong>invasi\u00f3n rusa de Ucrania<\/strong>&nbsp;provoc\u00f3 un repunte de los precios de la energ\u00eda.<\/p>\n\n\n\n<p><a href=\"https:\/\/www.eleconomista.com.mx\/internacionales\/6-instalaciones-nucleares-iranies-estarian-mira-israel-20250612-763526.html\">Israel dijo que atac\u00f3 las instalaciones nucleares de Ir\u00e1n<\/a>, sus f\u00e1bricas de misiles bal\u00edsticos y a sus comandantes militares en el inicio de lo que advirti\u00f3 que ser\u00e1 una operaci\u00f3n prolongada para evitar que Teher\u00e1n construya un arma at\u00f3mica, mientras que Ir\u00e1n prometi\u00f3 una dura respuesta.<\/p>\n\n\n\n<p>El presidente de Estados Unidos,&nbsp;<strong>Donald Trump<\/strong>, inst\u00f3 a Ir\u00e1n a llegar a un&nbsp;<a href=\"https:\/\/www.eleconomista.com.mx\/internacionales\/iran-atacara-bases-estados-unidos-oriente-proximo-surge-conflicto-militar-20250611-763193.html\">acuerdo sobre su programa nuclear<\/a>, para poner fin a los \u00abpr\u00f3ximos ataques ya planeados\u00bb.<\/p>\n\n\n\n<p>La Compa\u00f1\u00eda Nacional Iran\u00ed de Refinaci\u00f3n y Distribuci\u00f3n de Petr\u00f3leo dijo que las instalaciones petroleras del pa\u00eds no hab\u00edan sufrido da\u00f1os y segu\u00edan funcionando.<\/p>\n\n\n\n<p>Janiv Shah, analista de Rystad, indic\u00f3 que \u00abla cuesti\u00f3n clave ahora es si este repunte del petr\u00f3leo durar\u00e1 m\u00e1s que el fin de semana o una semana: nuestra se\u00f1al es que hay&nbsp;<strong>menos probabilidades de que se desencadene una guerra total<\/strong>, y es probable que el repunte del precio del petr\u00f3leo encuentre resistencia\u00bb.<\/p>\n\n\n\n<p>Fuente: <a href=\"https:\/\/www.eleconomista.com.mx\/mercados\/precios-petroleo-dispara-9-ataques-israel-iran-20250613-763591.html\">https:\/\/www.eleconomista.com.mx\/mercados\/precios-petroleo-dispara-9-ataques-israel-iran-20250613-763591.html<\/a><\/p>\n","protected":false},"excerpt":{"rendered":"<p>Los precios del petr\u00f3leo se disparaban casi 9% la ma\u00f1ana de este viernes, a m\u00e1ximos de varios meses, despu\u00e9s de [&hellip;]<\/p>\n","protected":false},"author":1,"featured_media":101133,"comment_status":"open","ping_status":"open","sticky":false,"template":"","format":"standard","meta":{"site-sidebar-layout":"default","site-content-layout":"","ast-site-content-layout":"default","site-content-style":"default","site-sidebar-style":"default","ast-global-header-display":"","ast-banner-title-visibility":"","ast-main-header-display":"","ast-hfb-above-header-display":"","ast-hfb-below-header-display":"","ast-hfb-mobile-header-display":"","site-post-title":"","ast-breadcrumbs-content":"","ast-featured-img":"","footer-sml-layout":"","theme-transparent-header-meta":"","adv-header-id-meta":"","stick-header-meta":"","header-above-stick-meta":"","header-main-stick-meta":"","header-below-stick-meta":"","astra-migrate-meta-layouts":"default","ast-page-background-enabled":"default","ast-page-background-meta":{"desktop":{"background-color":"var(--ast-global-color-4)","background-image":"","background-repeat":"repeat","background-position":"center center","background-size":"auto","background-attachment":"scroll","background-type":"","background-media":"","overlay-type":"","overlay-color":"","overlay-opacity":"","overlay-gradient":""},"tablet":{"background-color":"","background-image":"","background-repeat":"repeat","background-position":"center center","background-size":"auto","background-attachment":"scroll","background-type":"","background-media":"","overlay-type":"","overlay-color":"","overlay-opacity":"","overlay-gradient":""},"mobile":{"background-color":"","background-image":"","background-repeat":"repeat","background-position":"center center","background-size":"auto","background-attachment":"scroll","background-type":"","background-media":"","overlay-type":"","overlay-color":"","overlay-opacity":"","overlay-gradient":""}},"ast-content-background-meta":{"desktop":{"background-color":"var(--ast-global-color-5)","background-image":"","background-repeat":"repeat","background-position":"center center","background-size":"auto","background-attachment":"scroll","background-type":"","background-media":"","overlay-type":"","overlay-color":"","overlay-opacity":"","overlay-gradient":""},"tablet":{"background-color":"var(--ast-global-color-5)","background-image":"","background-repeat":"repeat","background-position":"center center","background-size":"auto","background-attachment":"scroll","background-type":"","background-media":"","overlay-type":"","overlay-color":"","overlay-opacity":"","overlay-gradient":""},"mobile":{"background-color":"var(--ast-global-color-5)","background-image":"","background-repeat":"repeat","background-position":"center center","background-size":"auto","background-attachment":"scroll","background-type":"","background-media":"","overlay-type":"","overlay-color":"","overlay-opacity":"","overlay-gradient":""}},"footnotes":""},"categories":[8],"tags":[39210,39211],"class_list":["post-101132","post","type-post","status-publish","format-standard","has-post-thumbnail","hentry","category-noticias","tag-israel-ataca-a-iran","tag-sube-precio-petroleo"],"_links":{"self":[{"href":"https:\/\/losperiodistas.com.mx\/portal\/wp-json\/wp\/v2\/posts\/101132","targetHints":{"allow":["GET"]}}],"collection":[{"href":"https:\/\/losperiodistas.com.mx\/portal\/wp-json\/wp\/v2\/posts"}],"about":[{"href":"https:\/\/losperiodistas.com.mx\/portal\/wp-json\/wp\/v2\/types\/post"}],"author":[{"embeddable":true,"href":"https:\/\/losperiodistas.com.mx\/portal\/wp-json\/wp\/v2\/users\/1"}],"replies":[{"embeddable":true,"href":"https:\/\/losperiodistas.com.mx\/portal\/wp-json\/wp\/v2\/comments?post=101132"}],"version-history":[{"count":1,"href":"https:\/\/losperiodistas.com.mx\/portal\/wp-json\/wp\/v2\/posts\/101132\/revisions"}],"predecessor-version":[{"id":101134,"href":"https:\/\/losperiodistas.com.mx\/portal\/wp-json\/wp\/v2\/posts\/101132\/revisions\/101134"}],"wp:featuredmedia":[{"embeddable":true,"href":"https:\/\/losperiodistas.com.mx\/portal\/wp-json\/wp\/v2\/media\/101133"}],"wp:attachment":[{"href":"https:\/\/losperiodistas.com.mx\/portal\/wp-json\/wp\/v2\/media?parent=101132"}],"wp:term":[{"taxonomy":"category","embeddable":true,"href":"https:\/\/losperiodistas.com.mx\/portal\/wp-json\/wp\/v2\/categories?post=101132"},{"taxonomy":"post_tag","embeddable":true,"href":"https:\/\/losperiodistas.com.mx\/portal\/wp-json\/wp\/v2\/tags?post=101132"}],"curies":[{"name":"wp","href":"https:\/\/api.w.org\/{rel}","templated":true}]}}