{"id":101121,"date":"2025-06-13T06:53:41","date_gmt":"2025-06-13T12:53:41","guid":{"rendered":"https:\/\/losperiodistas.com.mx\/portal\/?p=101121"},"modified":"2025-06-13T06:53:42","modified_gmt":"2025-06-13T12:53:42","slug":"opinion-necesario-un-partido-politico-de-trabajadores","status":"publish","type":"post","link":"https:\/\/losperiodistas.com.mx\/portal\/opinion-necesario-un-partido-politico-de-trabajadores\/","title":{"rendered":"Opini\u00f3n | Necesario un partido pol\u00edtico de trabajadores"},"content":{"rendered":"\n<p class=\"has-medium-font-size\">*Propuesta de Aquiles C\u00f3rdova, programa de regularizaci\u00f3n de Agua de Puebla<\/p>\n\n\n\n<figure class=\"wp-block-image size-large\"><img fetchpriority=\"high\" decoding=\"async\" width=\"1024\" height=\"710\" src=\"https:\/\/losperiodistas.com.mx\/portal\/wp-content\/uploads\/2025\/06\/RECUERDAN-A-MARTIRES-ANTORCHISTAS-1024x710.jpeg\" alt=\"\" class=\"wp-image-101122\" srcset=\"https:\/\/losperiodistas.com.mx\/portal\/wp-content\/uploads\/2025\/06\/RECUERDAN-A-MARTIRES-ANTORCHISTAS-1024x710.jpeg 1024w, https:\/\/losperiodistas.com.mx\/portal\/wp-content\/uploads\/2025\/06\/RECUERDAN-A-MARTIRES-ANTORCHISTAS-300x208.jpeg 300w, https:\/\/losperiodistas.com.mx\/portal\/wp-content\/uploads\/2025\/06\/RECUERDAN-A-MARTIRES-ANTORCHISTAS-768x533.jpeg 768w, https:\/\/losperiodistas.com.mx\/portal\/wp-content\/uploads\/2025\/06\/RECUERDAN-A-MARTIRES-ANTORCHISTAS.jpeg 1080w\" sizes=\"(max-width: 1024px) 100vw, 1024px\" \/><\/figure>\n\n\n\n<p class=\"has-vivid-red-color has-text-color has-link-color has-medium-font-size wp-elements-4865f9003ac6cfcf5a7f44570e7f0aa1\"><strong><em>Por Ra\u00fal Torres Salmer\u00f3n \/ Sin L\u00edmites<\/em><\/strong><\/p>\n\n\n\n<p>La propiedad privada de los medios de producci\u00f3n, tan injusta dentro del capitalismo, donde la concentraci\u00f3n y acumulaci\u00f3n de la riqueza se queda en unas cuantas manos, son la ra\u00edz y el origen verdadero de la proliferaci\u00f3n de todos los problemas sociales que vive la humanidad, denunci\u00f3 el l\u00edder nacional del Movimiento Antorchista, Aquiles C\u00f3rdova Mor\u00e1n.<\/p>\n\n\n\n<p>Y para atacarlos se necesita un partido pol\u00edtico de masas de los trabajadores y eso es lo que est\u00e1 construyendo el Movimiento Antorchista, asegur\u00f3 el dirigente, en el marco de la conmemoraci\u00f3n del 6 de Junio, D\u00eda de los M\u00e1rtires Antorchistas, que se realiz\u00f3 en Tecomatl\u00e1n, Puebla, el pasado domingo 8 de junio.<\/p>\n\n\n\n<p>Las ideas expresadas por Aquiles C\u00f3rdova, fueron las siguientes:<\/p>\n\n\n\n<p>-Es hora de hablar claro al pueblo de M\u00e9xico y hacer que entienda y comprenda la sociedad y la realidad en que vive, hay mucha pobreza, mucha violencia, hay un ba\u00f1o de sangre en M\u00e9xico.<\/p>\n\n\n\n<p>-La educaci\u00f3n es de mala calidad y va para abajo, las carreteras y caminos son un desastre, la vivienda popular est\u00e1 abandonada y el sistema de salud es totalmente deficiente.<\/p>\n\n\n\n<p>-Es la hora de que todos los mexicanos sepamos que los males que padecemos y vemos no se deben, totalmente, a la mala fe de los funcionarios o pol\u00edticos que gobiernan, ellos tambi\u00e9n son v\u00edctimas de esta situaci\u00f3n al no detectar cu\u00e1l es el origen de la problem\u00e1tica.<\/p>\n\n\n\n<p>-El trabajo humano mantiene a la sociedad porque es el que produce lo que la sociedad necesita para vivir y de la utilidad de los medios de producci\u00f3n. Si no hay estas dos cosas no se puede producir nada.<\/p>\n\n\n\n<p>-Las herramientas no se podr\u00edan mover y producir solas, se necesita la fuerza de trabajo porque las pone en movimiento, por eso pueden vivir naciones tan pobres como las de \u00c1frica o naciones tan ricas como las de Europa o Asia.<\/p>\n\n\n\n<p>-En alg\u00fan momento un peque\u00f1o grupo de hombres y mujeres se hicieron due\u00f1os, acapararon y monopolizaron todos los medios de producci\u00f3n, directos e indirectos y todas las materias primas que se necesitan para producir.<\/p>\n\n\n\n<p>-Los due\u00f1os de esos medios de producci\u00f3n no pueden funcionar solos, le tienen que comprar su fuerza de trabajo al obrero o al campesino, pero lo que producen no es de ellos, se lo apropia el patr\u00f3n. El obrero de la f\u00e1brica se va con las manos vac\u00edas, nada de lo que se produce es suyo ni se lo puede llevar.<\/p>\n\n\n\n<p>-La causa de la pobreza y marginaci\u00f3n es la propiedad de los medios de producci\u00f3n y en este sistema, llamado capitalismo, el obrero no puede dejar de trabajar porque si lo hace, se muere de hambre.<\/p>\n\n\n\n<p>-Hoy se manipula y enga\u00f1a a la gente, para hacer que se le olviden sus problemas, que no piense y que no alcance a ver lo que sucede o vea las cosas superficialmente.<\/p>\n\n\n\n<p>-Los poderosos han creado las fuerzas armadas para defender su dinero y someter al pueblo; crean leyes, incluida la reciente farsa en elecci\u00f3n del Poder Judicial, para hacer justicia, pero nadie del pueblo ha recibido justicia. Tambi\u00e9n producen arte, revistas, cine y todo es en su inmensa mayor\u00eda para manipular el cerebro de la gente.<\/p>\n\n\n\n<p>-Por eso es necesario que el pueblo luche por demandas a corto plazo, porque son buenas y necesarias, pero no son la soluci\u00f3n del problema. Necesitamos cambiar la propiedad privada de los medios de producci\u00f3n y eso no lo cambia una lucha sindical o una lucha por demandas inmediatas; los problemas vienen de la misma ra\u00edz y hay que acabar con ella, s\u00f3lo as\u00ed se terminar\u00e1 con los problemas sociales.<\/p>\n\n\n\n<p>&#8211; Y para atacarlos se necesita un partido pol\u00edtico de masas de los trabajadores y eso es lo que est\u00e1 construyendo el Movimiento Antorchista.<\/p>\n\n\n\n<p>El discurso de Aquiles C\u00f3rdova fue ante 2 mil 500 asistentes que abarrotaron el reci\u00e9n inaugurado Teatro Aquiles C\u00f3rdova Mor\u00e1n, quienes se deleitaron con un ensamble cultural en honor al 80 Aniversario de la Victoria de Rusia sobre el Nazifascismo.<\/p>\n\n\n\n<p>Los Grupos Culturales Nacionales de Antorcha, declamaron poes\u00eda coral a cargo del Plenito Infantil Wenceslao Victoria Soto, Canto del Ej\u00e9rcito Rojo a su Llegada a las Puertas de Prusia, adem\u00e1s de un programa cultural de canto, bailes, danzas y teatro, titulado La Joven Guardia.&nbsp;<\/p>\n\n\n\n<p>Se realizaron dos eventos, una concurrida marcha luctuosa con coronas y arreglos florales por las principales calles de Tecomatl\u00e1n que culmin\u00f3 en el Mausoleo Municipal y un evento pol\u00edtico-cultural realizado en el Teatro Aquiles C\u00f3rdova Mor\u00e1n, donde Antorcha record\u00f3 a sus 233 compa\u00f1eros ca\u00eddos en la lucha durante 51 a\u00f1os.<\/p>\n\n\n\n<p>PROGRAMA DE REGULARIZACI\u00d3N<\/p>\n\n\n\n<p>Con la finalidad de aliviar la carga econ\u00f3mica de miles de familias poblanas, la empresa Agua de Puebla, en coordinaci\u00f3n con el organismo regulador SOAPAP, present\u00f3 un ambicioso Programa de Regularizaci\u00f3n que beneficiar\u00e1 a m\u00e1s de 66 mil hogares y peque\u00f1os comercios en situaci\u00f3n de rezago social.<\/p>\n\n\n\n<p>El proyecto fue anunciado por Jordi Bosch Bragado, Director de Agua de Puebla y por Leticia Gabriela Espinosa Figueroa, Gerente de Vinculaci\u00f3n Social, Defensa del Ciudadano y el Agua, quienes destacaron que esta iniciativa es parte de una nueva pol\u00edtica social del agua, dise\u00f1ada para acompa\u00f1ar y construir un sistema m\u00e1s justo, solidario y accesible.<\/p>\n\n\n\n<p>Los programas, vigentes a partir de junio de 2025 contemplan regularizaci\u00f3n hasta de tasa 0 por ciento, eliminaci\u00f3n de recargos, pagos \u00fanicos con tarifa preferencial y facilidad de tr\u00e1mites, tanto digitales como presenciales. Entre los principales beneficios destacan:<\/p>\n\n\n\n<p>Colonias vulnerables (uso dom\u00e9stico): pago \u00fanico de 5 mil 550 pesos por tres a\u00f1os de servicio (2023\u20132025), sin cobro de ejercicios anteriores. Peque\u00f1os negocios en zonas marginadas: regularizaci\u00f3n desde 7 mil 500 a 10 mil 500 pesos, seg\u00fan giro, por 3 a\u00f1os de servicio (2023-2025). Regularizaci\u00f3n del 50 por ciento en adeudos 2024 para 108 colonias vulnerables, giros secos y predios abandonados.<\/p>\n\n\n\n<p>Usuarios no registrados: acceso a tarifas preferentes desde 2 mil 474 pesos con borr\u00f3n y cuenta nueva y se mantiene el apoyo especial a personas adultas mayores, con discapacidad, enfermos terminales y viudas, con aplicaci\u00f3n retroactiva del beneficio hasta junio de 2026.<\/p>\n\n\n\n<p>Los usuarios podr\u00e1n ingresar a la plataforma regular\u00edzate.aguapuebla.mx para conocer los beneficios que les corresponden, obtener su folio y pagar en l\u00ednea. Tambi\u00e9n se instalar\u00e1n m\u00f3dulos en colonias participantes y 11 sucursales brindar\u00e1n atenci\u00f3n directa, c\u00e1lida y sin intermediarios.<\/p>\n\n\n\n<p>Es un esfuerzo representa una nueva forma de gestionar el agua en Puebla, con empat\u00eda, compromiso y acci\u00f3n. Con el programa, Agua de Puebla reafirma su compromiso de construir un futuro con m\u00e1s agua, m\u00e1s inclusi\u00f3n y mejor atenci\u00f3n al ciudadano.<\/p>\n\n\n\n<p>En fin, como dice la copla llanera venezolana:<\/p>\n\n\n\n<p>\u00a1Practica la caridad!<\/p>\n\n\n\n<p>\u00a1Lleva la vida con calma!<\/p>\n\n\n\n<p>\u00bfPara qu\u00e9 sirve el dinero<\/p>\n\n\n\n<p>cuando no hay paz en el alma?<\/p>\n\n\n\n<p>raultorress@hotmail.com<\/p>\n\n\n\n<hr class=\"wp-block-separator has-alpha-channel-opacity\"\/>\n\n\n\n<p><strong>+ OPINI\u00d3N: Las opiniones expresadas son responsabilidad del autor<\/strong><\/p>\n","protected":false},"excerpt":{"rendered":"<p>*Propuesta de Aquiles C\u00f3rdova, programa de regularizaci\u00f3n de Agua de Puebla Por Ra\u00fal Torres Salmer\u00f3n \/ Sin L\u00edmites La propiedad [&hellip;]<\/p>\n","protected":false},"author":1,"featured_media":101122,"comment_status":"open","ping_status":"open","sticky":false,"template":"","format":"standard","meta":{"site-sidebar-layout":"default","site-content-layout":"","ast-site-content-layout":"default","site-content-style":"default","site-sidebar-style":"default","ast-global-header-display":"","ast-banner-title-visibility":"","ast-main-header-display":"","ast-hfb-above-header-display":"","ast-hfb-below-header-display":"","ast-hfb-mobile-header-display":"","site-post-title":"","ast-breadcrumbs-content":"","ast-featured-img":"","footer-sml-layout":"","theme-transparent-header-meta":"","adv-header-id-meta":"","stick-header-meta":"","header-above-stick-meta":"","header-main-stick-meta":"","header-below-stick-meta":"","astra-migrate-meta-layouts":"default","ast-page-background-enabled":"default","ast-page-background-meta":{"desktop":{"background-color":"var(--ast-global-color-4)","background-image":"","background-repeat":"repeat","background-position":"center center","background-size":"auto","background-attachment":"scroll","background-type":"","background-media":"","overlay-type":"","overlay-color":"","overlay-opacity":"","overlay-gradient":""},"tablet":{"background-color":"","background-image":"","background-repeat":"repeat","background-position":"center center","background-size":"auto","background-attachment":"scroll","background-type":"","background-media":"","overlay-type":"","overlay-color":"","overlay-opacity":"","overlay-gradient":""},"mobile":{"background-color":"","background-image":"","background-repeat":"repeat","background-position":"center center","background-size":"auto","background-attachment":"scroll","background-type":"","background-media":"","overlay-type":"","overlay-color":"","overlay-opacity":"","overlay-gradient":""}},"ast-content-background-meta":{"desktop":{"background-color":"var(--ast-global-color-5)","background-image":"","background-repeat":"repeat","background-position":"center center","background-size":"auto","background-attachment":"scroll","background-type":"","background-media":"","overlay-type":"","overlay-color":"","overlay-opacity":"","overlay-gradient":""},"tablet":{"background-color":"var(--ast-global-color-5)","background-image":"","background-repeat":"repeat","background-position":"center center","background-size":"auto","background-attachment":"scroll","background-type":"","background-media":"","overlay-type":"","overlay-color":"","overlay-opacity":"","overlay-gradient":""},"mobile":{"background-color":"var(--ast-global-color-5)","background-image":"","background-repeat":"repeat","background-position":"center center","background-size":"auto","background-attachment":"scroll","background-type":"","background-media":"","overlay-type":"","overlay-color":"","overlay-opacity":"","overlay-gradient":""}},"footnotes":""},"categories":[8,19],"tags":[16194,39208,39207],"class_list":["post-101121","post","type-post","status-publish","format-standard","has-post-thumbnail","hentry","category-noticias","category-sin-limites-2","tag-aquiles-cordova-moran","tag-movimiento-antorchgista","tag-partido-politico-de-trabajadores"],"_links":{"self":[{"href":"https:\/\/losperiodistas.com.mx\/portal\/wp-json\/wp\/v2\/posts\/101121","targetHints":{"allow":["GET"]}}],"collection":[{"href":"https:\/\/losperiodistas.com.mx\/portal\/wp-json\/wp\/v2\/posts"}],"about":[{"href":"https:\/\/losperiodistas.com.mx\/portal\/wp-json\/wp\/v2\/types\/post"}],"author":[{"embeddable":true,"href":"https:\/\/losperiodistas.com.mx\/portal\/wp-json\/wp\/v2\/users\/1"}],"replies":[{"embeddable":true,"href":"https:\/\/losperiodistas.com.mx\/portal\/wp-json\/wp\/v2\/comments?post=101121"}],"version-history":[{"count":1,"href":"https:\/\/losperiodistas.com.mx\/portal\/wp-json\/wp\/v2\/posts\/101121\/revisions"}],"predecessor-version":[{"id":101123,"href":"https:\/\/losperiodistas.com.mx\/portal\/wp-json\/wp\/v2\/posts\/101121\/revisions\/101123"}],"wp:featuredmedia":[{"embeddable":true,"href":"https:\/\/losperiodistas.com.mx\/portal\/wp-json\/wp\/v2\/media\/101122"}],"wp:attachment":[{"href":"https:\/\/losperiodistas.com.mx\/portal\/wp-json\/wp\/v2\/media?parent=101121"}],"wp:term":[{"taxonomy":"category","embeddable":true,"href":"https:\/\/losperiodistas.com.mx\/portal\/wp-json\/wp\/v2\/categories?post=101121"},{"taxonomy":"post_tag","embeddable":true,"href":"https:\/\/losperiodistas.com.mx\/portal\/wp-json\/wp\/v2\/tags?post=101121"}],"curies":[{"name":"wp","href":"https:\/\/api.w.org\/{rel}","templated":true}]}}