{"id":101118,"date":"2025-06-13T06:28:24","date_gmt":"2025-06-13T12:28:24","guid":{"rendered":"https:\/\/losperiodistas.com.mx\/portal\/?p=101118"},"modified":"2025-06-13T06:28:25","modified_gmt":"2025-06-13T12:28:25","slug":"pide-cancelar-el-gobierno-contrato-del-mib-lo-obligaba-a-pagar-523-millones-de-pesos-ljo","status":"publish","type":"post","link":"https:\/\/losperiodistas.com.mx\/portal\/pide-cancelar-el-gobierno-contrato-del-mib-lo-obligaba-a-pagar-523-millones-de-pesos-ljo\/","title":{"rendered":"Pide cancelar el gobierno contrato del MIB; lo obligaba a pagar 523 millones de pesos | LJO"},"content":{"rendered":"\n<p class=\"has-medium-font-size\">La determinaci\u00f3n se da a unos d\u00edas del anuncio de una auditor\u00eda al museo<\/p>\n\n\n\n<figure class=\"wp-block-image size-large\"><img fetchpriority=\"high\" decoding=\"async\" width=\"1024\" height=\"576\" src=\"https:\/\/losperiodistas.com.mx\/portal\/wp-content\/uploads\/2025\/06\/WhatsApp-Image-2025-06-12-at-21.33.53-1024x576.jpeg\" alt=\"\" class=\"wp-image-101119\" srcset=\"https:\/\/losperiodistas.com.mx\/portal\/wp-content\/uploads\/2025\/06\/WhatsApp-Image-2025-06-12-at-21.33.53-1024x576.jpeg 1024w, https:\/\/losperiodistas.com.mx\/portal\/wp-content\/uploads\/2025\/06\/WhatsApp-Image-2025-06-12-at-21.33.53-300x169.jpeg 300w, https:\/\/losperiodistas.com.mx\/portal\/wp-content\/uploads\/2025\/06\/WhatsApp-Image-2025-06-12-at-21.33.53-768x432.jpeg 768w, https:\/\/losperiodistas.com.mx\/portal\/wp-content\/uploads\/2025\/06\/WhatsApp-Image-2025-06-12-at-21.33.53.jpeg 1280w\" sizes=\"(max-width: 1024px) 100vw, 1024px\" \/><figcaption class=\"wp-element-caption\">El gobierno del estado de Puebla dio por terminado anticipadamente el contrato de asociaci\u00f3n p\u00fablico privada para desarrollo equipamiento y operaci\u00f3n del MIB<\/figcaption><\/figure>\n\n\n\n<p class=\"has-vivid-red-color has-text-color has-link-color has-medium-font-size wp-elements-dae14d7029774411b392d8399872810d\"><strong><a href=\"https:\/\/lajornadadeoriente.com.mx\/author\/efrain-nunez\">Efra\u00edn N\u00fa\u00f1ez<\/a> \/ La Jornada de Oriente<\/strong><\/p>\n\n\n\n<p><strong>El&nbsp;<a href=\"https:\/\/x.com\/Gob_Puebla\" target=\"_blank\" rel=\"noreferrer noopener\">gobierno del estado de Puebla<\/a><\/strong>&nbsp;dio por terminado anticipadamente el&nbsp;<strong>contrato de asociaci\u00f3n p\u00fablico privada<\/strong>&nbsp;para desarrollo equipamiento y operaci\u00f3n del&nbsp;<strong>Museo Internacional Barroco (MIB)<\/strong>, el cual lo obligaba a pagar&nbsp;<strong>523 millones de pesos anuales<\/strong>.<\/p>\n\n\n\n<p>Este jueves la&nbsp;<strong>Secretar\u00eda de Cultura<\/strong>&nbsp;notific\u00f3 la decisi\u00f3n al&nbsp;<a href=\"https:\/\/x.com\/Gob_Puebla\" target=\"_blank\" rel=\"noreferrer noopener\"><strong>Congreso del estado<\/strong><\/a>, la cual remiti\u00f3 el informe a la&nbsp;<strong>Comisi\u00f3n de Presupuesto y Cr\u00e9dito P\u00fablico<\/strong>&nbsp;para su an\u00e1lisis y revisi\u00f3n.<\/p>\n\n\n\n<p>La&nbsp;<strong>secretaria de Arte y Cultura<\/strong>,&nbsp;<strong>Alejandra Pacheco Mex<\/strong>, as\u00ed como&nbsp;<strong>Josefina Farf\u00e1n Ortega<\/strong>, directora de&nbsp;<strong>Museos Puebla<\/strong>&nbsp;y&nbsp;<strong>Jes\u00fas V\u00e1zquez Viveros<\/strong>, director jur\u00eddico de la dependencia estatal enviaron al&nbsp;<strong>Congreso del estado<\/strong>&nbsp;la&nbsp;<strong>resoluci\u00f3n administrativa<\/strong>.<\/p>\n\n\n\n<p>La determinaci\u00f3n notificada al&nbsp;<strong>Poder Legislativo local<\/strong>&nbsp;se da a unos d\u00edas de que el&nbsp;<strong>gobernador de Puebla<\/strong>,&nbsp;<strong>Alejandro Armenta<\/strong>, anunci\u00f3 la solicitud formal de una&nbsp;<strong>auditor\u00eda<\/strong>&nbsp;a los&nbsp;<a href=\"https:\/\/www.lajornadadeoriente.com.mx\/puebla\/reabren-investigaciones-a-obras-morenovallistas-del-teleferico-mib-y-cis-por-corrupcion\/\" target=\"_blank\" rel=\"noreferrer noopener\">proyectos&nbsp;<strong>morenovallistas<\/strong><\/a>&nbsp;del&nbsp;<strong>Telef\u00e9rico<\/strong>, el&nbsp;<strong>Museo Internacional Barroco<\/strong>&nbsp;y el&nbsp;<strong>Centro Integral de Servicios<\/strong>, con el fin de que se esclarezcan los posibles actos de&nbsp;<strong>corrupci\u00f3n<\/strong>.<\/p>\n\n\n\n<p>En rueda de prensa, el&nbsp;<strong>mandatario estatal<\/strong>&nbsp;pidi\u00f3 a la&nbsp;<strong>Secretar\u00eda de Planeaci\u00f3n y Finanzas<\/strong>, a la&nbsp;<strong>Secretar\u00eda de Buen Gobierno<\/strong>&nbsp;y a la&nbsp;<strong>Fiscal\u00eda General del Estado (<a href=\"https:\/\/x.com\/FiscaliaPuebla\" target=\"_blank\" rel=\"noreferrer noopener\">FGE<\/a>)<\/strong>&nbsp;inicien una&nbsp;<strong>auditor\u00eda<\/strong>&nbsp;a estas obras y que se act\u00fae legalmente contra los responsables.<\/p>\n\n\n\n<p>\u201cSi hay responsables vivos que se act\u00fae, porque ya estuvo bien de que todav\u00eda sigan recibiendo&nbsp;<strong>beneficios<\/strong>. Ya basta de que sigan saqueando\u201d, sentenci\u00f3.<\/p>\n\n\n\n<p>En rueda de prensa, el&nbsp;<strong>morenista<\/strong>&nbsp;aclar\u00f3 que su gobierno no amenaza ni persigue a nadie, pero tampoco es omiso.<\/p>\n\n\n\n<p>Ante lo expuesto, enfatiz\u00f3 que obras con&nbsp;<strong>sobrecostos<\/strong>&nbsp;o&nbsp;<strong>motivaciones personales<\/strong>&nbsp;no tienen cabida en su administraci\u00f3n.<\/p>\n\n\n\n<p>En mayo de este a\u00f1o,&nbsp;<a href=\"https:\/\/x.com\/JornadaOriente\" target=\"_blank\" rel=\"noreferrer noopener\"><em><strong>La Jornada de Oriente<\/strong><\/em><\/a>&nbsp;public\u00f3 que los&nbsp;<strong>poblanos<\/strong>&nbsp;pagan un promedio de&nbsp;<strong>523 millones de pesos<\/strong>&nbsp;por la&nbsp;<strong>deuda oculta<\/strong>&nbsp;que dej\u00f3 la construcci\u00f3n del&nbsp;<strong>Museo Internacional Barroco (MIB)<\/strong>, bajo el esquema de&nbsp;<strong>Proyectos de Prestaci\u00f3n de Servicios (PPS)<\/strong>.<\/p>\n\n\n\n<p>As\u00ed lo revel\u00f3 el&nbsp;<strong>gobernador Alejandro Armenta<\/strong>, quien adem\u00e1s inform\u00f3 que la&nbsp;<strong>deuda<\/strong>&nbsp;se pagar\u00e1 los pr\u00f3ximos&nbsp;<strong>15 a\u00f1os<\/strong>&nbsp;y la suma asciende a&nbsp;<strong>7 mil 845 millones de pesos<\/strong>.<\/p>\n\n\n\n<p>Llam\u00f3 la atenci\u00f3n que la declaraci\u00f3n surja despu\u00e9s de un par de meses de haber anunciado que se lleg\u00f3 a un&nbsp;<strong>acuerdo<\/strong>&nbsp;con la&nbsp;<strong>empresa<\/strong>&nbsp;que es due\u00f1a del&nbsp;<strong>MIB<\/strong>, al que&nbsp;<a href=\"https:\/\/www.lajornadadeoriente.com.mx\/puebla\/tras-reunion-con-empresarios-se-logro-reducir-la-deuda-en-2-mil-mdp-del-mib-armenta\/\" target=\"_blank\" rel=\"noreferrer noopener\">se pagar\u00eda la cantidad de&nbsp;<strong>2 mil millones de pesos<\/strong><\/a>&nbsp;para finiquitar la&nbsp;<strong>deuda<\/strong>.<\/p>\n\n\n\n<p>Adelant\u00f3 que en los siguientes d\u00edas se dar\u00e1 a conocer la&nbsp;<strong>reestructuraci\u00f3n<\/strong>&nbsp;que se hizo de dicha&nbsp;<strong>deuda<\/strong>, a la que calific\u00f3 como un \u201c<strong>monumento a la corrupci\u00f3n<\/strong>\u201d.<\/p>\n\n\n\n<p>Fuente: <a href=\"https:\/\/www.lajornadadeoriente.com.mx\/puebla\/pide-cancelar-el-gobierno-contrato-del-mib-lo-obligaba-a-pagar-523-millones-de-pesos\/\">https:\/\/www.lajornadadeoriente.com.mx\/puebla\/pide-cancelar-el-gobierno-contrato-del-mib-lo-obligaba-a-pagar-523-millones-de-pesos\/<\/a><\/p>\n","protected":false},"excerpt":{"rendered":"<p>La determinaci\u00f3n se da a unos d\u00edas del anuncio de una auditor\u00eda al museo Efra\u00edn N\u00fa\u00f1ez \/ La Jornada de [&hellip;]<\/p>\n","protected":false},"author":1,"featured_media":101119,"comment_status":"open","ping_status":"open","sticky":false,"template":"","format":"standard","meta":{"site-sidebar-layout":"default","site-content-layout":"","ast-site-content-layout":"default","site-content-style":"default","site-sidebar-style":"default","ast-global-header-display":"","ast-banner-title-visibility":"","ast-main-header-display":"","ast-hfb-above-header-display":"","ast-hfb-below-header-display":"","ast-hfb-mobile-header-display":"","site-post-title":"","ast-breadcrumbs-content":"","ast-featured-img":"","footer-sml-layout":"","theme-transparent-header-meta":"","adv-header-id-meta":"","stick-header-meta":"","header-above-stick-meta":"","header-main-stick-meta":"","header-below-stick-meta":"","astra-migrate-meta-layouts":"default","ast-page-background-enabled":"default","ast-page-background-meta":{"desktop":{"background-color":"var(--ast-global-color-4)","background-image":"","background-repeat":"repeat","background-position":"center center","background-size":"auto","background-attachment":"scroll","background-type":"","background-media":"","overlay-type":"","overlay-color":"","overlay-opacity":"","overlay-gradient":""},"tablet":{"background-color":"","background-image":"","background-repeat":"repeat","background-position":"center center","background-size":"auto","background-attachment":"scroll","background-type":"","background-media":"","overlay-type":"","overlay-color":"","overlay-opacity":"","overlay-gradient":""},"mobile":{"background-color":"","background-image":"","background-repeat":"repeat","background-position":"center center","background-size":"auto","background-attachment":"scroll","background-type":"","background-media":"","overlay-type":"","overlay-color":"","overlay-opacity":"","overlay-gradient":""}},"ast-content-background-meta":{"desktop":{"background-color":"var(--ast-global-color-5)","background-image":"","background-repeat":"repeat","background-position":"center center","background-size":"auto","background-attachment":"scroll","background-type":"","background-media":"","overlay-type":"","overlay-color":"","overlay-opacity":"","overlay-gradient":""},"tablet":{"background-color":"var(--ast-global-color-5)","background-image":"","background-repeat":"repeat","background-position":"center center","background-size":"auto","background-attachment":"scroll","background-type":"","background-media":"","overlay-type":"","overlay-color":"","overlay-opacity":"","overlay-gradient":""},"mobile":{"background-color":"var(--ast-global-color-5)","background-image":"","background-repeat":"repeat","background-position":"center center","background-size":"auto","background-attachment":"scroll","background-type":"","background-media":"","overlay-type":"","overlay-color":"","overlay-opacity":"","overlay-gradient":""}},"footnotes":""},"categories":[8],"tags":[39204,39205,21454,39206],"class_list":["post-101118","post","type-post","status-publish","format-standard","has-post-thumbnail","hentry","category-noticias","tag-deuda-museo-barroco","tag-grupo-hermes","tag-mib","tag-pps-puebla"],"_links":{"self":[{"href":"https:\/\/losperiodistas.com.mx\/portal\/wp-json\/wp\/v2\/posts\/101118","targetHints":{"allow":["GET"]}}],"collection":[{"href":"https:\/\/losperiodistas.com.mx\/portal\/wp-json\/wp\/v2\/posts"}],"about":[{"href":"https:\/\/losperiodistas.com.mx\/portal\/wp-json\/wp\/v2\/types\/post"}],"author":[{"embeddable":true,"href":"https:\/\/losperiodistas.com.mx\/portal\/wp-json\/wp\/v2\/users\/1"}],"replies":[{"embeddable":true,"href":"https:\/\/losperiodistas.com.mx\/portal\/wp-json\/wp\/v2\/comments?post=101118"}],"version-history":[{"count":1,"href":"https:\/\/losperiodistas.com.mx\/portal\/wp-json\/wp\/v2\/posts\/101118\/revisions"}],"predecessor-version":[{"id":101120,"href":"https:\/\/losperiodistas.com.mx\/portal\/wp-json\/wp\/v2\/posts\/101118\/revisions\/101120"}],"wp:featuredmedia":[{"embeddable":true,"href":"https:\/\/losperiodistas.com.mx\/portal\/wp-json\/wp\/v2\/media\/101119"}],"wp:attachment":[{"href":"https:\/\/losperiodistas.com.mx\/portal\/wp-json\/wp\/v2\/media?parent=101118"}],"wp:term":[{"taxonomy":"category","embeddable":true,"href":"https:\/\/losperiodistas.com.mx\/portal\/wp-json\/wp\/v2\/categories?post=101118"},{"taxonomy":"post_tag","embeddable":true,"href":"https:\/\/losperiodistas.com.mx\/portal\/wp-json\/wp\/v2\/tags?post=101118"}],"curies":[{"name":"wp","href":"https:\/\/api.w.org\/{rel}","templated":true}]}}