{"id":101111,"date":"2025-06-12T14:03:47","date_gmt":"2025-06-12T20:03:47","guid":{"rendered":"https:\/\/losperiodistas.com.mx\/portal\/?p=101111"},"modified":"2025-06-12T14:03:48","modified_gmt":"2025-06-12T20:03:48","slug":"comiendo-pajaritos","status":"publish","type":"post","link":"https:\/\/losperiodistas.com.mx\/portal\/comiendo-pajaritos\/","title":{"rendered":"Comiendo pajaritos"},"content":{"rendered":"\n<p class=\"has-medium-font-size\">#ElRinconDeZalacain | <em>Caracoles y p\u00e1jaros eran comida cotidiana del hombre del Mesol\u00edtico, Zalaca\u00edn hace un repaso sobre su experiencia personal en M\u00e9rida, Extremadura.<\/em><\/p>\n\n\n\n<figure class=\"wp-block-embed is-type-video is-provider-youtube wp-block-embed-youtube wp-embed-aspect-16-9 wp-has-aspect-ratio\"><div class=\"wp-block-embed__wrapper\">\nhttps:\/\/youtu.be\/16f37h6xxTU?si=_5O-9_gbxevjqs4s\n<\/div><\/figure>\n\n\n\n<p class=\"has-vivid-red-color has-text-color has-link-color has-medium-font-size wp-elements-ad98dea94edb784731a8a5c5cf0383d3\"><strong><em>Por Jes\u00fas Manuel Hern\u00e1ndez*<\/em><\/strong><\/p>\n\n\n\n<p>La Revista Internacional de Osteoarqueolog\u00eda&nbsp;acaba de publicar una investigaci\u00f3n efectuada por un equipo internacional de arque\u00f3logos del Instituto Mediterr\u00e1neo de Estudios Avanzados para demostrar la antig\u00fcedad de la llamada <strong>\u201ccomida r\u00e1pida\u201d<\/strong>.<\/p>\n\n\n\n<p>Amigos de Madrid le hicieron llegar a Zalaca\u00edn una copia del texto donde se describe la existencia en la <strong>Antigua Roma<\/strong> de unos locales llamados &nbsp;<strong><em>\u201cpopinae\u201d<\/em><\/strong> y <strong><em>\u201ctabernae\u201d<\/em><\/strong> especializados en ofrecer comida econ\u00f3mica para viajeros, platos sencillos, un tanto especializados para gente de escasos recursos y quienes evidentemente no gozaban de contar con cocineros para preparar los <strong>banquetes romanos<\/strong>.<\/p>\n\n\n\n<p>La dieta de la Antigua Roma estaba dividida en el llamado <strong><em>Ientaculum<\/em><\/strong>, algo parecido al actual desayuno occidental, m\u00e1s tarde aparec\u00eda el <strong><em>Prandium<\/em><\/strong>, especie de almuerzo, y por \u00faltimo la <strong><em>\u201cCena\u201d<\/em><\/strong>, la comida principal del d\u00eda, acostumbrada al ponerse el sol, despu\u00e9s de haber terminado las actividades laborales.<\/p>\n\n\n\n<p>Las investigaciones hechas en <strong>Mallorca<\/strong>, en la antigua ciudad romana de <strong>Pollentia<\/strong>, han revelado el consumo de algunos alimentos. Dentro de un pozo &nbsp;cercano a una <strong>\u201cpopinae\u201d<\/strong> fueron localizados <strong>huesos de tordos<\/strong>, un ave citada en los grandes banquetes romanos de <strong>Apicius<\/strong>, el cocinero m\u00e1s importante de la \u00e9poca, pero no aparec\u00edan en el consumo de las clases populares.<\/p>\n\n\n\n<p>Apicius en su <strong>\u201cDe-Re-Recoquinaria\u201d<\/strong> describe c\u00f3mo cocinar <strong>tordos rellenos<\/strong>, se machacaba pimienta con <strong>\u201cbejui\u201d<\/strong> una resina de un \u00e1rbol de Java, se agregaban bayas de laurel y se mezclaba todo con <strong>\u201cenogaro\u201d<\/strong>, un ingrediente desconocido en la actualidad, la salsa se introduc\u00eda por la boca al tordo, luego se le coc\u00eda la boca y se met\u00eda a hervir en agua con aceite, sal, eneldo y puerros.<\/p>\n\n\n\n<p>Pues los arque\u00f3logos han concluido <strong>\u201clas aves eran aplanadas y fritas en aceite\u201d<\/strong>, con lo cual su consumo era f\u00e1cil y r\u00e1pido, una necesidad de los viajeros.<\/p>\n\n\n\n<p>Los p\u00e1jaros han sido, junto con los caracoles, tambi\u00e9n citados por Apicius, parte de la lista de alimentos b\u00e1sicos del <strong>hombre del mesol\u00edtico<\/strong>, entre 10 mil y 5 mil a\u00f1os antes de Cristo -es decir cuando era errante-, junto a ciervos, jabal\u00edes, liebres y algunos pescados, sumados a ra\u00edces, tub\u00e9rculos, hojas, frutos quiz\u00e1.<\/p>\n\n\n\n<p>El emperador Moctezuma entre su dieta acostumbraba tambi\u00e9n algunas aves, <strong>asadas en un otate<\/strong>, especie de<\/p>\n\n\n\n<p>&nbsp;\u201calambre\u201d de hoy d\u00eda.<\/p>\n\n\n\n<p>Zalaca\u00edn record\u00f3 con nostalgia a su amigo <strong>Pepe Flores<\/strong>, quien hace varias d\u00e9cadas le organiz\u00f3 una cena un tanto clandestina en la ciudad de M\u00e9rida, en Extremadura, donde se ten\u00eda la costumbre, derivada de los asentamientos romanos del Sacro Imperio, de <strong>consumir \u201cpajaritos\u201d fritos o asados.<\/strong><\/p>\n\n\n\n<p>Su alto consumo oblig\u00f3 a las autoridades a perseguir esa pr\u00e1ctica, pues el pajarito era un regulador de la llegada de insectos.<\/p>\n\n\n\n<p>Pero una noche de la <strong>Feria Chica de los Gitanos<\/strong>, en octubre, mientras cantaba <strong>\u201cJos\u00e9 El Franc\u00e9s\u201d<\/strong> Zalaca\u00edn fue convidado a entrar en una peque\u00f1a taberna, y una vez cerrada la puerta por dentro, apareci\u00f3 el manjar, <strong>los pajaritos fritos\u2026 y a degustarlos.<\/strong><\/p>\n\n\n\n<p>Vaya experiencia con aquel querido amigo, ya fallecido y quien por cierto le regal\u00f3 a Zalaca\u00edn el recetario de su familia, una colecci\u00f3n de cien a\u00f1os de comida extreme\u00f1a, pero esa, esa es otra historia.<\/p>\n\n\n\n<p><a href=\"http:\/\/www.losperiodistas.com.mx\">www.losperiodistas.com.mx<\/a><\/p>\n\n\n\n<p>YouTube El Rinc\u00f3n de Zalaca\u00edn<\/p>\n\n\n\n<p>* Autor de \u201cOr\u00edgenes de la Cocina Poblana\u201d Editorial Planeta.<\/p>\n\n\n\n<p><a href=\"mailto:elrincondezalacain@gmail.com\">elrincondezalacain@gmail.com<\/a><\/p>\n","protected":false},"excerpt":{"rendered":"<p>#ElRinconDeZalacain | Caracoles y p\u00e1jaros eran comida cotidiana del hombre del Mesol\u00edtico, Zalaca\u00edn hace un repaso sobre su experiencia personal [&hellip;]<\/p>\n","protected":false},"author":1,"featured_media":101112,"comment_status":"open","ping_status":"open","sticky":false,"template":"","format":"standard","meta":{"site-sidebar-layout":"default","site-content-layout":"","ast-site-content-layout":"default","site-content-style":"default","site-sidebar-style":"default","ast-global-header-display":"","ast-banner-title-visibility":"","ast-main-header-display":"","ast-hfb-above-header-display":"","ast-hfb-below-header-display":"","ast-hfb-mobile-header-display":"","site-post-title":"","ast-breadcrumbs-content":"","ast-featured-img":"","footer-sml-layout":"","theme-transparent-header-meta":"","adv-header-id-meta":"","stick-header-meta":"","header-above-stick-meta":"","header-main-stick-meta":"","header-below-stick-meta":"","astra-migrate-meta-layouts":"default","ast-page-background-enabled":"default","ast-page-background-meta":{"desktop":{"background-color":"var(--ast-global-color-4)","background-image":"","background-repeat":"repeat","background-position":"center center","background-size":"auto","background-attachment":"scroll","background-type":"","background-media":"","overlay-type":"","overlay-color":"","overlay-opacity":"","overlay-gradient":""},"tablet":{"background-color":"","background-image":"","background-repeat":"repeat","background-position":"center center","background-size":"auto","background-attachment":"scroll","background-type":"","background-media":"","overlay-type":"","overlay-color":"","overlay-opacity":"","overlay-gradient":""},"mobile":{"background-color":"","background-image":"","background-repeat":"repeat","background-position":"center center","background-size":"auto","background-attachment":"scroll","background-type":"","background-media":"","overlay-type":"","overlay-color":"","overlay-opacity":"","overlay-gradient":""}},"ast-content-background-meta":{"desktop":{"background-color":"var(--ast-global-color-5)","background-image":"","background-repeat":"repeat","background-position":"center center","background-size":"auto","background-attachment":"scroll","background-type":"","background-media":"","overlay-type":"","overlay-color":"","overlay-opacity":"","overlay-gradient":""},"tablet":{"background-color":"var(--ast-global-color-5)","background-image":"","background-repeat":"repeat","background-position":"center center","background-size":"auto","background-attachment":"scroll","background-type":"","background-media":"","overlay-type":"","overlay-color":"","overlay-opacity":"","overlay-gradient":""},"mobile":{"background-color":"var(--ast-global-color-5)","background-image":"","background-repeat":"repeat","background-position":"center center","background-size":"auto","background-attachment":"scroll","background-type":"","background-media":"","overlay-type":"","overlay-color":"","overlay-opacity":"","overlay-gradient":""}},"footnotes":""},"categories":[8,4],"tags":[22651,39202,39203,3944,39200,39201],"class_list":["post-101111","post","type-post","status-publish","format-standard","has-post-thumbnail","hentry","category-noticias","category-zalacain","tag-apicius","tag-comida-antigua-roma","tag-de-re-coquinaria","tag-gastronomia","tag-gastronomia-extremena","tag-pajaritos-fritos"],"_links":{"self":[{"href":"https:\/\/losperiodistas.com.mx\/portal\/wp-json\/wp\/v2\/posts\/101111","targetHints":{"allow":["GET"]}}],"collection":[{"href":"https:\/\/losperiodistas.com.mx\/portal\/wp-json\/wp\/v2\/posts"}],"about":[{"href":"https:\/\/losperiodistas.com.mx\/portal\/wp-json\/wp\/v2\/types\/post"}],"author":[{"embeddable":true,"href":"https:\/\/losperiodistas.com.mx\/portal\/wp-json\/wp\/v2\/users\/1"}],"replies":[{"embeddable":true,"href":"https:\/\/losperiodistas.com.mx\/portal\/wp-json\/wp\/v2\/comments?post=101111"}],"version-history":[{"count":1,"href":"https:\/\/losperiodistas.com.mx\/portal\/wp-json\/wp\/v2\/posts\/101111\/revisions"}],"predecessor-version":[{"id":101113,"href":"https:\/\/losperiodistas.com.mx\/portal\/wp-json\/wp\/v2\/posts\/101111\/revisions\/101113"}],"wp:featuredmedia":[{"embeddable":true,"href":"https:\/\/losperiodistas.com.mx\/portal\/wp-json\/wp\/v2\/media\/101112"}],"wp:attachment":[{"href":"https:\/\/losperiodistas.com.mx\/portal\/wp-json\/wp\/v2\/media?parent=101111"}],"wp:term":[{"taxonomy":"category","embeddable":true,"href":"https:\/\/losperiodistas.com.mx\/portal\/wp-json\/wp\/v2\/categories?post=101111"},{"taxonomy":"post_tag","embeddable":true,"href":"https:\/\/losperiodistas.com.mx\/portal\/wp-json\/wp\/v2\/tags?post=101111"}],"curies":[{"name":"wp","href":"https:\/\/api.w.org\/{rel}","templated":true}]}}