{"id":100956,"date":"2025-06-10T06:32:32","date_gmt":"2025-06-10T12:32:32","guid":{"rendered":"https:\/\/losperiodistas.com.mx\/portal\/?p=100956"},"modified":"2025-06-10T06:32:33","modified_gmt":"2025-06-10T12:32:33","slug":"la-feria-de-san-isidro-vuelve-a-crecer-casi-600-000-espectadores-15-no-hay-billetes-un-promedio-del-92-de-asistencia-el-mundo","status":"publish","type":"post","link":"https:\/\/losperiodistas.com.mx\/portal\/la-feria-de-san-isidro-vuelve-a-crecer-casi-600-000-espectadores-15-no-hay-billetes-un-promedio-del-92-de-asistencia-el-mundo\/","title":{"rendered":"La feria de San Isidro vuelve a crecer: casi 600.000 espectadores, 15 \u00abno hay billetes\u00bb, un promedio del 92% de asistencia | El Mundo"},"content":{"rendered":"\n<p class=\"has-light-green-cyan-background-color has-background has-medium-font-size\">El ciclo isidril, que ya hab\u00eda marcado un a\u00f1o m\u00e1s incremento en su n\u00famero de abonados (17.536), vuelve a subir en la cifra final de espectadores, con casi 12.000 m\u00e1s que la pasada temporada.<\/p>\n\n\n\n<figure class=\"wp-block-image\"><img decoding=\"async\" src=\"https:\/\/e00-elmundo.uecdn.es\/assets\/multimedia\/imagenes\/2025\/06\/09\/17494824923230.jpg\" alt=\"Aspecto de la Monumental de las Ventas llena\"\/><figcaption class=\"wp-element-caption\">Aspecto de la Monumental de las Ventas llena Plaza 1<\/figcaption><\/figure>\n\n\n\n<p class=\"has-vivid-red-color has-text-color has-link-color has-medium-font-size wp-elements-f9b3044a2304b64c60613cfb6b4d1ba0\"><strong>El Mundo<\/strong><\/p>\n\n\n\n<p class=\"has-vivid-red-color has-text-color has-link-color has-medium-font-size wp-elements-76c8658804c63a824245e5add2acc802\">Madrid<\/p>\n\n\n\n<p><\/p>\n\n\n\n<p>La reci\u00e9n finalizada<strong>&nbsp;Feria de San Isidro&nbsp;<\/strong>en la Plaza de Toros de Las Ventas, junto a la&nbsp;<strong>Corrida&nbsp;<\/strong>Extraordinaria de Beneficencia que puso punto final ayer domingo a un mes continuado de toros en Madrid, ha congregado&nbsp;<strong>576.228 espectadores<\/strong>. Hasta en&nbsp;<strong>15 tardes<\/strong>&nbsp;se colg\u00f3 el cartel de<strong>&nbsp;\u00abno hay billetes\u00bb,<\/strong>&nbsp;dos m\u00e1s que en 2024.<br><br>El ciclo isidril, que ya hab\u00eda marcado un a\u00f1o m\u00e1s incremento en su n\u00famero de abonados (17.536), vuelve a subir en la cifra final de espectadores, con casi 12.000 m\u00e1s que la pasada temporada. En las 27 tardes &#8211; las 26 de abono y la Corrida de Beneficencia -, se ha logrado una&nbsp;<strong>asistencia media de 21.432 espectadores. El 92,9% del aforo&nbsp;<\/strong>de la plaza se ha cubierto tarde tras tarde.<br><br>Las espectaculares cifras de asistencia que ha cosechado la Feria de San Isidro 2025 se reflejan, incluso, en aquellos festejos de menor venta de entradas.&nbsp;<strong>16.687 espectadores ha sido este a\u00f1o la entrada registrada en la tarde con menos p\u00fablico,<\/strong>&nbsp;frente a los 15.111 que se congregaron en los tendidos en la tarde de menor afluencia del pasado a\u00f1o.<br><br>Tras la Feria de San Isidro, el pr\u00f3ximo domingo Las Ventas acoger\u00e1 otro gran acontecimiento, la&nbsp;<strong>corrida In Memoriam de Victorino Mart\u00edn Andr\u00e9s.<\/strong>&nbsp;Una cita que, de nuevo, pondr\u00e1 el cartel de \u00abno hay billetes\u00bb en las taquillas del coso.<\/p>\n\n\n\n<p>Fuente: <a href=\"https:\/\/www.elmundo.es\/cultura\/toros\/2025\/06\/09\/6846fc31fc6c83d93e8b45a3.html\">https:\/\/www.elmundo.es\/cultura\/toros\/2025\/06\/09\/6846fc31fc6c83d93e8b45a3.html<\/a><\/p>\n","protected":false},"excerpt":{"rendered":"<p>El ciclo isidril, que ya hab\u00eda marcado un a\u00f1o m\u00e1s incremento en su n\u00famero de abonados (17.536), vuelve a subir [&hellip;]<\/p>\n","protected":false},"author":1,"featured_media":100957,"comment_status":"open","ping_status":"open","sticky":false,"template":"","format":"standard","meta":{"site-sidebar-layout":"default","site-content-layout":"","ast-site-content-layout":"default","site-content-style":"default","site-sidebar-style":"default","ast-global-header-display":"","ast-banner-title-visibility":"","ast-main-header-display":"","ast-hfb-above-header-display":"","ast-hfb-below-header-display":"","ast-hfb-mobile-header-display":"","site-post-title":"","ast-breadcrumbs-content":"","ast-featured-img":"","footer-sml-layout":"","theme-transparent-header-meta":"","adv-header-id-meta":"","stick-header-meta":"","header-above-stick-meta":"","header-main-stick-meta":"","header-below-stick-meta":"","astra-migrate-meta-layouts":"default","ast-page-background-enabled":"default","ast-page-background-meta":{"desktop":{"background-color":"var(--ast-global-color-4)","background-image":"","background-repeat":"repeat","background-position":"center center","background-size":"auto","background-attachment":"scroll","background-type":"","background-media":"","overlay-type":"","overlay-color":"","overlay-opacity":"","overlay-gradient":""},"tablet":{"background-color":"","background-image":"","background-repeat":"repeat","background-position":"center center","background-size":"auto","background-attachment":"scroll","background-type":"","background-media":"","overlay-type":"","overlay-color":"","overlay-opacity":"","overlay-gradient":""},"mobile":{"background-color":"","background-image":"","background-repeat":"repeat","background-position":"center center","background-size":"auto","background-attachment":"scroll","background-type":"","background-media":"","overlay-type":"","overlay-color":"","overlay-opacity":"","overlay-gradient":""}},"ast-content-background-meta":{"desktop":{"background-color":"var(--ast-global-color-5)","background-image":"","background-repeat":"repeat","background-position":"center center","background-size":"auto","background-attachment":"scroll","background-type":"","background-media":"","overlay-type":"","overlay-color":"","overlay-opacity":"","overlay-gradient":""},"tablet":{"background-color":"var(--ast-global-color-5)","background-image":"","background-repeat":"repeat","background-position":"center center","background-size":"auto","background-attachment":"scroll","background-type":"","background-media":"","overlay-type":"","overlay-color":"","overlay-opacity":"","overlay-gradient":""},"mobile":{"background-color":"var(--ast-global-color-5)","background-image":"","background-repeat":"repeat","background-position":"center center","background-size":"auto","background-attachment":"scroll","background-type":"","background-media":"","overlay-type":"","overlay-color":"","overlay-opacity":"","overlay-gradient":""}},"footnotes":""},"categories":[8],"tags":[35561,9674,26097,39122],"class_list":["post-100956","post","type-post","status-publish","format-standard","has-post-thumbnail","hentry","category-noticias","tag-feria-de-san-isidro","tag-las-ventas","tag-no-hay-billetes","tag-recor-de-asistencia"],"_links":{"self":[{"href":"https:\/\/losperiodistas.com.mx\/portal\/wp-json\/wp\/v2\/posts\/100956","targetHints":{"allow":["GET"]}}],"collection":[{"href":"https:\/\/losperiodistas.com.mx\/portal\/wp-json\/wp\/v2\/posts"}],"about":[{"href":"https:\/\/losperiodistas.com.mx\/portal\/wp-json\/wp\/v2\/types\/post"}],"author":[{"embeddable":true,"href":"https:\/\/losperiodistas.com.mx\/portal\/wp-json\/wp\/v2\/users\/1"}],"replies":[{"embeddable":true,"href":"https:\/\/losperiodistas.com.mx\/portal\/wp-json\/wp\/v2\/comments?post=100956"}],"version-history":[{"count":1,"href":"https:\/\/losperiodistas.com.mx\/portal\/wp-json\/wp\/v2\/posts\/100956\/revisions"}],"predecessor-version":[{"id":100958,"href":"https:\/\/losperiodistas.com.mx\/portal\/wp-json\/wp\/v2\/posts\/100956\/revisions\/100958"}],"wp:featuredmedia":[{"embeddable":true,"href":"https:\/\/losperiodistas.com.mx\/portal\/wp-json\/wp\/v2\/media\/100957"}],"wp:attachment":[{"href":"https:\/\/losperiodistas.com.mx\/portal\/wp-json\/wp\/v2\/media?parent=100956"}],"wp:term":[{"taxonomy":"category","embeddable":true,"href":"https:\/\/losperiodistas.com.mx\/portal\/wp-json\/wp\/v2\/categories?post=100956"},{"taxonomy":"post_tag","embeddable":true,"href":"https:\/\/losperiodistas.com.mx\/portal\/wp-json\/wp\/v2\/tags?post=100956"}],"curies":[{"name":"wp","href":"https:\/\/api.w.org\/{rel}","templated":true}]}}