{"id":100952,"date":"2025-06-10T06:10:57","date_gmt":"2025-06-10T12:10:57","guid":{"rendered":"https:\/\/losperiodistas.com.mx\/portal\/?p=100952"},"modified":"2025-06-10T06:10:58","modified_gmt":"2025-06-10T12:10:58","slug":"opinion-se-crea-una-nueva-puebla-armenta","status":"publish","type":"post","link":"https:\/\/losperiodistas.com.mx\/portal\/opinion-se-crea-una-nueva-puebla-armenta\/","title":{"rendered":"Opini\u00f3n | Se crea una nueva Puebla: Armenta"},"content":{"rendered":"\n<p class=\"has-medium-font-size\">*No aspira a otro cargo; su sue\u00f1o siempre fue ser Gobernador de Puebla<\/p>\n\n\n\n<figure class=\"wp-block-image size-large\"><img fetchpriority=\"high\" decoding=\"async\" width=\"1024\" height=\"595\" src=\"https:\/\/losperiodistas.com.mx\/portal\/wp-content\/uploads\/2025\/06\/EL-GOBERNADOR-ALEJANDRO-ARMENTA-1024x595.jpg\" alt=\"\" class=\"wp-image-100953\" srcset=\"https:\/\/losperiodistas.com.mx\/portal\/wp-content\/uploads\/2025\/06\/EL-GOBERNADOR-ALEJANDRO-ARMENTA-1024x595.jpg 1024w, https:\/\/losperiodistas.com.mx\/portal\/wp-content\/uploads\/2025\/06\/EL-GOBERNADOR-ALEJANDRO-ARMENTA-300x174.jpg 300w, https:\/\/losperiodistas.com.mx\/portal\/wp-content\/uploads\/2025\/06\/EL-GOBERNADOR-ALEJANDRO-ARMENTA-768x446.jpg 768w, https:\/\/losperiodistas.com.mx\/portal\/wp-content\/uploads\/2025\/06\/EL-GOBERNADOR-ALEJANDRO-ARMENTA-1536x892.jpg 1536w, https:\/\/losperiodistas.com.mx\/portal\/wp-content\/uploads\/2025\/06\/EL-GOBERNADOR-ALEJANDRO-ARMENTA.jpg 1615w\" sizes=\"(max-width: 1024px) 100vw, 1024px\" \/><\/figure>\n\n\n\n<p>Por Ra\u00fal Torres Salmer\u00f3n<\/p>\n\n\n\n<p>En abierta pl\u00e1tica con columnistas de plataformas digitales, medios impresos, radio y televisi\u00f3n, en reuni\u00f3n efectuada en el Sal\u00f3n Juan C. Bonilla de la sede del Gobierno del Estado, el Gobernador del estado, Alejandro Armenta, habla de sus planes y metas de Gobierno, de la nueva Puebla que surge, plena de humanismo y sin corrupci\u00f3n.<\/p>\n\n\n\n<p>Estuvo flanqueado por el Secretario de Gobernaci\u00f3n, Samuel Aguilar Pala; el Coordinador General de Comunicaci\u00f3n y Agenda Digital, Jos\u00e9 Tom\u00e9 Cabrera y la Directora de SICOM, Natalie Hoyos L\u00f3pez; Jos\u00e9 Manuel Mart\u00ednez, Subcoordinador de Comunicaci\u00f3n Social y Michelle Talavera Herrera, Directora de Convenciones y Parques.<\/p>\n\n\n\n<p>Entre otras ideas, expres\u00f3 las siguientes:<\/p>\n\n\n\n<p>-Por supuesto que habr\u00e1 mega obra p\u00fablica como el saneamiento del Rio Atoyac, el lago de Valsequillo, el cableb\u00fas y carreteras, entre otras, pero la mega obra que nos permitir\u00e1 proyectar a Puebla hacia el desarrollo econ\u00f3mico, es erradicar la corrupci\u00f3n.<\/p>\n\n\n\n<p>-Cada d\u00eda encuentro pr\u00e1cticas corruptas como estilo de vida y vamos a poner orden. Puebla ser\u00e1 liberada de ese mal. Se har\u00e1n y cumplir\u00e1n todas las obras proyectadas, habr\u00e1 mega obras, pero sin mega fraudes, sin mega moches, sin mega milpas; el Gobierno tiene la voluntad para combatir el burocratismo y la corrupci\u00f3n, la meta es cero corrupci\u00f3n.<\/p>\n\n\n\n<p>-Se construye con leyes una nueva administraci\u00f3n p\u00fablica, un nuevo gobierno que aplicar\u00e1 la bio\u00e9tica social a la administraci\u00f3n p\u00fablica para apoyar los derechos sociales de la comunidad. La reorientaci\u00f3n y reingenier\u00eda en la administraci\u00f3n p\u00fablica se hizo ante el burocratismo y la corrupci\u00f3n que diariamente aparecen en el Gobierno del Estado, como secuelas de administraciones pasadas<\/p>\n\n\n\n<p>-Se han separado de la administraci\u00f3n por corrupci\u00f3n, un buen n\u00famero de servidores p\u00fablicos, aunque sin aspavientos o sin show medi\u00e1tico.<\/p>\n\n\n\n<p>-Por amor sirvo a los poblanos y a Puebla porque ellos son M\u00e9xico. Por ello el lema Por Amor a Puebla y Pensar en Grande.<\/p>\n\n\n\n<p>-Despu\u00e9s de gobernar Puebla no tengo aspiraci\u00f3n pol\u00edtica, no busco otro cargo m\u00e1s. Mi sue\u00f1o siempre fue ser Gobernador de Puebla y ahora lo soy.<\/p>\n\n\n\n<p>-Mi sue\u00f1o siempre fue gobernar Puebla, donde estoy ahora, me siento c\u00f3modo, feliz y con el deseo de corregir muchas cosas en el Estado que durante los \u00faltimos a\u00f1os por azares del destino y tambi\u00e9n por motivos pol\u00edticos tuvo gobiernos que dejaron problemas y una \u201cdeuda monstruosa\u201d.<\/p>\n\n\n\n<p>-Una de las obras que m\u00e1s endeud\u00f3 a Puebla fue el Museo Barroco. He solicitado a las Secretar\u00eda de Finanzas, del Buen Gobierno y a la Fiscal\u00eda General del Estado una auditor\u00eda a esta obra, al Telef\u00e9rico y al Banco Accendo a fin de conocer qui\u00e9nes fueron los culpables de corrupci\u00f3n, en su momento aplicar responsabilidades y evitar que se siga saqueando al estado<\/p>\n\n\n\n<p>-El Museo Barroco no es de los poblanos, es propiedad de una empresa, que siguen pagando los poblanos, a quienes les cuesta pagar 500 millones de pesos anuales y de continuar pagando el contrato hasta 2040, significar\u00eda pagar 14 mil millones de pesos. Con ese recurso se construir\u00edan 14 telescopios mil\u00edmetros como el que existe en el Cerro de la Negra ubicado en las faldas del Citlalt\u00e9petl.<\/p>\n\n\n\n<p>-Duermo bien todas las noches, llego cansado a dormir, pero con la convicci\u00f3n de empezar un nuevo d\u00eda, por amor a Puebla.<\/p>\n\n\n\n<p>-El deporte representa para la juventud y poblaci\u00f3n en general una soluci\u00f3n para muchos problemas y un apoyo para su desarrollo, que durante 13 a\u00f1os estuvo excluido de programas nacionales y grandes eventos, ya que se deb\u00edan adeudos millonarios que se han pagado.<\/p>\n\n\n\n<p>-Para impulsar a Puebla y que sea tierra de Campeones, se liquid\u00f3 la deuda, se cre\u00f3 la Universidad del Deporte. Por primera vez en M\u00e9xico se aplicar\u00e1 el deporte obligatoriamente en la primaria, secundaria y bachillerato.<\/p>\n\n\n\n<p>-La Casa del periodista no tiene otra funci\u00f3n m\u00e1s que hacer algo de justicia para los trabajadores de los medios de comunicaci\u00f3n y se administrar\u00e1 mediante una Fundaci\u00f3n.<\/p>\n\n\n\n<p>-La marca de caf\u00e9 de Puebla que se llamar\u00e1 Caf\u00e9 Soluble 5 de Mayo, en breve se lanzar\u00e1 al p\u00fablico, adem\u00e1s de otros productos poblanos.<\/p>\n\n\n\n<p>-El Gobierno del Estado acabar\u00e1 con las mafias y seguir\u00e1 poniendo orden en el transporte, en las concesiones, en las gr\u00faas y no permitir que organizaciones se apoderen de estacionamientos en estadios.<\/p>\n\n\n\n<p>-La inseguridad es un tema que tiene prioridad, se realizan encuestas cruzadas para conocer la realidad del Estado, el Gobierno no es c\u00f3mplice de ning\u00fan delincuente. Hay cifras de la baja en temas como los feminicidios, la recuperaci\u00f3n de veh\u00edculos robados, homicidios dolosos, robo a transportistas y robo a casa habitaci\u00f3n, entre otros.<\/p>\n\n\n\n<p>-En los pr\u00f3ximos d\u00edas entregar\u00e1n m\u00e1s patrullas para tener mayor seguridad; se exigir\u00e1 a los Presidentes Municipales a no aliarse con el crimen organizado, sean del partido que sean; actualmente hay 6 alcaldes detenidos y en la c\u00e1rcel, as\u00ed como un pr\u00f3fugo; a quienes se coludan se les aplicar\u00e1 todo el peso de la ley.<\/p>\n\n\n\n<p>-La pr\u00f3xima semana se empezar\u00e1 a destinar 60 millones de petropesos que PEMEX destina en especie a Puebla, son 45 millones en materiales diversos y 15 millones en combustibles, que ser\u00e1n aplicados en obras de infraestructura en diversas regiones del Estado. Las primeras carreteras ser\u00e1n la que va de San Francisco Totimehuac\u00e1n hacia San Baltazar Tetela, Africam y la Panga.<\/p>\n\n\n\n<p>-Se iniciar\u00e1 la construcci\u00f3n del puente que cruzar\u00e1 el Lago de Valsequillo, un viejo anhelo de los habitantes de la zona; ser\u00e1 recuperado el Lago de Valsequillo y se aprovechar\u00e1 el lirio acu\u00e1tico; habr\u00e1 saneamiento del R\u00edo Atoyac en el gran Plan H\u00eddrico Integral, con inversi\u00f3n de 800 millones de pesos.<\/p>\n\n\n\n<p>-Tengo el compromiso de mantener un gobierno humano, cercano y solidario con quienes m\u00e1s lo necesitan y considero que mi aspiraci\u00f3n es ser el Gobernador m\u00e1s justo de Puebla y no pretendo a otro cargo m\u00e1s. Defino el amor a Puebla, uno de mis lemas de Gobierno, como el amor a la patria.<\/p>\n\n\n\n<p>-El campo no admite demora burocr\u00e1tica, por ello ya se han entregado insumos y abonos para que le vaya bien a ejidatarios y peque\u00f1os productores. Se crear\u00e1 FERTIPUE, una prioridad en sinton\u00eda con el impulso de la soberan\u00eda alimentaria en la entidad y de mejorar la calidad de vida en el campo.<\/p>\n\n\n\n<p>En el Sal\u00f3n Bonilla del CIS Angel\u00f3polis estuvieron Leticia Montagner, Ra\u00fal Torres Salmer\u00f3n, Mar\u00eda de los \u00c1ngeles Garc\u00eda, Laura Cruz, Javier Rodr\u00edguez, Alfonso Y\u00e1\u00f1ez Delgado, Xavier Guti\u00e9rrez T\u00e9llez y Luis Alberto Gonz\u00e1lez; el gran ausente fue Jes\u00fas Contreras Flores, quien por cuestiones de salud no pudo estar. Como invitados estuvieron Josefina Z\u00e1rate L\u00f3pez, Jorge Marcelino Alejo, Alberto Espinoza y Juli\u00e1n de Jes\u00fas Pe\u00f1a.<\/p>\n\n\n\n<p>El Gobernador record\u00f3 a quienes se han adelantado en el camino del grupo de columnistas, Mauro Gonz\u00e1lez Rivera, Gabriel S\u00e1nchez Andraca y Gilberto Cruz Flores, que en paz descansen.<\/p>\n\n\n\n<p>En fin, como escribi\u00f3 Gregorio de Gante (Puebla, 1890-1975), en su poema El Valle de Puebla:<\/p>\n\n\n\n<p>Les regalo a tus ojos el paisaje<\/p>\n\n\n\n<p>de mi valle poblano, amada m\u00eda.<\/p>\n\n\n\n<p>Despliega la sonora<\/p>\n\n\n\n<p>banderola triunfal de tu alegr\u00eda<\/p>\n\n\n\n<p>al soplo de la brisa provinciana,<\/p>\n\n\n\n<p>y as\u00f3mate un momento a la ventana<\/p>\n\n\n\n<p>para ver como el broche del sol, fulge<\/p>\n\n\n\n<p>en el estuche azul de la ma\u00f1ana.<\/p>\n\n\n\n<p>raultorress@hotmail.com<\/p>\n","protected":false},"excerpt":{"rendered":"<p>*No aspira a otro cargo; su sue\u00f1o siempre fue ser Gobernador de Puebla Por Ra\u00fal Torres Salmer\u00f3n En abierta pl\u00e1tica [&hellip;]<\/p>\n","protected":false},"author":1,"featured_media":100954,"comment_status":"open","ping_status":"open","sticky":false,"template":"","format":"standard","meta":{"site-sidebar-layout":"default","site-content-layout":"","ast-site-content-layout":"default","site-content-style":"default","site-sidebar-style":"default","ast-global-header-display":"","ast-banner-title-visibility":"","ast-main-header-display":"","ast-hfb-above-header-display":"","ast-hfb-below-header-display":"","ast-hfb-mobile-header-display":"","site-post-title":"","ast-breadcrumbs-content":"","ast-featured-img":"","footer-sml-layout":"","theme-transparent-header-meta":"","adv-header-id-meta":"","stick-header-meta":"","header-above-stick-meta":"","header-main-stick-meta":"","header-below-stick-meta":"","astra-migrate-meta-layouts":"default","ast-page-background-enabled":"default","ast-page-background-meta":{"desktop":{"background-color":"var(--ast-global-color-4)","background-image":"","background-repeat":"repeat","background-position":"center center","background-size":"auto","background-attachment":"scroll","background-type":"","background-media":"","overlay-type":"","overlay-color":"","overlay-opacity":"","overlay-gradient":""},"tablet":{"background-color":"","background-image":"","background-repeat":"repeat","background-position":"center center","background-size":"auto","background-attachment":"scroll","background-type":"","background-media":"","overlay-type":"","overlay-color":"","overlay-opacity":"","overlay-gradient":""},"mobile":{"background-color":"","background-image":"","background-repeat":"repeat","background-position":"center center","background-size":"auto","background-attachment":"scroll","background-type":"","background-media":"","overlay-type":"","overlay-color":"","overlay-opacity":"","overlay-gradient":""}},"ast-content-background-meta":{"desktop":{"background-color":"var(--ast-global-color-5)","background-image":"","background-repeat":"repeat","background-position":"center center","background-size":"auto","background-attachment":"scroll","background-type":"","background-media":"","overlay-type":"","overlay-color":"","overlay-opacity":"","overlay-gradient":""},"tablet":{"background-color":"var(--ast-global-color-5)","background-image":"","background-repeat":"repeat","background-position":"center center","background-size":"auto","background-attachment":"scroll","background-type":"","background-media":"","overlay-type":"","overlay-color":"","overlay-opacity":"","overlay-gradient":""},"mobile":{"background-color":"var(--ast-global-color-5)","background-image":"","background-repeat":"repeat","background-position":"center center","background-size":"auto","background-attachment":"scroll","background-type":"","background-media":"","overlay-type":"","overlay-color":"","overlay-opacity":"","overlay-gradient":""}},"footnotes":""},"categories":[8,21,19],"tags":[3642,39121],"class_list":["post-100952","post","type-post","status-publish","format-standard","has-post-thumbnail","hentry","category-noticias","category-opinion","category-sin-limites-2","tag-alejandro-armenta","tag-columnistas-de-puebla"],"_links":{"self":[{"href":"https:\/\/losperiodistas.com.mx\/portal\/wp-json\/wp\/v2\/posts\/100952","targetHints":{"allow":["GET"]}}],"collection":[{"href":"https:\/\/losperiodistas.com.mx\/portal\/wp-json\/wp\/v2\/posts"}],"about":[{"href":"https:\/\/losperiodistas.com.mx\/portal\/wp-json\/wp\/v2\/types\/post"}],"author":[{"embeddable":true,"href":"https:\/\/losperiodistas.com.mx\/portal\/wp-json\/wp\/v2\/users\/1"}],"replies":[{"embeddable":true,"href":"https:\/\/losperiodistas.com.mx\/portal\/wp-json\/wp\/v2\/comments?post=100952"}],"version-history":[{"count":1,"href":"https:\/\/losperiodistas.com.mx\/portal\/wp-json\/wp\/v2\/posts\/100952\/revisions"}],"predecessor-version":[{"id":100955,"href":"https:\/\/losperiodistas.com.mx\/portal\/wp-json\/wp\/v2\/posts\/100952\/revisions\/100955"}],"wp:featuredmedia":[{"embeddable":true,"href":"https:\/\/losperiodistas.com.mx\/portal\/wp-json\/wp\/v2\/media\/100954"}],"wp:attachment":[{"href":"https:\/\/losperiodistas.com.mx\/portal\/wp-json\/wp\/v2\/media?parent=100952"}],"wp:term":[{"taxonomy":"category","embeddable":true,"href":"https:\/\/losperiodistas.com.mx\/portal\/wp-json\/wp\/v2\/categories?post=100952"},{"taxonomy":"post_tag","embeddable":true,"href":"https:\/\/losperiodistas.com.mx\/portal\/wp-json\/wp\/v2\/tags?post=100952"}],"curies":[{"name":"wp","href":"https:\/\/api.w.org\/{rel}","templated":true}]}}