{"id":100865,"date":"2025-06-08T18:55:48","date_gmt":"2025-06-09T00:55:48","guid":{"rendered":"https:\/\/losperiodistas.com.mx\/portal\/?p=100865"},"modified":"2025-06-08T18:55:49","modified_gmt":"2025-06-09T00:55:49","slug":"barbara-no-viene-sola-se-forma-la-tormenta-tropical-cosme-tambien-en-el-pacifico-el-financiero","status":"publish","type":"post","link":"https:\/\/losperiodistas.com.mx\/portal\/barbara-no-viene-sola-se-forma-la-tormenta-tropical-cosme-tambien-en-el-pacifico-el-financiero\/","title":{"rendered":"\u2018B\u00e1rbara\u2019 no viene sola: Se forma la tormenta tropical \u2018Cosme\u2019 tambi\u00e9n en el Pac\u00edfico  | El Financiero"},"content":{"rendered":"\n<h2 class=\"wp-block-heading\">La tormenta tropical \u2018Cosme\u2019 se form\u00f3 esta tarde en el Pac\u00edfico mexicano, para acompa\u00f1ar a \u2018B\u00e1rbara\u2019 y formar el efecto Fujiwhara.<\/h2>\n\n\n\n<figure class=\"wp-block-image size-large\"><img fetchpriority=\"high\" decoding=\"async\" width=\"1024\" height=\"576\" src=\"https:\/\/losperiodistas.com.mx\/portal\/wp-content\/uploads\/2025\/06\/XDHL2W7ZRFG7RBF2UU4GFWE5DM-copia-1024x576.jpg\" alt=\"\" class=\"wp-image-100866\" srcset=\"https:\/\/losperiodistas.com.mx\/portal\/wp-content\/uploads\/2025\/06\/XDHL2W7ZRFG7RBF2UU4GFWE5DM-copia-1024x576.jpg 1024w, https:\/\/losperiodistas.com.mx\/portal\/wp-content\/uploads\/2025\/06\/XDHL2W7ZRFG7RBF2UU4GFWE5DM-copia-300x169.jpg 300w, https:\/\/losperiodistas.com.mx\/portal\/wp-content\/uploads\/2025\/06\/XDHL2W7ZRFG7RBF2UU4GFWE5DM-copia-768x432.jpg 768w, https:\/\/losperiodistas.com.mx\/portal\/wp-content\/uploads\/2025\/06\/XDHL2W7ZRFG7RBF2UU4GFWE5DM-copia.jpg 1200w\" sizes=\"(max-width: 1024px) 100vw, 1024px\" \/><figcaption class=\"wp-element-caption\">Las tormentas &#8216;B\u00e1rbara&#8217; y &#8216;Cosme&#8217; se encuentran en el Pac\u00edfico con rumbo a costas mexicanas. (Imagen: Centro de Huracanes EU)<\/figcaption><\/figure>\n\n\n\n<p class=\"has-vivid-red-color has-text-color has-link-color has-medium-font-size wp-elements-7950efbd4887228921e4538d688187f5\"><strong>El Financiero<\/strong><\/p>\n\n\n\n<p>En menos de 24 horas una segunda&nbsp;<a href=\"https:\/\/www.elfinanciero.com.mx\/estados\/2025\/05\/29\/ya-viene-barbara-proteccion-civil-alerta-que-la-proxima-semana-se-creara-otra-tormenta-tropical\/\">tormenta tropical se form\u00f3 en el oc\u00e9ano Pac\u00edfico<\/a>, frente a costas mexicanas.<\/p>\n\n\n\n<p>Durante la madrugada de este domingo primero fue la tormenta tropical \u2018B\u00e1rbara\u2019 la que se form\u00f3 a<strong>&nbsp;290 kil\u00f3metros de las costas de Ixtapa Zihuatanejo, Guerrero<\/strong>.<\/p>\n\n\n\n<p>Luego, por la tarde de este domingo, el Servicio Meteorol\u00f3gico Nacional (SMN) de la Comisi\u00f3n Nacional del Agua (Conagua) inform\u00f3 que la depresi\u00f3n tropical Tres-E en el oc\u00e9ano Pac\u00edfico se intensific\u00f3, por lo que ser\u00e1 la tormenta tropical \u2018Cosme\u2019.<\/p>\n\n\n\n<p>En tanto, esta tarde&nbsp;<a href=\"https:\/\/www.elfinanciero.com.mx\/nacional\/2025\/06\/08\/tormenta-tropical-barbara-se-forma-en-el-pacifico-alerta-en-guerrero-por-lluvias\/\">la tormenta tropical \u2018B\u00e1rbara\u2019<\/a>&nbsp;se localiza a 265 km al sur-suroeste de Punta San Telmo, Michoac\u00e1n.<\/p>\n\n\n\n<p><a href=\"https:\/\/www.elfinanciero.com.mx\/estados\/2025\/05\/27\/campeche-presenta-semaforo-de-seguridad-para-la-temporada-de-huracanes-en-el-atlantico-2025\/\"><\/a><a href=\"https:\/\/www.elfinanciero.com.mx\/estados\/2025\/05\/27\/campeche-presenta-semaforo-de-seguridad-para-la-temporada-de-huracanes-en-el-atlantico-2025\/\"><\/a><\/p>\n\n\n\n<h2 class=\"wp-block-heading has-medium-font-size\"><a href=\"https:\/\/www.elfinanciero.com.mx\/estados\/2025\/05\/27\/campeche-presenta-semaforo-de-seguridad-para-la-temporada-de-huracanes-en-el-atlantico-2025\/\">Campeche presenta sem\u00e1foro de seguridad para la temporada de huracanes en el Atl\u00e1ntico 2025<\/a><\/h2>\n\n\n\n<hr class=\"wp-block-separator has-alpha-channel-opacity\"\/>\n\n\n\n<h2 class=\"wp-block-heading\">\u00bfQu\u00e9 provocar\u00e1 la tormenta tropical \u2018Cosme\u2019?<\/h2>\n\n\n\n<p>Luego de pasar de&nbsp;<a href=\"https:\/\/www.elfinanciero.com.mx\/nacional\/2025\/05\/29\/tormenta-tropical-alvin-donde-impactara-trayectoria-pronostico-de-lluvias-fuertes-mexico-en-vivo\/\">depresi\u00f3n a tormenta tropical<\/a>, \u2018Cosme\u2019 se localizaba, a las 15:00 horas de este domingo, en el suroeste del Pac\u00edfico mexicano. Su centro se localiz\u00f3 a 935 kil\u00f3metros (km) al suroeste de Playa P\u00e9rula, Jalisco, y a mil 75 km al sur de Cabo San Lucas.<\/p>\n\n\n\n<p>Por el momento,&nbsp;<strong>la tormenta \u2018Cosme\u2019 mantiene vientos m\u00e1ximos sostenidos de 75 km\/h,<\/strong>&nbsp;con rachas de hasta 95 km\/h y se desplaza hacia el noroeste a 13 km\/h. Debido a la distancia en la que se encuentra no provocar\u00e1 efectos sobre el territorio nacional, detall\u00f3 la Conagua.<\/p>\n\n\n\n<figure class=\"wp-block-image\"><img decoding=\"async\" src=\"https:\/\/www.elfinanciero.com.mx\/resizer\/v2\/M7I6C42E4ZBLLKGYCENLFUQTXI.jpeg?auth=4cbc3324e4f5f55b0d86f433ffd4fda1612c448c22cba2365a1d85d7ecb2b399&amp;width=400&amp;height=229&amp;quality=85\" alt=\"alt default\"\/><\/figure>\n\n\n\n<h2 class=\"wp-block-heading\">\u00bfC\u00f3mo va la tormenta tropical \u2018B\u00e1rbara\u2019?<\/h2>\n\n\n\n<p>En tanto, el SMN report\u00f3 que a las 15:00 horas de este domingo&nbsp;<a href=\"https:\/\/www.elfinanciero.com.mx\/nacional\/2025\/06\/04\/barbara-nos-acecha-conagua-alerta-por-posibilidad-de-tormenta-tropical-en-el-pacifico\/\">la tormenta tropical \u2018B\u00e1rbara\u2019<\/a>&nbsp;se ubica a 265 km al sur-suroeste de Punta San Telmo, Michoac\u00e1n, y a 325 km al suroeste de Zihuatanejo, Guerrero, con vientos m\u00e1ximos de 95 km\/h, rachas de hasta 110 jm\/h y se desplaza hacia el oeste-noroeste a 19 km\/h.<\/p>\n\n\n\n<p>\u201cSus bandas y el arrastre de humedad que genera, mantienen las condiciones para lluvias muy fuertes (de 50 a 75 mil\u00edmetros [mm]) y viento de 40 a 60 kil\u00f3metros por hora (km\/h) con rachas de 70 a 90 km\/h en Jalisco, Colima, Michoac\u00e1n y Guerrero.&nbsp;<strong>Se espera oleaje de 4 a 5 metros (m) de altura en Colima, Michoac\u00e1n y Guerrero<\/strong>, y de 3 a 4 m en Jalisco\u201d, informa el reporte de la Conagua.<\/p>\n\n\n\n<p><a href=\"https:\/\/www.elfinanciero.com.mx\/mundo\/2025\/05\/22\/temporada-de-huracanes-2025-cuantos-huracanes-y-tormentas-se-pronostican-este-ano-en-el-atlantico\/\"><\/a><a href=\"https:\/\/www.elfinanciero.com.mx\/mundo\/2025\/05\/22\/temporada-de-huracanes-2025-cuantos-huracanes-y-tormentas-se-pronostican-este-ano-en-el-atlantico\/\"><\/a><\/p>\n\n\n\n<h2 class=\"wp-block-heading\"><a href=\"https:\/\/www.elfinanciero.com.mx\/mundo\/2025\/05\/22\/temporada-de-huracanes-2025-cuantos-huracanes-y-tormentas-se-pronostican-este-ano-en-el-atlantico\/\">Temporada de huracanes 2025: \u00bfCu\u00e1ntos huracanes y tormentas se pronostican este a\u00f1o en el Atl\u00e1ntico?<\/a><\/h2>\n\n\n\n<hr class=\"wp-block-separator has-alpha-channel-opacity\"\/>\n\n\n\n<figure class=\"wp-block-image\"><img decoding=\"async\" src=\"https:\/\/www.elfinanciero.com.mx\/resizer\/v2\/K45TUVD7NNGPXBL6NJXVV2TVMM.jpeg?auth=4e0d2d19422509e4ee3dd948425114909ea07a0c4aa99eee853a18cde7d0286d&amp;width=400&amp;height=229&amp;quality=85\" alt=\"alt default\"\/><\/figure>\n\n\n\n<p>Las lluvias referidas podr\u00edan generar&nbsp;<strong>deslaves, incremento en niveles de r\u00edos y arroyos<\/strong>, as\u00ed como desbordamientos e inundaciones en zonas bajas de los estados mencionados, por lo que se exhorta a la poblaci\u00f3n a atender los avisos del Servicio Meteorol\u00f3gico Nacional, de la Comisi\u00f3n Nacional del Agua, y seguir las recomendaciones de Protecci\u00f3n Civil.<\/p>\n\n\n\n<h2 class=\"wp-block-heading\">\u00bfQu\u00e9 es el efecto Fujiwhara?<\/h2>\n\n\n\n<p><a href=\"https:\/\/www.elfinanciero.com.mx\/nacional\/2025\/06\/05\/danzon-entre-barbara-y-cosme-que-es-el-efecto-fujiwhara-y-como-se-podria-formar-en-el-oceano-pacifico\/\">El efecto Fujiwhara es la interacci\u00f3n entre dos ciclones tropicales<\/a>&nbsp;que se encuentran a menos de mil 200 kil\u00f3metros de distancia, de acuerdo con la Conagua. Al aproximarse, ambos sistemas comienzan a rotar o desplazarse entre s\u00ed siguiendo una trayectoria cicl\u00f3nica.<\/p>\n\n\n\n<p>Conagua explic\u00f3 que si la intensidad de los dos eventos es similar, estos van a girar alrededor de un centro geom\u00e9trico entre ellos, pero si uno tiene m\u00e1s fuerza que el otro, el cicl\u00f3n dominante ejercer\u00e1 mayor influencia sobre el d\u00e9bil y podr\u00eda hasta absolverlo.<\/p>\n\n\n\n<figure class=\"wp-block-embed is-type-rich is-provider-twitter wp-block-embed-twitter\"><div class=\"wp-block-embed__wrapper\">\n<blockquote class=\"twitter-tweet\" data-width=\"500\" data-dnt=\"true\"><p lang=\"es\" dir=\"ltr\">Actualmente tenemos sobre el oc\u00e9ano <a href=\"https:\/\/twitter.com\/hashtag\/Pac%C3%ADfico?src=hash&amp;ref_src=twsrc%5Etfw\">#Pac\u00edfico<\/a> el <a href=\"https:\/\/twitter.com\/hashtag\/EfectoFujiwhara?src=hash&amp;ref_src=twsrc%5Etfw\">#EfectoFujiwhara<\/a> entre las <a href=\"https:\/\/twitter.com\/hashtag\/TormentasTropicales?src=hash&amp;ref_src=twsrc%5Etfw\">#TormentasTropicales<\/a> <a href=\"https:\/\/twitter.com\/hashtag\/Barbara?src=hash&amp;ref_src=twsrc%5Etfw\">#Barbara<\/a> y <a href=\"https:\/\/twitter.com\/hashtag\/Cosme?src=hash&amp;ref_src=twsrc%5Etfw\">#Cosme<\/a>. Mira el video y conoce de qu\u00e9 se trata este fen\u00f3meno <a href=\"https:\/\/t.co\/Hm2yfEjnIu\">pic.twitter.com\/Hm2yfEjnIu<\/a><\/p>&mdash; CONAGUA Clima (@conagua_clima) <a href=\"https:\/\/twitter.com\/conagua_clima\/status\/1931835125828141435?ref_src=twsrc%5Etfw\">June 8, 2025<\/a><\/blockquote><script async src=\"https:\/\/platform.twitter.com\/widgets.js\" charset=\"utf-8\"><\/script>\n<\/div><\/figure>\n\n\n\n<p><strong>En el oc\u00e9ano Pac\u00edfico, el efecto Fujiwhara podr\u00eda traer consecuencias<\/strong>&nbsp;como cambios s\u00fabitos en la direcci\u00f3n de los sistemas \u2014en este caso, de \u2018B\u00e1rbara\u2019 y \u2018Cosme\u2019\u2014, incremento en la intensidad de lluvias, oleajes elevados y mayores riesgos para las zonas costeras en caso de que la trayectoria final se oriente hacia tierra firme.<\/p>\n\n\n\n<p>Decomisan mas de 2 mil dosis de drogas en operativo de seguridad en Acapulco<\/p>\n\n\n\n<p>Las tormentas tropicales \u2018B\u00e1rbara\u2019 y \u2018Cosme\u2019 se forman una semana despu\u00e9s del&nbsp;<a href=\"https:\/\/www.elfinanciero.com.mx\/estados\/2025\/05\/31\/tormenta-alvin-se-relaja-pero-continuaran-las-lluvias-en-que-estados-habra-precipitaciones\/\">paso de \u2018Alvin\u2019 por aguas del Pac\u00edfico mexicano<\/a>, que fue la primera tormenta de la temporada 2025.<\/p>\n\n\n\n<p>Fuente: <a href=\"https:\/\/www.elfinanciero.com.mx\/nacional\/2025\/06\/08\/tormenta-tropical-barbara-y-cosme-se-forman-en-el-pacifico-mexico\/\">https:\/\/www.elfinanciero.com.mx\/nacional\/2025\/06\/08\/tormenta-tropical-barbara-y-cosme-se-forman-en-el-pacifico-mexico\/<\/a><\/p>\n","protected":false},"excerpt":{"rendered":"<p>La tormenta tropical \u2018Cosme\u2019 se form\u00f3 esta tarde en el Pac\u00edfico mexicano, para acompa\u00f1ar a \u2018B\u00e1rbara\u2019 y formar el efecto [&hellip;]<\/p>\n","protected":false},"author":1,"featured_media":100866,"comment_status":"open","ping_status":"open","sticky":false,"template":"","format":"standard","meta":{"site-sidebar-layout":"default","site-content-layout":"","ast-site-content-layout":"default","site-content-style":"default","site-sidebar-style":"default","ast-global-header-display":"","ast-banner-title-visibility":"","ast-main-header-display":"","ast-hfb-above-header-display":"","ast-hfb-below-header-display":"","ast-hfb-mobile-header-display":"","site-post-title":"","ast-breadcrumbs-content":"","ast-featured-img":"","footer-sml-layout":"","theme-transparent-header-meta":"","adv-header-id-meta":"","stick-header-meta":"","header-above-stick-meta":"","header-main-stick-meta":"","header-below-stick-meta":"","astra-migrate-meta-layouts":"default","ast-page-background-enabled":"default","ast-page-background-meta":{"desktop":{"background-color":"var(--ast-global-color-4)","background-image":"","background-repeat":"repeat","background-position":"center center","background-size":"auto","background-attachment":"scroll","background-type":"","background-media":"","overlay-type":"","overlay-color":"","overlay-opacity":"","overlay-gradient":""},"tablet":{"background-color":"","background-image":"","background-repeat":"repeat","background-position":"center center","background-size":"auto","background-attachment":"scroll","background-type":"","background-media":"","overlay-type":"","overlay-color":"","overlay-opacity":"","overlay-gradient":""},"mobile":{"background-color":"","background-image":"","background-repeat":"repeat","background-position":"center center","background-size":"auto","background-attachment":"scroll","background-type":"","background-media":"","overlay-type":"","overlay-color":"","overlay-opacity":"","overlay-gradient":""}},"ast-content-background-meta":{"desktop":{"background-color":"var(--ast-global-color-5)","background-image":"","background-repeat":"repeat","background-position":"center center","background-size":"auto","background-attachment":"scroll","background-type":"","background-media":"","overlay-type":"","overlay-color":"","overlay-opacity":"","overlay-gradient":""},"tablet":{"background-color":"var(--ast-global-color-5)","background-image":"","background-repeat":"repeat","background-position":"center center","background-size":"auto","background-attachment":"scroll","background-type":"","background-media":"","overlay-type":"","overlay-color":"","overlay-opacity":"","overlay-gradient":""},"mobile":{"background-color":"var(--ast-global-color-5)","background-image":"","background-repeat":"repeat","background-position":"center center","background-size":"auto","background-attachment":"scroll","background-type":"","background-media":"","overlay-type":"","overlay-color":"","overlay-opacity":"","overlay-gradient":""}},"footnotes":""},"categories":[8],"tags":[39085],"class_list":["post-100865","post","type-post","status-publish","format-standard","has-post-thumbnail","hentry","category-noticias","tag-huracan-barbara-mexico"],"_links":{"self":[{"href":"https:\/\/losperiodistas.com.mx\/portal\/wp-json\/wp\/v2\/posts\/100865","targetHints":{"allow":["GET"]}}],"collection":[{"href":"https:\/\/losperiodistas.com.mx\/portal\/wp-json\/wp\/v2\/posts"}],"about":[{"href":"https:\/\/losperiodistas.com.mx\/portal\/wp-json\/wp\/v2\/types\/post"}],"author":[{"embeddable":true,"href":"https:\/\/losperiodistas.com.mx\/portal\/wp-json\/wp\/v2\/users\/1"}],"replies":[{"embeddable":true,"href":"https:\/\/losperiodistas.com.mx\/portal\/wp-json\/wp\/v2\/comments?post=100865"}],"version-history":[{"count":1,"href":"https:\/\/losperiodistas.com.mx\/portal\/wp-json\/wp\/v2\/posts\/100865\/revisions"}],"predecessor-version":[{"id":100867,"href":"https:\/\/losperiodistas.com.mx\/portal\/wp-json\/wp\/v2\/posts\/100865\/revisions\/100867"}],"wp:featuredmedia":[{"embeddable":true,"href":"https:\/\/losperiodistas.com.mx\/portal\/wp-json\/wp\/v2\/media\/100866"}],"wp:attachment":[{"href":"https:\/\/losperiodistas.com.mx\/portal\/wp-json\/wp\/v2\/media?parent=100865"}],"wp:term":[{"taxonomy":"category","embeddable":true,"href":"https:\/\/losperiodistas.com.mx\/portal\/wp-json\/wp\/v2\/categories?post=100865"},{"taxonomy":"post_tag","embeddable":true,"href":"https:\/\/losperiodistas.com.mx\/portal\/wp-json\/wp\/v2\/tags?post=100865"}],"curies":[{"name":"wp","href":"https:\/\/api.w.org\/{rel}","templated":true}]}}