{"id":100862,"date":"2025-06-08T18:32:21","date_gmt":"2025-06-09T00:32:21","guid":{"rendered":"https:\/\/losperiodistas.com.mx\/portal\/?p=100862"},"modified":"2025-06-08T18:32:22","modified_gmt":"2025-06-09T00:32:22","slug":"morante-bajo-el-compas-del-alma-hasta-la-puerta-grande-abc","status":"publish","type":"post","link":"https:\/\/losperiodistas.com.mx\/portal\/morante-bajo-el-compas-del-alma-hasta-la-puerta-grande-abc\/","title":{"rendered":"Morante, bajo el comp\u00e1s del alma hasta la Puerta Grande | ABC"},"content":{"rendered":"\n<h2 class=\"wp-block-heading has-vivid-green-cyan-background-color has-background\">Multitudinaria salida a hombros del de la Puebla, que cuaj\u00f3 una tarde de toros para el recuerdo, plena de arte y valor<\/h2>\n\n\n\n<figure class=\"wp-block-image size-large\"><img fetchpriority=\"high\" decoding=\"async\" width=\"1024\" height=\"717\" src=\"https:\/\/losperiodistas.com.mx\/portal\/wp-content\/uploads\/2025\/06\/47850a33-ed3b-4634-b429-f1d7f4ba3452-RhdYxSdaQuJml6zNSd4hz1K-1200x840@diario_abc-1024x717.webp\" alt=\"\" class=\"wp-image-100863\" srcset=\"https:\/\/losperiodistas.com.mx\/portal\/wp-content\/uploads\/2025\/06\/47850a33-ed3b-4634-b429-f1d7f4ba3452-RhdYxSdaQuJml6zNSd4hz1K-1200x840@diario_abc-1024x717.webp 1024w, https:\/\/losperiodistas.com.mx\/portal\/wp-content\/uploads\/2025\/06\/47850a33-ed3b-4634-b429-f1d7f4ba3452-RhdYxSdaQuJml6zNSd4hz1K-1200x840@diario_abc-300x210.webp 300w, https:\/\/losperiodistas.com.mx\/portal\/wp-content\/uploads\/2025\/06\/47850a33-ed3b-4634-b429-f1d7f4ba3452-RhdYxSdaQuJml6zNSd4hz1K-1200x840@diario_abc-768x538.webp 768w, https:\/\/losperiodistas.com.mx\/portal\/wp-content\/uploads\/2025\/06\/47850a33-ed3b-4634-b429-f1d7f4ba3452-RhdYxSdaQuJml6zNSd4hz1K-1200x840@diario_abc.webp 1200w\" sizes=\"(max-width: 1024px) 100vw, 1024px\" \/><figcaption class=\"wp-element-caption\">Morante, a hombros\u00a0 \/ <strong>TANIA SIEIRA<\/strong><\/figcaption><\/figure>\n\n\n\n<p class=\"has-vivid-red-color has-text-color has-link-color has-medium-font-size wp-elements-6042021114e3892598f3d0671c2e6b05\"><strong><a href=\"https:\/\/www.abc.es\/autor\/angel-gonzalez-abad-4921\/\">\u00c1ngel Gonz\u00e1lez Abad<\/a> \/ ABC<\/strong><\/p>\n\n\n\n<p>Lleg\u00f3&nbsp;<a href=\"https:\/\/www.abc.es\/cultura\/toros\/morante-hombros-alcala-tras-abrir-puerta-grande-20250608220736-nt.html\">Morante<\/a>&nbsp;de la Puebla a Las Ventas enfundado en la solemnidad de un traje marino y azabache, y sali\u00f3 de la plaza sumido ya como parte de la historia. Su primera Puerta Grande lleg\u00f3 envuelta en la pasi\u00f3n de miles de aficionados, la&nbsp;mayor\u00eda j\u00f3venes, que se lo llevaron en volandas por las calles de Madrid.<\/p>\n\n\n\n<p>El toreo de Morante no se mide por los&nbsp;<a href=\"https:\/\/www.abc.es\/cultura\/toros\/vive-libre-grito-favor-tauromaquia-mexico-llega-20250608151855-nt.html\">trofeos<\/a>, oreja m\u00e1s u oreja menos. Ni por el reglamento. \u00a1Despojos! \u00a1Legajos! Morante tore\u00f3 como nunca hab\u00eda toreado en esta plaza. Se present\u00f3 a las siete de la tarde con el dec\u00edamos ayer\u2026 de la extraordinaria faena del pasado d\u00eda 28 a un toro de Garcigrande. Le quedaban lecciones por dictar.<\/p>\n\n\n\n<p>Aquella obra, en su perfecci\u00f3n, qued\u00f3 como perdida, porque la Beneficencia del 8 de junio de 2025 ha quedado ya en un lugar de privilegio en los anales de la primera plaza del mundo. Ah\u00ed queda esa tanda de naturales sobrenaturales que le sacudi\u00f3 al cuarto como una obra maestra al arte, al toreo m\u00e1s cl\u00e1sico y profundo, y al valor. \u00a1Casi n\u00e1! Al comp\u00e1s, siempre al comp\u00e1s, pero al comp\u00e1s del alma, el que brota de dentro y plasma sentimientos.Noticia Relacionada<\/p>\n\n\n\n<figure class=\"wp-block-image\"><a href=\"https:\/\/www.abc.es\/cultura\/toros\/vive-libre-grito-favor-tauromaquia-mexico-llega-20250608151855-nt.html#vca=modulo-rel-uno&amp;vso=abc&amp;vmc=noticias-rel&amp;vli=cultura\"><img decoding=\"async\" src=\"https:\/\/s1.abcstatics.com\/abc\/www\/multimedia\/cultura\/2025\/06\/08\/IMG_4866-U54678350578BiU-366x256@diario_abc.jpg\" alt=\"\u00a1Vive libre!: El grito a favor de la tauromaquia en M\u00e9xico llega a Espa\u00f1a el d\u00eda de Morante en Madrid\"\/><\/a><\/figure>\n\n\n\n<h3 class=\"wp-block-heading\"><a href=\"https:\/\/www.abc.es\/cultura\/toros\/vive-libre-grito-favor-tauromaquia-mexico-llega-20250608151855-nt.html#vca=modulo-rel-uno&amp;vso=abc&amp;vmc=noticias-rel&amp;vli=cultura\">\u00a1Vive libre!: El grito a favor de la tauromaquia en M\u00e9xico llega a Espa\u00f1a el d\u00eda de Morante en Madrid<\/a><\/h3>\n\n\n\n<p>ALICIA P. VELARDE<\/p>\n\n\n\n<p>La uni\u00f3n de la Fiesta en todos los pa\u00edses es fundamental para dejar de sufrir ataques como los que est\u00e1n ocurriendo en el pa\u00eds azteca<\/p>\n\n\n\n<p>Pero vamos con la tarde, que la puso caliente nada m\u00e1s empezar. De su capote brotaron ver\u00f3nicas lentas, hasta chicuelinas con su aire en un comienzo que el toro tom\u00f3 intermitente, y tras brindar a la Infanta Do\u00f1a Elena, unos ayudados, un molinete invertido y uno de pecho. La primera serie a derechas tuvo el aroma de la ingr\u00e1vida firmeza, de los pies que apenas se deslizaban unos cent\u00edmetros para ligar uno con otro, y otro\u2026., todo muy despacio, bajo el denominador del misterio del temple, en Morante m\u00e1s misterio. Bueno el de Juan Pedro que segu\u00eda imantado la belleza de unos muletazos cada vez m\u00e1s ajustados. Al natural, las zapatillas fijas, el toro cada vez m\u00e1s cerca y el torero cada vez m\u00e1s grande. Faena justa, medida. Estocada arriba, oreja que sabore\u00f3 en la vuelta al ruedo.<\/p>\n\n\n\n<p>El cuarto no gusto a la parroquia por su facha y nadie sab\u00eda lo que llevaba dentro hasta que el genio lo fue desenga\u00f1ando de su brutas embestidas. Quiso el de la Puebla y quis\u00f3 pisando terrenos que queman y con una muleta poderosa. Hizo en el juampedro lo que ni el juampedro sab\u00eda que ten\u00eda, una serie sublime al natural, despaciosa, solemne como los alamares de azabache. No se puede torear m\u00e1s reunido, pas\u00e1ndose los pitones m\u00e1s cerca. Y no puede rugir con m\u00e1s fuerza una plaza como rugi\u00f3 la Monumental.<\/p>\n\n\n\n<p>La espada cay\u00f3 baja, es verdad. Pero ya est\u00e1 dicho, \u00a1despojos y legajos! Cal\u00f3 en las m\u00e1s de veinte mil almas el sentimiento que desprendi\u00f3 Morante, por eso el ruedo se llen\u00f3 de gente, cientos de chavales coreaban su nombre, en la Puerta Grande m\u00e1s multitudinaria que se recuerda. Por la calle de Alcal\u00e1 arriba se lo llevaron en procesi\u00f3n hasta la plaza de Manuel Becerra, y hubieran seguido de no ser por el tr\u00e1fico.<\/p>\n\n\n\n<p>Sobreponerse a Morante era tarea dif\u00edcil. La corrida de Juan Pedro Domecq fue brava en el caballo, pero en el \u00faltimo tercio se apag\u00f3 demasiado pronto, lo que condicion\u00f3 las actuaciones de Fernando Adri\u00e1n y Borja Jim\u00e9nez, que tuvieron la papeleta de ir detr\u00e1s del genio de la Puebla. Adri\u00e1n lo di\u00f3 todo con capote y muleta con el segundo. Le oblig\u00f3 mucho en series a derechas de mano baja, aunque al natural no hubo la misma continuidad. Un intenso final por bernadinas y una estocada le valieron una oreja. No refrend\u00f3 con la espada lo hecho ante el quinto en un feo metisaca.<\/p>\n\n\n\n<p>Borja Jim\u00e9nez top\u00f3 con dos juampedros que pelearon en el caballo con empuje, se movieron en los primeros tercios, y se apagaron ante su muleta. Ganas y querer en una tarde sin espada que ya tenia nombre propio.<\/p>\n\n\n\n<p>La corrida de Beneficencia, la m\u00e1s importante del a\u00f1o en la plaza m\u00e1s importante del mundo. Y Morante toreando con el alma.<\/p>\n\n\n\n<h3 class=\"wp-block-heading\">SAN ISIDRO<\/h3>\n\n\n\n<ul class=\"wp-block-list\">\n<li><strong>Plaza de toros Monumental de Las Ventas.<\/strong>\u00a0Domingo 8 de junio de 2025. Corrida de Beneficencia, lleno de \u00abNo hay billetes\u00bb. Se lidiaron toros de Juan Pedro Domecq, desiguales de presentaci\u00f3n, bravos en varas, nobles, aunque a menos en el \u00faltimo tercio.<\/li>\n\n\n\n<li><strong>Morante de la Puebla,<\/strong>\u00a0de marino y azabache. Estocada (oreja). En el cuarto, estocada ca\u00edda (oreja). Sali\u00f3 a hombros.<\/li>\n\n\n\n<li><strong>Fernando Adri\u00e1n,<\/strong>\u00a0de negro y oro. Estocada (oreja). En el quinto, metisaca (silencio).<\/li>\n\n\n\n<li><strong>Borja Jim\u00e9nez,<\/strong>\u00a0de grana y oro. Tres pinchazos. Aviso (silencio). En el sexto, cinco pinchazos y estocada baja (silencio).<\/li>\n<\/ul>\n\n\n\n<p>Fuente: <a href=\"https:\/\/www.abc.es\/cultura\/toros\/morante-bajo-compas-alma-puerta-grande-20250608225216-nt.html\">https:\/\/www.abc.es\/cultura\/toros\/morante-bajo-compas-alma-puerta-grande-20250608225216-nt.html<\/a><\/p>\n","protected":false},"excerpt":{"rendered":"<p>Multitudinaria salida a hombros del de la Puebla, que cuaj\u00f3 una tarde de toros para el recuerdo, plena de arte [&hellip;]<\/p>\n","protected":false},"author":1,"featured_media":100863,"comment_status":"open","ping_status":"open","sticky":false,"template":"","format":"standard","meta":{"site-sidebar-layout":"default","site-content-layout":"","ast-site-content-layout":"default","site-content-style":"default","site-sidebar-style":"default","ast-global-header-display":"","ast-banner-title-visibility":"","ast-main-header-display":"","ast-hfb-above-header-display":"","ast-hfb-below-header-display":"","ast-hfb-mobile-header-display":"","site-post-title":"","ast-breadcrumbs-content":"","ast-featured-img":"","footer-sml-layout":"","theme-transparent-header-meta":"","adv-header-id-meta":"","stick-header-meta":"","header-above-stick-meta":"","header-main-stick-meta":"","header-below-stick-meta":"","astra-migrate-meta-layouts":"default","ast-page-background-enabled":"default","ast-page-background-meta":{"desktop":{"background-color":"var(--ast-global-color-4)","background-image":"","background-repeat":"repeat","background-position":"center center","background-size":"auto","background-attachment":"scroll","background-type":"","background-media":"","overlay-type":"","overlay-color":"","overlay-opacity":"","overlay-gradient":""},"tablet":{"background-color":"","background-image":"","background-repeat":"repeat","background-position":"center center","background-size":"auto","background-attachment":"scroll","background-type":"","background-media":"","overlay-type":"","overlay-color":"","overlay-opacity":"","overlay-gradient":""},"mobile":{"background-color":"","background-image":"","background-repeat":"repeat","background-position":"center center","background-size":"auto","background-attachment":"scroll","background-type":"","background-media":"","overlay-type":"","overlay-color":"","overlay-opacity":"","overlay-gradient":""}},"ast-content-background-meta":{"desktop":{"background-color":"var(--ast-global-color-5)","background-image":"","background-repeat":"repeat","background-position":"center center","background-size":"auto","background-attachment":"scroll","background-type":"","background-media":"","overlay-type":"","overlay-color":"","overlay-opacity":"","overlay-gradient":""},"tablet":{"background-color":"var(--ast-global-color-5)","background-image":"","background-repeat":"repeat","background-position":"center center","background-size":"auto","background-attachment":"scroll","background-type":"","background-media":"","overlay-type":"","overlay-color":"","overlay-opacity":"","overlay-gradient":""},"mobile":{"background-color":"var(--ast-global-color-5)","background-image":"","background-repeat":"repeat","background-position":"center center","background-size":"auto","background-attachment":"scroll","background-type":"","background-media":"","overlay-type":"","overlay-color":"","overlay-opacity":"","overlay-gradient":""}},"footnotes":""},"categories":[8],"tags":[39084,2746],"class_list":["post-100862","post","type-post","status-publish","format-standard","has-post-thumbnail","hentry","category-noticias","tag-las-ventas-puerta-grande","tag-morante-de-la-puebla"],"_links":{"self":[{"href":"https:\/\/losperiodistas.com.mx\/portal\/wp-json\/wp\/v2\/posts\/100862","targetHints":{"allow":["GET"]}}],"collection":[{"href":"https:\/\/losperiodistas.com.mx\/portal\/wp-json\/wp\/v2\/posts"}],"about":[{"href":"https:\/\/losperiodistas.com.mx\/portal\/wp-json\/wp\/v2\/types\/post"}],"author":[{"embeddable":true,"href":"https:\/\/losperiodistas.com.mx\/portal\/wp-json\/wp\/v2\/users\/1"}],"replies":[{"embeddable":true,"href":"https:\/\/losperiodistas.com.mx\/portal\/wp-json\/wp\/v2\/comments?post=100862"}],"version-history":[{"count":1,"href":"https:\/\/losperiodistas.com.mx\/portal\/wp-json\/wp\/v2\/posts\/100862\/revisions"}],"predecessor-version":[{"id":100864,"href":"https:\/\/losperiodistas.com.mx\/portal\/wp-json\/wp\/v2\/posts\/100862\/revisions\/100864"}],"wp:featuredmedia":[{"embeddable":true,"href":"https:\/\/losperiodistas.com.mx\/portal\/wp-json\/wp\/v2\/media\/100863"}],"wp:attachment":[{"href":"https:\/\/losperiodistas.com.mx\/portal\/wp-json\/wp\/v2\/media?parent=100862"}],"wp:term":[{"taxonomy":"category","embeddable":true,"href":"https:\/\/losperiodistas.com.mx\/portal\/wp-json\/wp\/v2\/categories?post=100862"},{"taxonomy":"post_tag","embeddable":true,"href":"https:\/\/losperiodistas.com.mx\/portal\/wp-json\/wp\/v2\/tags?post=100862"}],"curies":[{"name":"wp","href":"https:\/\/api.w.org\/{rel}","templated":true}]}}