{"id":100853,"date":"2025-06-08T10:45:37","date_gmt":"2025-06-08T16:45:37","guid":{"rendered":"https:\/\/losperiodistas.com.mx\/portal\/?p=100853"},"modified":"2025-06-08T10:45:38","modified_gmt":"2025-06-08T16:45:38","slug":"ayyashi-aterriza-en-guadalajara-con-una-exposicion-que-homenajea-el-rupturismo-femenino-de-los-anos-20-el-confidencial","status":"publish","type":"post","link":"https:\/\/losperiodistas.com.mx\/portal\/ayyashi-aterriza-en-guadalajara-con-una-exposicion-que-homenajea-el-rupturismo-femenino-de-los-anos-20-el-confidencial\/","title":{"rendered":"Ayyashi aterriza en Guadalajara con una exposici\u00f3n que homenajea el rupturismo femenino de los a\u00f1os 20 | El Confidencial"},"content":{"rendered":"\n<h2 class=\"wp-block-heading\">Tras su estreno en M\u00e9xico, la exposici\u00f3n emprender\u00e1 una itinerancia internacional que la llevar\u00e1 a citas clave como los festivales de cine de San Sebasti\u00e1n y Huelva en Espa\u00f1a<\/h2>\n\n\n\n<figure class=\"wp-block-image\"><img decoding=\"async\" src=\"https:\/\/images.ecestaticos.com\/JKn0zvsQHiEhkLNporKflwov8jE=\/0x0:1018x508\/1200x900\/filters:fill(white):format(jpg)\/f.elconfidencial.com%2Foriginal%2Fffd%2Fa00%2F4d0%2Fffda004d0552e4242147e571f4416ede.jpg\" alt=\"Foto: Clara Lago, fotografiada en la exposici\u00f3n. (Cedida)\"\/><figcaption class=\"wp-element-caption\">Clara Lago, fotografiada en la exposici\u00f3n. (Cedida)<\/figcaption><\/figure>\n\n\n\n<p class=\"has-vivid-red-color has-text-color has-link-color wp-elements-0987004694c00532fe72c21338d27427\"><strong>Por\u00a0<a href=\"https:\/\/www.elconfidencial.com\/autores\/el-confidencial-90\/\">El Confidencial<\/a><\/strong><\/p>\n\n\n\n<p>Guadalajara (M\u00e9xico) acoge desde este 6 de junio la exposici\u00f3n<em>&nbsp;Las Hijas del Jazz<\/em>, el nuevo proyecto del reconocido fot\u00f3grafo espa\u00f1ol&nbsp;<a href=\"https:\/\/www.vanitatis.elconfidencial.com\/famosos\/2022-06-08\/cayetana-guillen-cuervo-actriz-marido-masterchef_3005003\/\" target=\"_blank\" rel=\"noreferrer noopener\">Omar Ayyashi<\/a>, que se inaugura en el marco del 40\u00ba Festival Internacional de Cine de Guadalajara (FICG),&nbsp;<strong>uno de los cert\u00e1menes cinematogr\u00e1ficos m\u00e1s relevantes de Iberoam\u00e9rica.<\/strong>&nbsp;La muestra, que podr\u00e1 visitarse durante dos meses en la Galer\u00eda Librer\u00eda Carlos Fuentes, propone un viaje visual y sonoro al coraz\u00f3n de las vanguardias femeninas del siglo XX.&nbsp;<\/p>\n\n\n\n<p><strong>Inspirada en el glamour subversivo del&nbsp;<a href=\"https:\/\/www.elconfidencial.com\/tags\/lugares\/hollywood-6629\/\" target=\"_blank\" rel=\"noreferrer noopener\">Hollywood<\/a>&nbsp;de los a\u00f1os 20 y 30<\/strong>, Las Hijas del Jazz es un homenaje a las mujeres que rompieron moldes a trav\u00e9s del arte, la palabra y la libertad. Ayyashi retrata a destacadas actrices espa\u00f1olas contempor\u00e1neas \u2014como Cayetana Guill\u00e9n Cuervo, Aitana S\u00e1nchez-Gij\u00f3n, Milena Smit, Ana Rujas o Clara Lago\u2014 para revivir el legado de pioneras como Virginia Woolf, Mar\u00eda Zambrano, Gabriela Mistral o Mar\u00eda Teresa Le\u00f3n, estableciendo un puente entre \u00e9pocas y generaciones.&nbsp;<\/p>\n\n\n\n<p>La propuesta incluye&nbsp;<strong>36 fotograf\u00edas de gran formato acompa\u00f1adas de 60 obras adicionales de colecci\u00f3n privada<\/strong>, todas comisariadas por Alejandro Romero S\u00e1nchez y Juan Carlos Moya. Cada retrato se enriquece con una dimensi\u00f3n sonora: un audio literario interpretado por la actriz retratada, accesible mediante c\u00f3digos QR junto a la obra. Esta capa inmersiva convierte la exposici\u00f3n en una experiencia sensorial completa, que conecta la imagen con la voz y la emoci\u00f3n del texto.&nbsp;<\/p>\n\n\n\n<p>\u201c<strong>Esta exposici\u00f3n es un viaje entre \u00e9pocas y continentes<\/strong>. Un homenaje a todas las mujeres que abrieron caminos y a las que hoy los recorren con libertad, belleza y determinaci\u00f3n\u201d, afirma Omar Ayyashi, quien estar\u00e1 presente en Guadalajara del 4 al 9 de junio para participar en los actos principales del festival. <\/p>\n\n\n\n<figure class=\"wp-block-image size-large\"><img fetchpriority=\"high\" decoding=\"async\" width=\"1024\" height=\"696\" src=\"https:\/\/losperiodistas.com.mx\/portal\/wp-content\/uploads\/2025\/06\/Captura-de-pantalla-2025-06-08-a-las-10.42.13\u202fa.m-1024x696.png\" alt=\"\" class=\"wp-image-100854\" srcset=\"https:\/\/losperiodistas.com.mx\/portal\/wp-content\/uploads\/2025\/06\/Captura-de-pantalla-2025-06-08-a-las-10.42.13\u202fa.m-1024x696.png 1024w, https:\/\/losperiodistas.com.mx\/portal\/wp-content\/uploads\/2025\/06\/Captura-de-pantalla-2025-06-08-a-las-10.42.13\u202fa.m-300x204.png 300w, https:\/\/losperiodistas.com.mx\/portal\/wp-content\/uploads\/2025\/06\/Captura-de-pantalla-2025-06-08-a-las-10.42.13\u202fa.m-768x522.png 768w, https:\/\/losperiodistas.com.mx\/portal\/wp-content\/uploads\/2025\/06\/Captura-de-pantalla-2025-06-08-a-las-10.42.13\u202fa.m.png 1092w\" sizes=\"(max-width: 1024px) 100vw, 1024px\" \/><figcaption class=\"wp-element-caption\"><a href=\"https:\/\/www.instagram.com\/reel\/DKaVjW-uCrg\/?utm_source=ig_web_copy_link\">VER EN INSTAGRAM <\/a><\/figcaption><\/figure>\n\n\n\n<p>Tras su estreno en M\u00e9xico,&nbsp;<strong>la exposici\u00f3n emprender\u00e1 una itinerancia internacional que la llevar\u00e1 a citas clave<\/strong>&nbsp;como los festivales de cine de&nbsp;<a href=\"https:\/\/www.elconfidencial.com\/tags\/lugares\/san-sebastian-3796\/\" target=\"_blank\" rel=\"noreferrer noopener\">San Sebasti\u00e1n<\/a>&nbsp;y Huelva en Espa\u00f1a, y a pa\u00edses como Filipinas, Brasil y Colombia. Esta gira global est\u00e1 impulsada por la Agencia Espa\u00f1ola de Cooperaci\u00f3n Internacional para el Desarrollo (AECID) y el Ministerio de Asuntos Exteriores de Espa\u00f1a como parte de su programa de diplomacia cultural.&nbsp;<\/p>\n\n\n\n<p>Las Hijas del Jazz no solo celebra la libertad expresiva de las mujeres en el arte, sino que tambi\u00e9n&nbsp;<strong>se inserta en una estrategia m\u00e1s amplia de proyecci\u00f3n internacional de la cultura espa\u00f1ola<\/strong>, situando la fotograf\u00eda y la creaci\u00f3n contempor\u00e1nea como herramientas de di\u00e1logo intercultural.<\/p>\n\n\n\n<p>Fuente: <a href=\"https:\/\/www.elconfidencial.com\/cultura\/2025-06-08\/ayyashi-aterriza-en-guadalajara-con-una-exposicion-que-homenajea-el-rupturismo-femenino-de-los-anos-20_4146633\/\">https:\/\/www.elconfidencial.com\/cultura\/2025-06-08\/ayyashi-aterriza-en-guadalajara-con-una-exposicion-que-homenajea-el-rupturismo-femenino-de-los-anos-20_4146633\/<\/a><\/p>\n","protected":false},"excerpt":{"rendered":"<p>Tras su estreno en M\u00e9xico, la exposici\u00f3n emprender\u00e1 una itinerancia internacional que la llevar\u00e1 a citas clave como los festivales [&hellip;]<\/p>\n","protected":false},"author":1,"featured_media":100855,"comment_status":"open","ping_status":"open","sticky":false,"template":"","format":"standard","meta":{"site-sidebar-layout":"default","site-content-layout":"","ast-site-content-layout":"default","site-content-style":"default","site-sidebar-style":"default","ast-global-header-display":"","ast-banner-title-visibility":"","ast-main-header-display":"","ast-hfb-above-header-display":"","ast-hfb-below-header-display":"","ast-hfb-mobile-header-display":"","site-post-title":"","ast-breadcrumbs-content":"","ast-featured-img":"","footer-sml-layout":"","theme-transparent-header-meta":"","adv-header-id-meta":"","stick-header-meta":"","header-above-stick-meta":"","header-main-stick-meta":"","header-below-stick-meta":"","astra-migrate-meta-layouts":"default","ast-page-background-enabled":"default","ast-page-background-meta":{"desktop":{"background-color":"var(--ast-global-color-4)","background-image":"","background-repeat":"repeat","background-position":"center center","background-size":"auto","background-attachment":"scroll","background-type":"","background-media":"","overlay-type":"","overlay-color":"","overlay-opacity":"","overlay-gradient":""},"tablet":{"background-color":"","background-image":"","background-repeat":"repeat","background-position":"center center","background-size":"auto","background-attachment":"scroll","background-type":"","background-media":"","overlay-type":"","overlay-color":"","overlay-opacity":"","overlay-gradient":""},"mobile":{"background-color":"","background-image":"","background-repeat":"repeat","background-position":"center center","background-size":"auto","background-attachment":"scroll","background-type":"","background-media":"","overlay-type":"","overlay-color":"","overlay-opacity":"","overlay-gradient":""}},"ast-content-background-meta":{"desktop":{"background-color":"var(--ast-global-color-5)","background-image":"","background-repeat":"repeat","background-position":"center center","background-size":"auto","background-attachment":"scroll","background-type":"","background-media":"","overlay-type":"","overlay-color":"","overlay-opacity":"","overlay-gradient":""},"tablet":{"background-color":"var(--ast-global-color-5)","background-image":"","background-repeat":"repeat","background-position":"center center","background-size":"auto","background-attachment":"scroll","background-type":"","background-media":"","overlay-type":"","overlay-color":"","overlay-opacity":"","overlay-gradient":""},"mobile":{"background-color":"var(--ast-global-color-5)","background-image":"","background-repeat":"repeat","background-position":"center center","background-size":"auto","background-attachment":"scroll","background-type":"","background-media":"","overlay-type":"","overlay-color":"","overlay-opacity":"","overlay-gradient":""}},"footnotes":""},"categories":[8],"tags":[39080,39082,28580,39083,39081],"class_list":["post-100853","post","type-post","status-publish","format-standard","has-post-thumbnail","hentry","category-noticias","tag-ayyashi","tag-festival-internacional-de-cine-de-guadalajara","tag-guadalajara","tag-omar-ayyashi","tag-rupturismo-femenino"],"_links":{"self":[{"href":"https:\/\/losperiodistas.com.mx\/portal\/wp-json\/wp\/v2\/posts\/100853","targetHints":{"allow":["GET"]}}],"collection":[{"href":"https:\/\/losperiodistas.com.mx\/portal\/wp-json\/wp\/v2\/posts"}],"about":[{"href":"https:\/\/losperiodistas.com.mx\/portal\/wp-json\/wp\/v2\/types\/post"}],"author":[{"embeddable":true,"href":"https:\/\/losperiodistas.com.mx\/portal\/wp-json\/wp\/v2\/users\/1"}],"replies":[{"embeddable":true,"href":"https:\/\/losperiodistas.com.mx\/portal\/wp-json\/wp\/v2\/comments?post=100853"}],"version-history":[{"count":1,"href":"https:\/\/losperiodistas.com.mx\/portal\/wp-json\/wp\/v2\/posts\/100853\/revisions"}],"predecessor-version":[{"id":100856,"href":"https:\/\/losperiodistas.com.mx\/portal\/wp-json\/wp\/v2\/posts\/100853\/revisions\/100856"}],"wp:featuredmedia":[{"embeddable":true,"href":"https:\/\/losperiodistas.com.mx\/portal\/wp-json\/wp\/v2\/media\/100855"}],"wp:attachment":[{"href":"https:\/\/losperiodistas.com.mx\/portal\/wp-json\/wp\/v2\/media?parent=100853"}],"wp:term":[{"taxonomy":"category","embeddable":true,"href":"https:\/\/losperiodistas.com.mx\/portal\/wp-json\/wp\/v2\/categories?post=100853"},{"taxonomy":"post_tag","embeddable":true,"href":"https:\/\/losperiodistas.com.mx\/portal\/wp-json\/wp\/v2\/tags?post=100853"}],"curies":[{"name":"wp","href":"https:\/\/api.w.org\/{rel}","templated":true}]}}