{"id":100837,"date":"2025-06-08T05:47:54","date_gmt":"2025-06-08T11:47:54","guid":{"rendered":"https:\/\/losperiodistas.com.mx\/portal\/?p=100837"},"modified":"2025-06-08T05:47:55","modified_gmt":"2025-06-08T11:47:55","slug":"andrea-becerra-gana-oro-y-plata-en-copa-del-mundo-de-tiro-con-arco-en-turquia-video","status":"publish","type":"post","link":"https:\/\/losperiodistas.com.mx\/portal\/andrea-becerra-gana-oro-y-plata-en-copa-del-mundo-de-tiro-con-arco-en-turquia-video\/","title":{"rendered":"Andrea Becerra gana oro y plata en Copa del Mundo de tiro con arco en Turqu\u00eda (Video)"},"content":{"rendered":"\n<p class=\"has-light-green-cyan-background-color has-background has-medium-font-size\"><strong>La arquera mexicana se convirti\u00f3 en la figura de la modalidad de compuesto y sum\u00f3 su segundo metal \u00e1ureo en competencia individual al t\u00e9rmino de la tercera fecha del serial.<\/strong><a href=\"javascript:void(0)\"><\/a><\/p>\n\n\n\n<p><\/p>\n\n\n\n<figure class=\"wp-block-image\"><a href=\"https:\/\/www.proceso.com.mx\/u\/fotografias\/m\/2025\/6\/7\/f1280x720-224642_356317_3828.jpeg\"><img decoding=\"async\" src=\"https:\/\/www.proceso.com.mx\/u\/fotografias\/m\/2025\/6\/7\/f685x385-224642_262335_3828.jpeg\" alt=\"Andrea Becerra gana oro y plata en Copa del Mundo de tiro con arco en Turqu\u00eda (Video)\"\/><\/a><figcaption class=\"wp-element-caption\">Andrea Becerra gana oro y plata en Copa del Mundo de tiro con arco en Turqu\u00eda. Foto: X: @COM_Mexico<\/figcaption><\/figure>\n\n\n\n<p><\/p>\n\n\n\n<p class=\"has-vivid-red-color has-text-color has-link-color has-medium-font-size wp-elements-de841fab7830294432cdc5c1e41ce5af\"><strong><a href=\"https:\/\/www.proceso.com.mx\/autor\/redaccion.html\">Por\u00a0La Redacci\u00f3n<\/a> \/ Proceso<\/strong><\/p>\n\n\n\n<p><\/p>\n\n\n\n<p>CIUDAD DE M\u00c9XICO (apro).- La arquera mexicana Andrea Becerra se convirti\u00f3 en la figura del d\u00eda, luego de coronarse en la competencia individual y obtener la plata por equipos en la modalidad de compuesto en el marco de la tercera fecha del serial de Copa del Mundo que se desarrolla en Antalya, Turqu\u00eda.<\/p>\n\n\n\n<p>Becerra inici\u00f3 la jornada de la prueba en solitario con un triunfo en flecha de desempate, luego de igualar a 149 en la ronda semifinal ante la estadounidense Alexis Ruiz, para instalarse en el duelo por el t\u00edtulo frente la surcoreana Seungyeon Han, a quien derrot\u00f3 159-151 para subir a lo m\u00e1s alto del podio.<\/p>\n\n\n\n<p><strong>Noticias Relacionadas<\/strong><\/p>\n\n\n\n<ul class=\"wp-block-list\">\n<li><a href=\"https:\/\/www.proceso.com.mx\/deportes\/2025\/6\/7\/mexico-pierde-por-goleada-4-2-ante-suiza-en-juego-amistoso-videos-352622.html\">M\u00e9xico pierde por goleada 4-2 ante Suiza en juego amistoso (Videos)<\/a><\/li>\n\n\n\n<li><a href=\"https:\/\/www.proceso.com.mx\/deportes\/2025\/6\/7\/cristiano-ronaldo-esta-seguro-de-que-no-jugara-el-mundial-de-clubes-352613.html\">Cristiano Ronaldo est\u00e1 seguro de que no jugar\u00e1 el Mundial de Clubes<\/a><\/li>\n\n\n\n<li><a href=\"https:\/\/www.proceso.com.mx\/deportes\/2025\/6\/6\/vicente-sanchez-deja-de-ser-director-tecnico-del-cruz-azul-352584.html\">Vicente S\u00e1nchez deja de ser director t\u00e9cnico del Cruz Azul<\/a><\/li>\n<\/ul>\n\n\n\n<p>Por su parte, la tambi\u00e9n mexicana Mariana Bernal, concluy\u00f3 en la cuarta posici\u00f3n, despu\u00e9s de perder 146-142 el partido por la medalla de bronce ante la propia Han.<\/p>\n\n\n\n<p>Con esta victoria, la jalisciense sum\u00f3 su segundo oro individual en lo que va del serial para asegurar su lugar en la gran final de la competici\u00f3n, programada del 17 al 19 de octubre en Nanjing, China.<\/p>\n\n\n\n<p>Asimismo, Becerra, junto a Bernal y Adriana Castillo, obtuvieron la medalla de plata en la prueba por equipos, tras perder en la final ante Rep\u00fablica de Corea, representada por Han, Sooin Sim y Chaewon So.<\/p>\n\n\n\n<p>Este resultado represent\u00f3 la tercera final consecutiva para el tridente mexicano en la rama femenil, despu\u00e9s de conquistar los oros en las dos primeras fechas celebradas en Auburndale, Estados Unidos y Shanghai, China.<\/p>\n\n\n\n<figure class=\"wp-block-embed is-type-rich is-provider-twitter wp-block-embed-twitter\"><div class=\"wp-block-embed__wrapper\">\nhttps:\/\/twitter.com\/worldarchery\/status\/1931329777526288647?ref_src=twsrc%5Etfw%7Ctwcamp%5Etweetembed%7Ctwterm%5E1931329777526288647%7Ctwgr%5E8d6297dd4196e0668fd7a0b1849ace2fa4e40a94%7Ctwcon%5Es1_c10&#038;ref_url=https%3A%2F%2Fwww.proceso.com.mx%2Fdeportes%2F2025%2F6%2F7%2Fandrea-becerra-gana-oro-plata-en-copa-del-mundo-de-tiro-con-arco-en-turquia-video-352627.html\n<\/div><\/figure>\n","protected":false},"excerpt":{"rendered":"<p>La arquera mexicana se convirti\u00f3 en la figura de la modalidad de compuesto y sum\u00f3 su segundo metal \u00e1ureo en [&hellip;]<\/p>\n","protected":false},"author":1,"featured_media":100839,"comment_status":"open","ping_status":"open","sticky":false,"template":"","format":"standard","meta":{"site-sidebar-layout":"default","site-content-layout":"","ast-site-content-layout":"default","site-content-style":"default","site-sidebar-style":"default","ast-global-header-display":"","ast-banner-title-visibility":"","ast-main-header-display":"","ast-hfb-above-header-display":"","ast-hfb-below-header-display":"","ast-hfb-mobile-header-display":"","site-post-title":"","ast-breadcrumbs-content":"","ast-featured-img":"","footer-sml-layout":"","theme-transparent-header-meta":"","adv-header-id-meta":"","stick-header-meta":"","header-above-stick-meta":"","header-main-stick-meta":"","header-below-stick-meta":"","astra-migrate-meta-layouts":"default","ast-page-background-enabled":"default","ast-page-background-meta":{"desktop":{"background-color":"var(--ast-global-color-4)","background-image":"","background-repeat":"repeat","background-position":"center center","background-size":"auto","background-attachment":"scroll","background-type":"","background-media":"","overlay-type":"","overlay-color":"","overlay-opacity":"","overlay-gradient":""},"tablet":{"background-color":"","background-image":"","background-repeat":"repeat","background-position":"center center","background-size":"auto","background-attachment":"scroll","background-type":"","background-media":"","overlay-type":"","overlay-color":"","overlay-opacity":"","overlay-gradient":""},"mobile":{"background-color":"","background-image":"","background-repeat":"repeat","background-position":"center center","background-size":"auto","background-attachment":"scroll","background-type":"","background-media":"","overlay-type":"","overlay-color":"","overlay-opacity":"","overlay-gradient":""}},"ast-content-background-meta":{"desktop":{"background-color":"var(--ast-global-color-5)","background-image":"","background-repeat":"repeat","background-position":"center center","background-size":"auto","background-attachment":"scroll","background-type":"","background-media":"","overlay-type":"","overlay-color":"","overlay-opacity":"","overlay-gradient":""},"tablet":{"background-color":"var(--ast-global-color-5)","background-image":"","background-repeat":"repeat","background-position":"center center","background-size":"auto","background-attachment":"scroll","background-type":"","background-media":"","overlay-type":"","overlay-color":"","overlay-opacity":"","overlay-gradient":""},"mobile":{"background-color":"var(--ast-global-color-5)","background-image":"","background-repeat":"repeat","background-position":"center center","background-size":"auto","background-attachment":"scroll","background-type":"","background-media":"","overlay-type":"","overlay-color":"","overlay-opacity":"","overlay-gradient":""}},"footnotes":""},"categories":[8],"tags":[39069,39070],"class_list":["post-100837","post","type-post","status-publish","format-standard","has-post-thumbnail","hentry","category-noticias","tag-arquera-andrea-becerra","tag-copa-del-mundo-de-tiro-con-arco"],"_links":{"self":[{"href":"https:\/\/losperiodistas.com.mx\/portal\/wp-json\/wp\/v2\/posts\/100837","targetHints":{"allow":["GET"]}}],"collection":[{"href":"https:\/\/losperiodistas.com.mx\/portal\/wp-json\/wp\/v2\/posts"}],"about":[{"href":"https:\/\/losperiodistas.com.mx\/portal\/wp-json\/wp\/v2\/types\/post"}],"author":[{"embeddable":true,"href":"https:\/\/losperiodistas.com.mx\/portal\/wp-json\/wp\/v2\/users\/1"}],"replies":[{"embeddable":true,"href":"https:\/\/losperiodistas.com.mx\/portal\/wp-json\/wp\/v2\/comments?post=100837"}],"version-history":[{"count":1,"href":"https:\/\/losperiodistas.com.mx\/portal\/wp-json\/wp\/v2\/posts\/100837\/revisions"}],"predecessor-version":[{"id":100840,"href":"https:\/\/losperiodistas.com.mx\/portal\/wp-json\/wp\/v2\/posts\/100837\/revisions\/100840"}],"wp:featuredmedia":[{"embeddable":true,"href":"https:\/\/losperiodistas.com.mx\/portal\/wp-json\/wp\/v2\/media\/100839"}],"wp:attachment":[{"href":"https:\/\/losperiodistas.com.mx\/portal\/wp-json\/wp\/v2\/media?parent=100837"}],"wp:term":[{"taxonomy":"category","embeddable":true,"href":"https:\/\/losperiodistas.com.mx\/portal\/wp-json\/wp\/v2\/categories?post=100837"},{"taxonomy":"post_tag","embeddable":true,"href":"https:\/\/losperiodistas.com.mx\/portal\/wp-json\/wp\/v2\/tags?post=100837"}],"curies":[{"name":"wp","href":"https:\/\/api.w.org\/{rel}","templated":true}]}}