{"id":100834,"date":"2025-06-08T05:33:43","date_gmt":"2025-06-08T11:33:43","guid":{"rendered":"https:\/\/losperiodistas.com.mx\/portal\/?p=100834"},"modified":"2025-06-08T05:33:44","modified_gmt":"2025-06-08T11:33:44","slug":"marco-rubio-la-onu-la-oea-y-mandatarios-de-varios-paises-condenan-el-atentado-contra-el-senador-miguel-uribe-turbay-efe","status":"publish","type":"post","link":"https:\/\/losperiodistas.com.mx\/portal\/marco-rubio-la-onu-la-oea-y-mandatarios-de-varios-paises-condenan-el-atentado-contra-el-senador-miguel-uribe-turbay-efe\/","title":{"rendered":"Marco Rubio, la ONU, la OEA y mandatarios de varios pa\u00edses condenan el atentado contra el senador Miguel Uribe Turbay | EFE"},"content":{"rendered":"\n<p><\/p>\n\n\n\n<figure class=\"wp-block-image size-full\"><img fetchpriority=\"high\" decoding=\"async\" width=\"900\" height=\"600\" src=\"https:\/\/losperiodistas.com.mx\/portal\/wp-content\/uploads\/2025\/06\/CKD9037-USA-GERMANY-DIPLOMACY.webp\" alt=\"\" class=\"wp-image-100835\" srcset=\"https:\/\/losperiodistas.com.mx\/portal\/wp-content\/uploads\/2025\/06\/CKD9037-USA-GERMANY-DIPLOMACY.webp 900w, https:\/\/losperiodistas.com.mx\/portal\/wp-content\/uploads\/2025\/06\/CKD9037-USA-GERMANY-DIPLOMACY-300x200.webp 300w, https:\/\/losperiodistas.com.mx\/portal\/wp-content\/uploads\/2025\/06\/CKD9037-USA-GERMANY-DIPLOMACY-768x512.webp 768w\" sizes=\"(max-width: 900px) 100vw, 900px\" \/><figcaption class=\"wp-element-caption\">Fotograf\u00eda de archivo del secretario de Estado de EEUU, Marco Rubio, en el Despacho Oval de la Casa Blanca en Washington, DC, EE.UU. EFE\/EPA\/CHRIS KLEPONIS \/ POOL<\/figcaption><\/figure>\n\n\n\n<p class=\"has-vivid-red-color has-text-color has-link-color has-medium-font-size wp-elements-23db7e95974579b190d8bc7ea9a6cef6\"><strong>Agencia EFE<\/strong><\/p>\n\n\n\n<p>Washington (EFE).- El secretario de Estado de EE.UU., Marco Rubio, conden\u00f3 este s\u00e1bado de \u00abla forma m\u00e1s en\u00e9rgica posible\u00bb el atentado contra el senador y precandidato presidencial de Colombia&nbsp;<a href=\"https:\/\/efe.com\/mundo\/2025-06-08\/miguel-uribe-turbay-atentado\/\">Miguel Uribe Turbay<\/a>, y calific\u00f3 la agresi\u00f3n como \u00abuna amenaza directa\u00bb a la democracia de ese pa\u00eds suramericano.<\/p>\n\n\n\n<p>En el mismo mensaje, Rubio le pidi\u00f3 al presidente colombiano, Gustavo Petro, que \u00abdebe moderar la ret\u00f3rica incendiaria y proteger a los funcionarios colombianos\u00bb.<\/p>\n\n\n\n<p>Uribe Turbay, senador del partido de derecha Centro Democr\u00e1tico y aspirante a la Presidencia en 2026, fue herido de gravedad este s\u00e1bado cuando recibi\u00f3 varios disparos durante un acto pol\u00edtico en Fontib\u00f3n, un barrio del occidente de Bogot\u00e1.<\/p>\n\n\n\n<p>El jefe de la diplomacia estadounidense dijo en un mensaje en X que EE.UU. condena \u201cen\u00e9rgicamente\u201d el intento de asesinato del senador Uribe, que hace parte de la colectividad pol\u00edtica del expresidente \u00c1lvaro Uribe (2002-2010).<\/p>\n\n\n\n<figure class=\"wp-block-embed is-type-rich is-provider-twitter wp-block-embed-twitter\"><div class=\"wp-block-embed__wrapper\">\n<blockquote class=\"twitter-tweet\" data-width=\"500\" data-dnt=\"true\"><p lang=\"en\" dir=\"ltr\">The United States condemns in the strongest possible terms the attempted assassination of Senator Miguel Uribe. This is a direct threat to democracy and the result of the violent leftist rhetoric coming from the highest levels of the Colombian government. Having seen firsthand\u2026<\/p>&mdash; Secretary Marco Rubio (@SecRubio) <a href=\"https:\/\/twitter.com\/SecRubio\/status\/1931529095222894940?ref_src=twsrc%5Etfw\">June 8, 2025<\/a><\/blockquote><script async src=\"https:\/\/platform.twitter.com\/widgets.js\" charset=\"utf-8\"><\/script>\n<\/div><\/figure>\n\n\n\n<h2 class=\"wp-block-heading\" id=\"h-criticas-a-la-retorica-de-petro\">Cr\u00edticas a la ret\u00f3rica de Petro<\/h2>\n\n\n\n<p>Rubio achac\u00f3 el atentado a \u201cla violenta ret\u00f3rica izquierdista proveniente de las m\u00e1s altas esferas del Gobierno colombiano\u201d, en referencia a la Administraci\u00f3n del presidente Gustavo Petro.<\/p>\n\n\n\n<p>\u201cTras haber presenciado de primera mano el progreso de Colombia en las \u00faltimas d\u00e9cadas para consolidar la seguridad y la democracia, no puede permitirse volver a tiempos oscuros de violencia pol\u00edtica\u201d, subray\u00f3 el secretario.<\/p>\n\n\n\n<p>Richard Grenell, enviado especial de Donald Trump para Misiones Especiales, en un mensaje en X, calific\u00f3 de \u00abHorror\u00bb el atentado contra el \u00abcandidato conservador a la presidencia de Colombia\u00bb .<\/p>\n\n\n\n<p>A las palabras de los funcionarios del Gobierno Trump se unieron la de congresistas de Florida como el senador Rick Scott, quien pidi\u00f3 al presidente Petro que debe hacer todo lo posible para garantizar la seguridad de todos los ciudadanos.<\/p>\n\n\n\n<figure class=\"wp-block-embed is-type-rich is-provider-twitter wp-block-embed-twitter\"><div class=\"wp-block-embed__wrapper\">\n<blockquote class=\"twitter-tweet\" data-width=\"500\" data-dnt=\"true\"><p lang=\"en\" dir=\"ltr\">Horrific. Conservative candidate for President in Colombia shot in Bogota. <a href=\"https:\/\/t.co\/2ZEIMKkw1z\">https:\/\/t.co\/2ZEIMKkw1z<\/a><\/p>&mdash; Richard Grenell (@RichardGrenell) <a href=\"https:\/\/twitter.com\/RichardGrenell\/status\/1931504687821582736?ref_src=twsrc%5Etfw\">June 8, 2025<\/a><\/blockquote><script async src=\"https:\/\/platform.twitter.com\/widgets.js\" charset=\"utf-8\"><\/script>\n<\/div><\/figure>\n\n\n\n<h2 class=\"wp-block-heading\" id=\"h-salazar-denuncia-violencia-politica-en-colombia\">Salazar denuncia violencia pol\u00edtica en Colombia<\/h2>\n\n\n\n<p>El senador republicano tambi\u00e9n se refiri\u00f3 a las \u00abconstantes\u00bb amenazas de muerte recibidas por el expresidente Uribe, que \u00abnunca\u00bb deben ser toleradas.<\/p>\n\n\n\n<p>Por su parte, la representante a la C\u00e1mara por Florida Mar\u00eda Elvira Salazar, conocida cr\u00edtica de Petro, dijo en su cuenta de X, que estaba \u00abhorrorizada\u00bb por el ataque contra el senador opositor.<\/p>\n\n\n\n<p>\u201cLa violencia pol\u00edtica es el arma de los cobardes. Debe ser confrontada con una defensa inquebrantable de los valores dem\u00f3craticos\u201d, dijo la legisladora, esta vez sin nombrar al presidente colombiano.<\/p>\n\n\n\n<h2 class=\"wp-block-heading\" id=\"h-noboa-condena-la-violencia-e-intolerancia\">Noboa condena la violencia e intolerancia<\/h2>\n\n\n\n<p>El presidente de Ecuador, Daniel Noboa, se solidariz\u00f3 hoy con la familia del senador Miguel Uribe Turbay.<\/p>\n\n\n\n<p>\u00abCon profundo dolor, acompa\u00f1o a la familia del senador Miguel Uribe en este momento tan duro. Mi respeto y oraciones est\u00e1n con ustedes\u00bb, escribi\u00f3 en su cuenta de la red social X.<\/p>\n\n\n\n<p>Y agreg\u00f3: \u00abCondenamos toda forma de violencia e intolerancia. No est\u00e1n solos\u00bb.<\/p>\n\n\n\n<figure class=\"wp-block-embed is-type-rich is-provider-twitter wp-block-embed-twitter\"><div class=\"wp-block-embed__wrapper\">\n<blockquote class=\"twitter-tweet\" data-width=\"500\" data-dnt=\"true\"><p lang=\"es\" dir=\"ltr\">Con profundo dolor, acompa\u00f1o a la familia del senador Miguel Uribe en este momento tan duro. Mi respeto y oraciones est\u00e1n con ustedes.<br><br>Condenamos toda forma de violencia e intolerancia. No est\u00e1n solos.<\/p>&mdash; Daniel Noboa Azin (@DanielNoboaOk) <a href=\"https:\/\/twitter.com\/DanielNoboaOk\/status\/1931520663564816603?ref_src=twsrc%5Etfw\">June 8, 2025<\/a><\/blockquote><script async src=\"https:\/\/platform.twitter.com\/widgets.js\" charset=\"utf-8\"><\/script>\n<\/div><\/figure>\n\n\n\n<p>Ecuador tambi\u00e9n ha sido escenario en el ultimo tiempo de episodios de violencia pol\u00edtica. Uno de los hechos m\u00e1s tr\u00e1gicos fue el asesinato en 2023 del candidato presidencial Fernando Villavicencio poco antes la primera vuelta de las elecciones presidenciales que en abril pasado Noboa.<\/p>\n\n\n\n<p>Entre los principales objetivos del nuevo Gobierno ecuatoriano destaca, precisamente, la lucha frontal contra el crimen organizado, que Daniel Noboa ha calificado como \u2018conflicto armado interno\u2019, al tiempo que ha considerado a las bandas criminales como \u00abterroristas\u00bb.<\/p>\n\n\n\n<h2 class=\"wp-block-heading\" id=\"h-onu-y-oea-exigen-garantias-electorales\">ONU y OEA exigen garant\u00edas electorales<\/h2>\n\n\n\n<p>La Oficina de la ONU para los Derechos Humanos en Colombia y la Misi\u00f3n de Apoyo al Proceso de Paz de la Organizaci\u00f3n de Estados Americanos (MAPP\/OEA) condenaron este s\u00e1bado el atentado contra el senador.<\/p>\n\n\n\n<p>\u00abCondenamos atentado contra el senador y precandidato del Centro Democr\u00e1tico Miguel Uribe Turbay. Urgimos a autoridades investigar, juzgar y sancionar a responsables. Llamamos a garantizar derechos pol\u00edticos y debate pol\u00edtico libre de violencia. Nos solidarizamos con el precandidato y su familia\u00bb, se\u00f1al\u00f3 la Oficina de la ONU en X.<\/p>\n\n\n\n<figure class=\"wp-block-embed is-type-rich is-provider-twitter wp-block-embed-twitter\"><div class=\"wp-block-embed__wrapper\">\n<blockquote class=\"twitter-tweet\" data-width=\"500\" data-dnt=\"true\"><p lang=\"es\" dir=\"ltr\"><a href=\"https:\/\/twitter.com\/hashtag\/Pronunciamiento?src=hash&amp;ref_src=twsrc%5Etfw\">#Pronunciamiento<\/a><br>Condenamos en\u00e9rgicamente el atentado contra el senador Miguel Uribe Turbay, en Bogot\u00e1.<br>Atentar contra la vida de un l\u00edder pol\u00edtico y precandidato presidencial es un acto violento que duele como pa\u00eds,  que va en contra de la democracia y de los esfuerzos de\u2026 <a href=\"https:\/\/t.co\/ZozUWO1kry\">pic.twitter.com\/ZozUWO1kry<\/a><\/p>&mdash; MAPP\/OEA (@MAPPOEA) <a href=\"https:\/\/twitter.com\/MAPPOEA\/status\/1931520119219380688?ref_src=twsrc%5Etfw\">June 8, 2025<\/a><\/blockquote><script async src=\"https:\/\/platform.twitter.com\/widgets.js\" charset=\"utf-8\"><\/script>\n<\/div><\/figure>\n\n\n\n<p>En ese sentido, la MAPP\/OEA hizo \u00abun llamado urgente a las autoridades para esclarecer este hecho, llevar a los responsables a la justicia y garantizar el ejercicio libre, seguro y leg\u00edtimo de la participaci\u00f3n pol\u00edtica en todo el territorio nacional\u00bb.<\/p>\n\n\n\n<p>\u00abEs imperativo que el Estado colombiano refuerce las garant\u00edas para que todos los liderazgos pol\u00edticos puedan contar, en las pr\u00f3ximas elecciones, con todas las condiciones de seguridad para su participaci\u00f3n. Proteger la vida y la integridad debe ser lo principal ante actos de violencia como este, que por d\u00e9cadas no solo han permeado la pol\u00edtica, sino tambi\u00e9n la vida de la poblaci\u00f3n colombiana\u00bb, agreg\u00f3 esa misi\u00f3n.<\/p>\n\n\n\n<h2 class=\"wp-block-heading\" id=\"h-profunda-preocupacion\">\u00abProfunda preocupaci\u00f3n\u00bb<\/h2>\n\n\n\n<p>La ONG Misi\u00f3n de Observaci\u00f3n Electoral (MOE) manifest\u00f3 \u00absu rechazo y profunda preocupaci\u00f3n frente al atentado ocurrido contra el senador y precandidato presidencial\u00bb.<\/p>\n\n\n\n<p>\u00abA menos de un a\u00f1o de las elecciones presidenciales de 2026, lo ocurrido demanda al Gobierno, autoridades de Polic\u00eda, seguridad e inteligencia, fortalecer las medidas para proteger a todas las personas que participan en el ejercicio de la pol\u00edtica\u00bb, agreg\u00f3 la Misi\u00f3n.<\/p>\n\n\n\n<figure class=\"wp-block-embed is-type-wp-embed is-provider-efe-noticias wp-block-embed-efe-noticias\"><div class=\"wp-block-embed__wrapper\">\n<blockquote class=\"wp-embedded-content\" data-secret=\"NhgM69XAHu\"><a href=\"https:\/\/efe.com\/mundo\/2025-06-08\/politicos-colombianos-conden-atentado-miguel-uribe\/\">Pol\u00edticos colombianos condenan el atentado contra el aspirante presidencial Miguel Uribe Turbay<\/a><\/blockquote><iframe class=\"wp-embedded-content\" sandbox=\"allow-scripts\" security=\"restricted\" style=\"position: absolute; visibility: hidden;\" title=\"\u00abPol\u00edticos colombianos condenan el atentado contra el aspirante presidencial Miguel Uribe Turbay\u00bb \u2014 EFE Noticias\" src=\"https:\/\/efe.com\/mundo\/2025-06-08\/politicos-colombianos-conden-atentado-miguel-uribe\/embed\/#?secret=g1gQ7Z8dWu#?secret=NhgM69XAHu\" data-secret=\"NhgM69XAHu\" width=\"500\" height=\"282\" frameborder=\"0\" marginwidth=\"0\" marginheight=\"0\" scrolling=\"no\"><\/iframe>\n<\/div><\/figure>\n\n\n\n<p>La MOE se\u00f1al\u00f3 adem\u00e1s que la \u00abviolencia pol\u00edtica atenta contra los principios fundamentales de la democracia, afectando la confianza ciudadana en el proceso electoral y genera un ambiente de temor que no puede ser tolerado\u00bb.<\/p>\n\n\n\n<h2 class=\"wp-block-heading\" id=\"h-presidente-de-chile-expresa-su-absoluta-condena-al-atentado\">Presidente de Chile expresa su \u00ababsoluta condena\u00bb al atentado<\/h2>\n\n\n\n<p>El presidente de Chile, Gabriel Boric, conden\u00f3 este s\u00e1bado el atentado contra el senador colombiano y precandidato presidencial Miguel Uribe Turbay, al afirmar que en democracia la violencia \u00abno tiene cabida ni justificaci\u00f3n\u00bb.<\/p>\n\n\n\n<p>\u00abMi m\u00e1s absoluta condena al atentado contra Miguel Uribe Turbay, precandidato presidencial en Colombia. En Democracia la violencia no tiene cabida ni justificaci\u00f3n\u00bb, afirm\u00f3 Boric este s\u00e1bado en su cuenta de X.<\/p>\n\n\n\n<figure class=\"wp-block-embed is-type-wp-embed is-provider-efe-noticias wp-block-embed-efe-noticias\"><div class=\"wp-block-embed__wrapper\">\n<blockquote class=\"wp-embedded-content\" data-secret=\"d0t9Gz3Wl6\"><a href=\"https:\/\/efe.com\/mundo\/2025-06-08\/miguel-uribe-turbay-atentado\/\">El senador colombiano Miguel Uribe contin\u00faa en \u00abestado cr\u00edtico\u00bb tras sufrir un atentado<\/a><\/blockquote><iframe class=\"wp-embedded-content\" sandbox=\"allow-scripts\" security=\"restricted\" style=\"position: absolute; visibility: hidden;\" title=\"\u00abEl senador colombiano Miguel Uribe contin\u00faa en \u00abestado cr\u00edtico\u00bb tras sufrir un atentado\u00bb \u2014 EFE Noticias\" src=\"https:\/\/efe.com\/mundo\/2025-06-08\/miguel-uribe-turbay-atentado\/embed\/#?secret=LjfmZreSDw#?secret=d0t9Gz3Wl6\" data-secret=\"d0t9Gz3Wl6\" width=\"500\" height=\"282\" frameborder=\"0\" marginwidth=\"0\" marginheight=\"0\" scrolling=\"no\"><\/iframe>\n<\/div><\/figure>\n\n\n\n<h2 class=\"wp-block-heading\" id=\"h-peru-y-venezuela-condenan-energicamente-el-atentado\">Per\u00fa y Venezuela condenan \u00aben\u00e9rgicamente\u00bb el atentado<\/h2>\n\n\n\n<p>El Gobierno de Per\u00fa conden\u00f3 este s\u00e1bado \u00aben\u00e9rgicamente\u00bb el atentado que sufri\u00f3 el senador Miguel Uribe Turbay.<\/p>\n\n\n\n<p>El Ministerio de Relaciones Exteriores manifest\u00f3 en un comunicado \u00absu m\u00e1s firme rechazo a todo acto de violencia que atente contra la vida o socave la paz social y el bienestar de nuestros pueblos\u00bb.<\/p>\n\n\n\n<p>\u00abEl Gobierno del Per\u00fa expresa su solidaridad al pueblo y gobierno colombianos, as\u00ed como a los familiares del senador Uribe Turbay\u00bb, concluy\u00f3.<\/p>\n\n\n\n<p>Por su parte el Gobierno de Venezuela conden\u00f3 este s\u00e1bado \u00aben\u00e9rgicamente\u00bb el atentado contra el senador colombiano Miguel Uribe Turbay y rechaz\u00f3 todo tipo de violencia que busque \u00abafectar la estabilidad\u00bb.<\/p>\n\n\n\n<p>\u00abEl Gobierno de Venezuela condena en\u00e9rgicamente el atentado contra el senador colombiano Miguel Uribe Turbay, ocurrido este 7 de junio en Bogot\u00e1. Rechazamos todo acto de violencia que busque afectar la estabilidad pol\u00edtica y social de Colombia\u00bb, afirm\u00f3 en un comunicado publicado en las redes sociales.<\/p>\n\n\n\n<p>Asimismo, el Ejecutivo de Nicol\u00e1s Maduro se mostr\u00f3 confiado \u00aben que las autoridades colombianas llevar\u00e1n a cabo una investigaci\u00f3n exhaustiva y transparente sobre este lamentable suceso\u00bb.<\/p>\n\n\n\n<p>Fuente: <a href=\"https:\/\/efe.com\/mundo\/2025-06-08\/miguel-uribe-turbay-reacciones-internacionales\/\">https:\/\/efe.com\/mundo\/2025-06-08\/miguel-uribe-turbay-reacciones-internacionales\/<\/a><\/p>\n","protected":false},"excerpt":{"rendered":"<p>Agencia EFE Washington (EFE).- El secretario de Estado de EE.UU., Marco Rubio, conden\u00f3 este s\u00e1bado de \u00abla forma m\u00e1s en\u00e9rgica [&hellip;]<\/p>\n","protected":false},"author":1,"featured_media":100835,"comment_status":"open","ping_status":"open","sticky":false,"template":"","format":"standard","meta":{"site-sidebar-layout":"default","site-content-layout":"","ast-site-content-layout":"default","site-content-style":"default","site-sidebar-style":"default","ast-global-header-display":"","ast-banner-title-visibility":"","ast-main-header-display":"","ast-hfb-above-header-display":"","ast-hfb-below-header-display":"","ast-hfb-mobile-header-display":"","site-post-title":"","ast-breadcrumbs-content":"","ast-featured-img":"","footer-sml-layout":"","theme-transparent-header-meta":"","adv-header-id-meta":"","stick-header-meta":"","header-above-stick-meta":"","header-main-stick-meta":"","header-below-stick-meta":"","astra-migrate-meta-layouts":"default","ast-page-background-enabled":"default","ast-page-background-meta":{"desktop":{"background-color":"var(--ast-global-color-4)","background-image":"","background-repeat":"repeat","background-position":"center center","background-size":"auto","background-attachment":"scroll","background-type":"","background-media":"","overlay-type":"","overlay-color":"","overlay-opacity":"","overlay-gradient":""},"tablet":{"background-color":"","background-image":"","background-repeat":"repeat","background-position":"center center","background-size":"auto","background-attachment":"scroll","background-type":"","background-media":"","overlay-type":"","overlay-color":"","overlay-opacity":"","overlay-gradient":""},"mobile":{"background-color":"","background-image":"","background-repeat":"repeat","background-position":"center center","background-size":"auto","background-attachment":"scroll","background-type":"","background-media":"","overlay-type":"","overlay-color":"","overlay-opacity":"","overlay-gradient":""}},"ast-content-background-meta":{"desktop":{"background-color":"var(--ast-global-color-5)","background-image":"","background-repeat":"repeat","background-position":"center center","background-size":"auto","background-attachment":"scroll","background-type":"","background-media":"","overlay-type":"","overlay-color":"","overlay-opacity":"","overlay-gradient":""},"tablet":{"background-color":"var(--ast-global-color-5)","background-image":"","background-repeat":"repeat","background-position":"center center","background-size":"auto","background-attachment":"scroll","background-type":"","background-media":"","overlay-type":"","overlay-color":"","overlay-opacity":"","overlay-gradient":""},"mobile":{"background-color":"var(--ast-global-color-5)","background-image":"","background-repeat":"repeat","background-position":"center center","background-size":"auto","background-attachment":"scroll","background-type":"","background-media":"","overlay-type":"","overlay-color":"","overlay-opacity":"","overlay-gradient":""}},"footnotes":""},"categories":[8],"tags":[39068,32698,39067],"class_list":["post-100834","post","type-post","status-publish","format-standard","has-post-thumbnail","hentry","category-noticias","tag-atentado-colombia","tag-marco-rubio","tag-miguel-uribe-turbay"],"_links":{"self":[{"href":"https:\/\/losperiodistas.com.mx\/portal\/wp-json\/wp\/v2\/posts\/100834","targetHints":{"allow":["GET"]}}],"collection":[{"href":"https:\/\/losperiodistas.com.mx\/portal\/wp-json\/wp\/v2\/posts"}],"about":[{"href":"https:\/\/losperiodistas.com.mx\/portal\/wp-json\/wp\/v2\/types\/post"}],"author":[{"embeddable":true,"href":"https:\/\/losperiodistas.com.mx\/portal\/wp-json\/wp\/v2\/users\/1"}],"replies":[{"embeddable":true,"href":"https:\/\/losperiodistas.com.mx\/portal\/wp-json\/wp\/v2\/comments?post=100834"}],"version-history":[{"count":1,"href":"https:\/\/losperiodistas.com.mx\/portal\/wp-json\/wp\/v2\/posts\/100834\/revisions"}],"predecessor-version":[{"id":100836,"href":"https:\/\/losperiodistas.com.mx\/portal\/wp-json\/wp\/v2\/posts\/100834\/revisions\/100836"}],"wp:featuredmedia":[{"embeddable":true,"href":"https:\/\/losperiodistas.com.mx\/portal\/wp-json\/wp\/v2\/media\/100835"}],"wp:attachment":[{"href":"https:\/\/losperiodistas.com.mx\/portal\/wp-json\/wp\/v2\/media?parent=100834"}],"wp:term":[{"taxonomy":"category","embeddable":true,"href":"https:\/\/losperiodistas.com.mx\/portal\/wp-json\/wp\/v2\/categories?post=100834"},{"taxonomy":"post_tag","embeddable":true,"href":"https:\/\/losperiodistas.com.mx\/portal\/wp-json\/wp\/v2\/tags?post=100834"}],"curies":[{"name":"wp","href":"https:\/\/api.w.org\/{rel}","templated":true}]}}