{"id":100831,"date":"2025-06-08T05:25:29","date_gmt":"2025-06-08T11:25:29","guid":{"rendered":"https:\/\/losperiodistas.com.mx\/portal\/?p=100831"},"modified":"2025-06-08T05:25:30","modified_gmt":"2025-06-08T11:25:30","slug":"regina-caeli-leon-xiv-donde-haya-guerra-que-el-espiritu-ilumine-a-los-gobernantes-vatican-news","status":"publish","type":"post","link":"https:\/\/losperiodistas.com.mx\/portal\/regina-caeli-leon-xiv-donde-haya-guerra-que-el-espiritu-ilumine-a-los-gobernantes-vatican-news\/","title":{"rendered":"Regina Caeli, Le\u00f3n XIV: \u00abdonde haya guerra, que el Esp\u00edritu ilumine a los gobernantes\u00bb | Vatican News"},"content":{"rendered":"\n<p class=\"has-luminous-vivid-amber-background-color has-background has-medium-font-size\">En el Regina Caeli de Pentecost\u00e9s, Le\u00f3n XIV invoca el don de la paz: \u00abS\u00f3lo un coraz\u00f3n pac\u00edfico puede difundir la paz, en la familia, en la sociedad, en las relaciones internacionales\u00bb. El Pont\u00edfice implora \u00abvalent\u00eda\u00bb a los responsables pol\u00edticos para \u00abgestos de distensi\u00f3n y de di\u00e1logo\u00bb. Pero tambi\u00e9n unas palabras para los j\u00f3venes, los estudiantes y sus profesores, \u00abespecialmente para aquellos que en los pr\u00f3ximos d\u00edas se examinar\u00e1n al final de sus estudios\u00bb.<\/p>\n\n\n\n<figure class=\"wp-block-image size-large\"><img fetchpriority=\"high\" decoding=\"async\" width=\"1024\" height=\"675\" src=\"https:\/\/losperiodistas.com.mx\/portal\/wp-content\/uploads\/2025\/06\/cq5dam.thumbnail.cropped.1500.844-1-1024x675.jpeg\" alt=\"\" class=\"wp-image-100832\" srcset=\"https:\/\/losperiodistas.com.mx\/portal\/wp-content\/uploads\/2025\/06\/cq5dam.thumbnail.cropped.1500.844-1-1024x675.jpeg 1024w, https:\/\/losperiodistas.com.mx\/portal\/wp-content\/uploads\/2025\/06\/cq5dam.thumbnail.cropped.1500.844-1-300x198.jpeg 300w, https:\/\/losperiodistas.com.mx\/portal\/wp-content\/uploads\/2025\/06\/cq5dam.thumbnail.cropped.1500.844-1-768x506.jpeg 768w, https:\/\/losperiodistas.com.mx\/portal\/wp-content\/uploads\/2025\/06\/cq5dam.thumbnail.cropped.1500.844-1.jpeg 1280w\" sizes=\"(max-width: 1024px) 100vw, 1024px\" \/><figcaption class=\"wp-element-caption\">El Papa Le\u00f3n XIV durante lel Regina Caeli en la Plaza de San Pedro en el Vaticano.<\/figcaption><\/figure>\n\n\n\n<p class=\"has-vivid-red-color has-text-color has-link-color has-medium-font-size wp-elements-64587948222b9661fd4e21284e675f4f\"><strong>Antonella Palermo \/ Vatican News<\/strong><\/p>\n\n\n\n<p>Un mes despu\u00e9s de su elecci\u00f3n como sucesor de Pedro, en la solemnidad de Pentecost\u00e9s, Le\u00f3n XIV renueva en el Regina Caeli su llamamiento al don de la paz. Lo hace ante 80.000 fieles, y los conectados a trav\u00e9s de los medios de comunicaci\u00f3n, a los que da las gracias. Un don que hay que pedir al Esp\u00edritu Santo, para que nos comprendamos a pesar de nuestras diferencias, para que tengamos el valor de superar las fronteras. Una enorme vitalidad de la Iglesia impregna la plaza y las calles que rodean el Vaticano. Es la variedad de carismas que encuentra un amplio aliento y se re\u00fane en el deseo de recorrer el camino com\u00fan de la concordia, en el coraz\u00f3n de cada uno, en las relaciones personales y en las internacionales.<\/p>\n\n\n\n<p>Lea tambi\u00e9n<\/p>\n\n\n\n<p><a href=\"https:\/\/www.vaticannews.va\/es\/papa\/news\/2025-06\/papa-en-pentecostes-el-espiritu-abre-fronteras-donde-hay-muros.html\"><\/a><\/p>\n\n\n\n<figure class=\"wp-block-image\"><a href=\"https:\/\/www.vaticannews.va\/es\/papa\/news\/2025-06\/papa-en-pentecostes-el-espiritu-abre-fronteras-donde-hay-muros.html\"><img decoding=\"async\" src=\"https:\/\/www.vaticannews.va\/content\/dam\/vaticannews\/agenzie\/images\/srv\/2025\/06\/08\/2025-06-08-santa-messa-nella-solennita-di-pentecoste--per-il-giu\/1749374214049.JPG\/_jcr_content\/renditions\/cq5dam.thumbnail.cropped.500.281.jpeg\" alt=\"El Papa en Pentecost\u00e9s: &quot;El Esp\u00edritu abre fronteras donde el mundo construye muros\u201d\"\/><\/a><\/figure>\n\n\n\n<p>08\/06\/2025<\/p>\n\n\n\n<h2 class=\"wp-block-heading has-medium-font-size\"><a href=\"https:\/\/www.vaticannews.va\/es\/papa\/news\/2025-06\/papa-en-pentecostes-el-espiritu-abre-fronteras-donde-hay-muros.html\">El Papa en Pentecost\u00e9s: \u00abEl Esp\u00edritu abre fronteras donde el mundo construye muros\u201d<\/a><\/h2>\n\n\n\n<h2 class=\"wp-block-heading\">Que los gobernantes tengan valor para el di\u00e1logo&nbsp;<\/h2>\n\n\n\n<p>El Pont\u00edfice eleva su oraci\u00f3n para que, por intercesi\u00f3n de la Virgen Mar\u00eda, todos sean diligentes en invocar del Esp\u00edritu Santo el don de la paz. Y precisa que la paz parte del coraz\u00f3n: es all\u00ed, en el interior de cada persona, donde hay que cultivarla y hacerla crecer. De hecho, \u00abs\u00f3lo un coraz\u00f3n en paz -subraya el Papa- puede difundir la paz, en la familia, en la sociedad, en las relaciones internacionales\u00bb. Los escenarios del conflicto no perdonan a ning\u00fan rinc\u00f3n del mundo: Rusia informa de que est\u00e1 llevando a cabo una ofensiva en la regi\u00f3n ucraniana de Dnipropetrovsk; al menos 21 personas han muerto en ataques israel\u00edes esta ma\u00f1ana, 8 de junio, en la Franja de Gaza. Seg\u00fan informa Al-Jazeera citando fuentes hospitalarias locales, los ataques tuvieron como objetivo edificios al este del campo de refugiados de Jabalia y varios casos al este de la ciudad de Gaza. Tantas guerras \u00abolvidadas\u00bb por los medios de comunicaci\u00f3n, situaciones \u201catascadas\u201d que se cobran v\u00edctimas todos los d\u00edas. A menudo con el saldo de civiles inocentes y ni\u00f1os.<\/p>\n\n\n\n<p>A todas estas zonas del planeta, consumidas por el af\u00e1n de las armas, se dirige el Papa. Su pensamiento se dirige a los gobernantes, sobre los que ya se expres\u00f3 una intenci\u00f3n en la oraci\u00f3n universal de la Misa:<\/p>\n\n\n\n<p><em>\u00abQue el Esp\u00edritu de Cristo resucitado abra caminos de reconciliaci\u00f3n dondequiera que haya guerra; que ilumine a los gobernantes y les d\u00e9 el valor de hacer gestos de distensi\u00f3n y de di\u00e1logo\u00bb.<\/em><\/p>\n\n\n\n<h2 class=\"wp-block-heading\">Mensajeros de esperanza<\/h2>\n\n\n\n<p>Al final de la Misa, el Sucesor de Pedro conf\u00eda a los representantes de asociaciones, movimientos eclesiales y nuevas comunidades -que han participado en gran n\u00famero con ocasi\u00f3n del Jubileo a ellos dedicado- el mandato de convertirse en testigos de esperanza en sus propios ambientes de trabajo y de vida.<\/p>\n\n\n\n<p><em>\u00abQueridos hermanos y hermanas, con la fuerza del Esp\u00edritu Santo salid renovados de este vuestro Jubileo. Id y llevad a todos la esperanza del Se\u00f1or Jes\u00fas\u00bb.<\/em><\/p>\n\n\n\n<h2 class=\"wp-block-heading\">El pensamiento para los que concluyen el a\u00f1o escolar<\/h2>\n\n\n\n<p>El Papa no olvida a quienes, entre alumnos y profesores, concluyen en estos d\u00edas el a\u00f1o escolar en diversos pa\u00edses, entre ellos Italia. Con afecto se dirige a ellos:<\/p>\n\n\n\n<p><em>\u00abDeseo saludar a los j\u00f3venes y a todos los estudiantes y a sus profesores, especialmente a los estudiantes que en los pr\u00f3ximos d\u00edas se examinar\u00e1n al final de sus estudios\u00bb.<\/em><\/p>\n\n\n\n<p>Fuente: <a href=\"https:\/\/www.vaticannews.va\/es\/papa\/news\/2025-06\/leon-xiv-donde-haya-guerra-el-espiritu-abra-caminos-regina-caeli.html\">https:\/\/www.vaticannews.va\/es\/papa\/news\/2025-06\/leon-xiv-donde-haya-guerra-el-espiritu-abra-caminos-regina-caeli.html<\/a><\/p>\n","protected":false},"excerpt":{"rendered":"<p>En el Regina Caeli de Pentecost\u00e9s, Le\u00f3n XIV invoca el don de la paz: \u00abS\u00f3lo un coraz\u00f3n pac\u00edfico puede difundir [&hellip;]<\/p>\n","protected":false},"author":1,"featured_media":100832,"comment_status":"open","ping_status":"open","sticky":false,"template":"","format":"standard","meta":{"site-sidebar-layout":"default","site-content-layout":"","ast-site-content-layout":"default","site-content-style":"default","site-sidebar-style":"default","ast-global-header-display":"","ast-banner-title-visibility":"","ast-main-header-display":"","ast-hfb-above-header-display":"","ast-hfb-below-header-display":"","ast-hfb-mobile-header-display":"","site-post-title":"","ast-breadcrumbs-content":"","ast-featured-img":"","footer-sml-layout":"","theme-transparent-header-meta":"","adv-header-id-meta":"","stick-header-meta":"","header-above-stick-meta":"","header-main-stick-meta":"","header-below-stick-meta":"","astra-migrate-meta-layouts":"default","ast-page-background-enabled":"default","ast-page-background-meta":{"desktop":{"background-color":"var(--ast-global-color-4)","background-image":"","background-repeat":"repeat","background-position":"center center","background-size":"auto","background-attachment":"scroll","background-type":"","background-media":"","overlay-type":"","overlay-color":"","overlay-opacity":"","overlay-gradient":""},"tablet":{"background-color":"","background-image":"","background-repeat":"repeat","background-position":"center center","background-size":"auto","background-attachment":"scroll","background-type":"","background-media":"","overlay-type":"","overlay-color":"","overlay-opacity":"","overlay-gradient":""},"mobile":{"background-color":"","background-image":"","background-repeat":"repeat","background-position":"center center","background-size":"auto","background-attachment":"scroll","background-type":"","background-media":"","overlay-type":"","overlay-color":"","overlay-opacity":"","overlay-gradient":""}},"ast-content-background-meta":{"desktop":{"background-color":"var(--ast-global-color-5)","background-image":"","background-repeat":"repeat","background-position":"center center","background-size":"auto","background-attachment":"scroll","background-type":"","background-media":"","overlay-type":"","overlay-color":"","overlay-opacity":"","overlay-gradient":""},"tablet":{"background-color":"var(--ast-global-color-5)","background-image":"","background-repeat":"repeat","background-position":"center center","background-size":"auto","background-attachment":"scroll","background-type":"","background-media":"","overlay-type":"","overlay-color":"","overlay-opacity":"","overlay-gradient":""},"mobile":{"background-color":"var(--ast-global-color-5)","background-image":"","background-repeat":"repeat","background-position":"center center","background-size":"auto","background-attachment":"scroll","background-type":"","background-media":"","overlay-type":"","overlay-color":"","overlay-opacity":"","overlay-gradient":""}},"footnotes":""},"categories":[8],"tags":[39065,39066],"class_list":["post-100831","post","type-post","status-publish","format-standard","has-post-thumbnail","hentry","category-noticias","tag-papa-pide-por-gobernantes","tag-politicos-valientes"],"_links":{"self":[{"href":"https:\/\/losperiodistas.com.mx\/portal\/wp-json\/wp\/v2\/posts\/100831","targetHints":{"allow":["GET"]}}],"collection":[{"href":"https:\/\/losperiodistas.com.mx\/portal\/wp-json\/wp\/v2\/posts"}],"about":[{"href":"https:\/\/losperiodistas.com.mx\/portal\/wp-json\/wp\/v2\/types\/post"}],"author":[{"embeddable":true,"href":"https:\/\/losperiodistas.com.mx\/portal\/wp-json\/wp\/v2\/users\/1"}],"replies":[{"embeddable":true,"href":"https:\/\/losperiodistas.com.mx\/portal\/wp-json\/wp\/v2\/comments?post=100831"}],"version-history":[{"count":1,"href":"https:\/\/losperiodistas.com.mx\/portal\/wp-json\/wp\/v2\/posts\/100831\/revisions"}],"predecessor-version":[{"id":100833,"href":"https:\/\/losperiodistas.com.mx\/portal\/wp-json\/wp\/v2\/posts\/100831\/revisions\/100833"}],"wp:featuredmedia":[{"embeddable":true,"href":"https:\/\/losperiodistas.com.mx\/portal\/wp-json\/wp\/v2\/media\/100832"}],"wp:attachment":[{"href":"https:\/\/losperiodistas.com.mx\/portal\/wp-json\/wp\/v2\/media?parent=100831"}],"wp:term":[{"taxonomy":"category","embeddable":true,"href":"https:\/\/losperiodistas.com.mx\/portal\/wp-json\/wp\/v2\/categories?post=100831"},{"taxonomy":"post_tag","embeddable":true,"href":"https:\/\/losperiodistas.com.mx\/portal\/wp-json\/wp\/v2\/tags?post=100831"}],"curies":[{"name":"wp","href":"https:\/\/api.w.org\/{rel}","templated":true}]}}