{"id":100828,"date":"2025-06-07T12:09:51","date_gmt":"2025-06-07T18:09:51","guid":{"rendered":"https:\/\/losperiodistas.com.mx\/portal\/?p=100828"},"modified":"2025-06-07T12:09:52","modified_gmt":"2025-06-07T18:09:52","slug":"del-amor-al-odio-la-relacion-entre-trump-y-musk-en-diez-tuits-abc","status":"publish","type":"post","link":"https:\/\/losperiodistas.com.mx\/portal\/del-amor-al-odio-la-relacion-entre-trump-y-musk-en-diez-tuits-abc\/","title":{"rendered":"Del amor al odio: la relaci\u00f3n entre Trump y Musk en diez tuits | ABC"},"content":{"rendered":"\n<h2 class=\"wp-block-heading\">El idilio dial\u00e9ctico entre el presidente y el due\u00f1o de Tesla fue tan intenso como est\u00e1 siendo la guerra de declaraciones tras la abrupta ruptura entre ambos<\/h2>\n\n\n\n<figure class=\"wp-block-image size-large\"><img fetchpriority=\"high\" decoding=\"async\" width=\"1024\" height=\"717\" src=\"https:\/\/losperiodistas.com.mx\/portal\/wp-content\/uploads\/2025\/06\/tuits_20250606203626-RwKVr0ku4fsoa1Cy2vmZIqL-1200x840@diario_abc-1024x717.jpeg\" alt=\"\" class=\"wp-image-100829\" srcset=\"https:\/\/losperiodistas.com.mx\/portal\/wp-content\/uploads\/2025\/06\/tuits_20250606203626-RwKVr0ku4fsoa1Cy2vmZIqL-1200x840@diario_abc-1024x717.jpeg 1024w, https:\/\/losperiodistas.com.mx\/portal\/wp-content\/uploads\/2025\/06\/tuits_20250606203626-RwKVr0ku4fsoa1Cy2vmZIqL-1200x840@diario_abc-300x210.jpeg 300w, https:\/\/losperiodistas.com.mx\/portal\/wp-content\/uploads\/2025\/06\/tuits_20250606203626-RwKVr0ku4fsoa1Cy2vmZIqL-1200x840@diario_abc-768x538.jpeg 768w, https:\/\/losperiodistas.com.mx\/portal\/wp-content\/uploads\/2025\/06\/tuits_20250606203626-RwKVr0ku4fsoa1Cy2vmZIqL-1200x840@diario_abc.jpeg 1200w\" sizes=\"(max-width: 1024px) 100vw, 1024px\" \/><figcaption class=\"wp-element-caption\">La portada de un peri\u00f3dico con el presidente de los Estados Unidos, Donald Trump, y Elon Musk\u00a0<strong>Reuters<\/strong><\/figcaption><\/figure>\n\n\n\n<p class=\"has-vivid-red-color has-text-color has-link-color has-medium-font-size wp-elements-8277da8f8a1366a99844535a856623e3\"><strong><a href=\"https:\/\/www.abc.es\/autor\/javier-ansorena-1588\/\">Javier Ansorena<\/a> \/ ABC<\/strong><\/p>\n\n\n\n<p>Corresponsal en Nueva York<\/p>\n\n\n\n<p><a href=\"https:\/\/www.abc.es\/noticias\/donald-trump\/\">Donald Trump<\/a>&nbsp;y&nbsp;<a href=\"https:\/\/www.abc.es\/noticias\/elon-musk\/\">Elon Musk<\/a>&nbsp;han mantenido durante casi un a\u00f1o el idilio m\u00e1s significativo posible: el hombre m\u00e1s poderoso del mundo y el hombre m\u00e1s rico del mundo, unidos para transformar EE.UU., y m\u00e1s all\u00e1. El amor ha implosionado esta semana&nbsp;de forma dram\u00e1tica, entre insultos, acusaciones y amenazas. Este es el romance que ha marcado el regreso de Trump al poder, a golpe de tuit y de declaraci\u00f3n, desde el enamoramiento hasta la ruptura.<\/p>\n\n\n\n<p><strong>Musk<\/strong>&nbsp;13 de julio de 2024<\/p>\n\n\n\n<h4 class=\"wp-block-heading\">\u00abDoy mi respaldo completo al presidente Trump\u00bb<\/h4>\n\n\n\n<figure class=\"wp-block-embed is-type-rich is-provider-twitter wp-block-embed-twitter\"><div class=\"wp-block-embed__wrapper\">\n<blockquote class=\"twitter-tweet\" data-width=\"500\" data-dnt=\"true\"><p lang=\"en\" dir=\"ltr\">I fully endorse President Trump and hope for his rapid recovery <a href=\"https:\/\/t.co\/ZdxkF63EqF\">pic.twitter.com\/ZdxkF63EqF<\/a><\/p>&mdash; Elon Musk (@elonmusk) <a href=\"https:\/\/twitter.com\/elonmusk\/status\/1812256998588662068?ref_src=twsrc%5Etfw\">July 13, 2024<\/a><\/blockquote><script async src=\"https:\/\/platform.twitter.com\/widgets.js\" charset=\"utf-8\"><\/script>\n<\/div><\/figure>\n\n\n\n<p>Pocos minutos despu\u00e9s del intento de asesinato de Trump en un mitin en Butler (Pensilvania), Musk acudi\u00f3 a X para ofrecer su \u00abrespaldo completo\u00bb a su candidatura. En el pasado, Musk hab\u00eda sido muy cr\u00edtico con Trump y hab\u00eda dicho que no iba a apoyar a ning\u00fan candidato en las presidenciales de 2020. Pero el magnate tecnol\u00f3gico cambi\u00f3 de opini\u00f3n cuando vio sobrevivir de milagro a Trump. Desde entonces, abraz\u00f3 su candidatura con la fe del converso.<\/p>\n\n\n\n<p><strong>Musk<\/strong>&nbsp;5 de octubre de 2024<\/p>\n\n\n\n<h4 class=\"wp-block-heading\">\u00abNo soy solo MAGA, soy MAGA oscuro\u00bb<\/h4>\n\n\n\n<p>Musk hizo su primera aparici\u00f3n en un mitin con Trump en el regreso del candidato al escenario del intento de asesinato, en Butler. Era la materializaci\u00f3n del protagonismo enorme que el hombre m\u00e1s rico del mundo tendr\u00eda en la campa\u00f1a. Se llev\u00f3 una ovaci\u00f3n tremenda, dio saltos exc\u00e9ntricos y proclam\u00f3, vestido de negro: \u00abNo solo soy MAGA, soy MAGA oscuro\u00bb, en referencia al lema &#8216;trumpista&#8217; Make America Great Again (Hacer a EE.UU. grande otra vez). Desde entonces, dedic\u00f3 su altavoz -su red social, X, su presencia p\u00fablica, sus esfuerzos en campa\u00f1a, en especial, en la decisiva Pensilvania- y su bolsillo -gast\u00f3 casi 290 millones de d\u00f3lares, nunca nadie hab\u00eda gastado tanto- a la victoria de Trump. Y lo consiguieron.<\/p>\n\n\n\n<p><strong>Trump<\/strong>&nbsp;15 de noviembre de 2024<\/p>\n\n\n\n<h4 class=\"wp-block-heading\">\u00abNo puedo sacarlo de aqu\u00ed, y a m\u00ed me gusta que est\u00e9\u00bb<\/h4>\n\n\n\n<p>Con la victoria electoral, Trump y Musk se hicieron inseparables. De hecho, el emprendedor de origen sudafricano se instal\u00f3 en Mar-a-Lago, la mansi\u00f3n y club privado de Trump en la costa de Florida. Siempre acompa\u00f1ado de uno de sus catorce hijos -su nombre es X-, Musk fue una presencia central en el periodo de transici\u00f3n, cuando se hacen grandes decisiones de elecci\u00f3n de altos cargos y de dise\u00f1o de pol\u00edticas. El hombre m\u00e1s rico del mundo se empezaba a cobrar su ayuda en la campa\u00f1a.<\/p>\n\n\n\n<p><strong>Musk<\/strong>&nbsp;20 de enero de 2025<\/p>\n\n\n\n<h4 class=\"wp-block-heading\">\u00abEl futuro de la civilizaci\u00f3n est\u00e1 garantizado\u00bb<\/h4>\n\n\n\n<p>Trump jur\u00f3 su cargo como presidente el 20 de enero y Musk fue uno de los grandes protagonistas del d\u00eda, en la demostraci\u00f3n del peso que tendr\u00eda en el Gobierno. Se hab\u00eda consolidado, sin duda, como la mano derecha del presidente. Ya hab\u00eda recibido poderes extraordinarios para transformar el sector p\u00fablico con el Departamento de Eficiencia Energ\u00e9tica (DOGE, en sus siglas en ingl\u00e9s), una agencia creada para \u00e9l. \u00abGracias a vosotros, el futuro de la civilizaci\u00f3n est\u00e1 garantizado\u00bb, dijo a los asistentes al mitin de celebraci\u00f3n en Washington. Fue justo despu\u00e9s de hacer lo que muchos interpretaron como un saludo nazi. La primera muestra de que Musk ten\u00eda tambi\u00e9n potencial para llenar de pol\u00e9mica la presidencia de Trump.<\/p>\n\n\n\n<p><strong>Musk<\/strong>&nbsp;7 de febrero de 2025<\/p>\n\n\n\n<h4 class=\"wp-block-heading\">\u00abAmo a Donald Trump todo lo que un hombre heterosexual puede amar a otro hombre\u00bb<\/h4>\n\n\n\n<figure class=\"wp-block-embed is-type-rich is-provider-twitter wp-block-embed-twitter\"><div class=\"wp-block-embed__wrapper\">\n<blockquote class=\"twitter-tweet\" data-width=\"500\" data-dnt=\"true\"><p lang=\"en\" dir=\"ltr\">I love <a href=\"https:\/\/twitter.com\/realDonaldTrump?ref_src=twsrc%5Etfw\">@realDonaldTrump<\/a> as much as a straight man can love another man<\/p>&mdash; Elon Musk (@elonmusk) <a href=\"https:\/\/twitter.com\/elonmusk\/status\/1887889037354008729?ref_src=twsrc%5Etfw\">February 7, 2025<\/a><\/blockquote><script async src=\"https:\/\/platform.twitter.com\/widgets.js\" charset=\"utf-8\"><\/script>\n<\/div><\/figure>\n\n\n\n<p>Hace solo cuatro meses, el idilio segu\u00eda viento en popa. Musk hac\u00eda y deshac\u00eda a su antojo en el Gobierno de EE.UU., se colaba en el Despacho Oval con su hijo a hombros, Trump le met\u00eda en las reuniones del Gabinete\u2026 Era la \u00e9poca en la que Musk se colocaba una gorra roja con el lema &#8216;Trump ten\u00eda raz\u00f3n en todo&#8217;.<\/p>\n\n\n\n<p><strong>Musk<\/strong>&nbsp;8 de abril de 2025<\/p>\n\n\n\n<h4 class=\"wp-block-heading\">\u00abM\u00e1s tonto que un saco de piedras\u00bb<\/h4>\n\n\n\n<figure class=\"wp-block-embed is-type-rich is-provider-twitter wp-block-embed-twitter\"><div class=\"wp-block-embed__wrapper\">\n<blockquote class=\"twitter-tweet\" data-width=\"500\" data-dnt=\"true\"><p lang=\"en\" dir=\"ltr\">Tesla has the most American-made cars. Navarro is dumber than a sack of bricks. <a href=\"https:\/\/twitter.com\/IfindRetards?ref_src=twsrc%5Etfw\">@IfindRetards<\/a> <a href=\"https:\/\/twitter.com\/RealPNavarro?ref_src=twsrc%5Etfw\">@RealPNavarro<\/a> <a href=\"https:\/\/t.co\/gECgtZt5Sc\">https:\/\/t.co\/gECgtZt5Sc<\/a><\/p>&mdash; Elon Musk (@elonmusk) <a href=\"https:\/\/twitter.com\/elonmusk\/status\/1909605316121198860?ref_src=twsrc%5Etfw\">April 8, 2025<\/a><\/blockquote><script async src=\"https:\/\/platform.twitter.com\/widgets.js\" charset=\"utf-8\"><\/script>\n<\/div><\/figure>\n\n\n\n<p>Eso es lo que dijo Musk de uno de los arquitectos de la pol\u00edtica comercial de Trump, Peter Navarro. Los aranceles universales y abultados anunciados por Trump el 2 de julio no fueron bien recibidos por Musk, sabedor del impacto en sus empresas. La trifulca fue una de las primeras se\u00f1ales de que el romance ten\u00eda agujeros. Musk aparec\u00eda cada vez m\u00e1s distanciado de Trump, y su labor en DOGE -ca\u00f3tica, combatida en tribunales- m\u00e1s cuestionada dentro de la Administraci\u00f3n.<\/p>\n\n\n\n<p><strong>Musk<\/strong>&nbsp;3 de junio de 2025<\/p>\n\n\n\n<h4 class=\"wp-block-heading\">\u00abLo siento, no aguanto m\u00e1s, es una abominaci\u00f3n asquerosa\u00bb<\/h4>\n\n\n\n<figure class=\"wp-block-embed is-type-rich is-provider-twitter wp-block-embed-twitter\"><div class=\"wp-block-embed__wrapper\">\n<blockquote class=\"twitter-tweet\" data-width=\"500\" data-dnt=\"true\"><p lang=\"en\" dir=\"ltr\">I\u2019m sorry, but I just can\u2019t stand it anymore.<br><br>This massive, outrageous, pork-filled Congressional spending bill is a disgusting abomination.<br><br>Shame on those who voted for it: you know you did wrong. You know it.<\/p>&mdash; Elon Musk (@elonmusk) <a href=\"https:\/\/twitter.com\/elonmusk\/status\/1929954109689606359?ref_src=twsrc%5Etfw\">June 3, 2025<\/a><\/blockquote><script async src=\"https:\/\/platform.twitter.com\/widgets.js\" charset=\"utf-8\"><\/script>\n<\/div><\/figure>\n\n\n\n<p>Musk dej\u00f3 el Gobierno el pasado viernes, cumplidos sus 130 d\u00edas como &#8216;empleado gubernamental especial&#8217;. Pero tambi\u00e9n agotado el amor, pese a una despedida amistosa en el Despacho Oval, como se vio pronto. Pocos d\u00edas despu\u00e9s, critic\u00f3 con crudeza la gran apuesta legislativa de Trump y de los republicanos, la ley \u00f3mnibus fiscal y de gasto. La pelota quedaba en el tejado de Trump, que mantuvo varios d\u00edas de silencio.<\/p>\n\n\n\n<p><strong>Trump<\/strong>&nbsp;5 de junio de 2025<\/p>\n\n\n\n<h4 class=\"wp-block-heading\">\u00abEstoy muy decepcionado con Elon, yo le he ayudado mucho\u00bb<\/h4>\n\n\n\n<p>Trump no pudo callar m\u00e1s cuando se enfrent\u00f3 a la prensa este jueves en el Despacho Oval, durante la visita del canciller alem\u00e1n, Friedrich Merz. \u00abEstoy muy decepcionado con Elon, le he ayudado mucho\u00bb, dijo. Y, lo que m\u00e1s doli\u00f3 a Musk: le acus\u00f3 de estar en contra de la ley fiscal porque retira exenciones a la compra de veh\u00edculos el\u00e9ctricos, lo que perjudica a Tesla.<\/p>\n\n\n\n<p><strong>Musk<\/strong>&nbsp;5 de junio de 2025<\/p>\n\n\n\n<h4 class=\"wp-block-heading\">\u00abTrump est\u00e1 en los documentos de Epstein. Esa es la verdadera raz\u00f3n de que no se hayan hecho p\u00fablicos\u00bb<\/h4>\n\n\n\n<p><\/p>\n\n\n\n<p>Desde ese momento, la implosi\u00f3n del idilio fue total. Musk acus\u00f3 a Trump de estar implicado en la trama de prostituci\u00f3n de menores de Jeffrey Epstein. Propuso la creaci\u00f3n de un nuevo partido. Apoy\u00f3 una propuesta de hacer un &#8216;impeachment&#8217; a Trump y sustituirle con su vicepresidente, J. D. Vance. Y un sinf\u00edn de mensajes cr\u00edticos en X.<\/p>\n\n\n\n<p><strong>Trump<\/strong>&nbsp;5 de junio de 2025<\/p>\n\n\n\n<h4 class=\"wp-block-heading\">\u00abLa forma m\u00e1s f\u00e1cil de ahorrar dinero es eliminar los contratos de Elon\u00bb<\/h4>\n\n\n\n<p>Trump respondi\u00f3 con amenazas sobre los multimillonarios contratos federales de Musk. El magnate respondi\u00f3 diciendo que, en ese caso, retirar\u00eda las naves Dragon de SpaceX, su compa\u00f1\u00eda, sin los que la NASA no puedo operar la Estaci\u00f3n Espacial Internacional. La relaci\u00f3n hab\u00eda explotado y solo quedaba la incertidumbre de qu\u00e9 implicaciones tendr\u00e1 para EE.UU.<\/p>\n\n\n\n<p>Fuente: <a href=\"https:\/\/www.abc.es\/internacional\/amor-odio-relacion-trump-musk-diez-tuits-20250606203255-nt.html\">https:\/\/www.abc.es\/internacional\/amor-odio-relacion-trump-musk-diez-tuits-20250606203255-nt.html<\/a><\/p>\n","protected":false},"excerpt":{"rendered":"<p>El idilio dial\u00e9ctico entre el presidente y el due\u00f1o de Tesla fue tan intenso como est\u00e1 siendo la guerra de [&hellip;]<\/p>\n","protected":false},"author":1,"featured_media":100829,"comment_status":"open","ping_status":"open","sticky":false,"template":"","format":"standard","meta":{"site-sidebar-layout":"default","site-content-layout":"","ast-site-content-layout":"default","site-content-style":"default","site-sidebar-style":"default","ast-global-header-display":"","ast-banner-title-visibility":"","ast-main-header-display":"","ast-hfb-above-header-display":"","ast-hfb-below-header-display":"","ast-hfb-mobile-header-display":"","site-post-title":"","ast-breadcrumbs-content":"","ast-featured-img":"","footer-sml-layout":"","theme-transparent-header-meta":"","adv-header-id-meta":"","stick-header-meta":"","header-above-stick-meta":"","header-main-stick-meta":"","header-below-stick-meta":"","astra-migrate-meta-layouts":"default","ast-page-background-enabled":"default","ast-page-background-meta":{"desktop":{"background-color":"var(--ast-global-color-4)","background-image":"","background-repeat":"repeat","background-position":"center center","background-size":"auto","background-attachment":"scroll","background-type":"","background-media":"","overlay-type":"","overlay-color":"","overlay-opacity":"","overlay-gradient":""},"tablet":{"background-color":"","background-image":"","background-repeat":"repeat","background-position":"center center","background-size":"auto","background-attachment":"scroll","background-type":"","background-media":"","overlay-type":"","overlay-color":"","overlay-opacity":"","overlay-gradient":""},"mobile":{"background-color":"","background-image":"","background-repeat":"repeat","background-position":"center center","background-size":"auto","background-attachment":"scroll","background-type":"","background-media":"","overlay-type":"","overlay-color":"","overlay-opacity":"","overlay-gradient":""}},"ast-content-background-meta":{"desktop":{"background-color":"var(--ast-global-color-5)","background-image":"","background-repeat":"repeat","background-position":"center center","background-size":"auto","background-attachment":"scroll","background-type":"","background-media":"","overlay-type":"","overlay-color":"","overlay-opacity":"","overlay-gradient":""},"tablet":{"background-color":"var(--ast-global-color-5)","background-image":"","background-repeat":"repeat","background-position":"center center","background-size":"auto","background-attachment":"scroll","background-type":"","background-media":"","overlay-type":"","overlay-color":"","overlay-opacity":"","overlay-gradient":""},"mobile":{"background-color":"var(--ast-global-color-5)","background-image":"","background-repeat":"repeat","background-position":"center center","background-size":"auto","background-attachment":"scroll","background-type":"","background-media":"","overlay-type":"","overlay-color":"","overlay-opacity":"","overlay-gradient":""}},"footnotes":""},"categories":[8],"tags":[39064],"class_list":["post-100828","post","type-post","status-publish","format-standard","has-post-thumbnail","hentry","category-noticias","tag-guerra-de-twits-musk-trump"],"_links":{"self":[{"href":"https:\/\/losperiodistas.com.mx\/portal\/wp-json\/wp\/v2\/posts\/100828","targetHints":{"allow":["GET"]}}],"collection":[{"href":"https:\/\/losperiodistas.com.mx\/portal\/wp-json\/wp\/v2\/posts"}],"about":[{"href":"https:\/\/losperiodistas.com.mx\/portal\/wp-json\/wp\/v2\/types\/post"}],"author":[{"embeddable":true,"href":"https:\/\/losperiodistas.com.mx\/portal\/wp-json\/wp\/v2\/users\/1"}],"replies":[{"embeddable":true,"href":"https:\/\/losperiodistas.com.mx\/portal\/wp-json\/wp\/v2\/comments?post=100828"}],"version-history":[{"count":1,"href":"https:\/\/losperiodistas.com.mx\/portal\/wp-json\/wp\/v2\/posts\/100828\/revisions"}],"predecessor-version":[{"id":100830,"href":"https:\/\/losperiodistas.com.mx\/portal\/wp-json\/wp\/v2\/posts\/100828\/revisions\/100830"}],"wp:featuredmedia":[{"embeddable":true,"href":"https:\/\/losperiodistas.com.mx\/portal\/wp-json\/wp\/v2\/media\/100829"}],"wp:attachment":[{"href":"https:\/\/losperiodistas.com.mx\/portal\/wp-json\/wp\/v2\/media?parent=100828"}],"wp:term":[{"taxonomy":"category","embeddable":true,"href":"https:\/\/losperiodistas.com.mx\/portal\/wp-json\/wp\/v2\/categories?post=100828"},{"taxonomy":"post_tag","embeddable":true,"href":"https:\/\/losperiodistas.com.mx\/portal\/wp-json\/wp\/v2\/tags?post=100828"}],"curies":[{"name":"wp","href":"https:\/\/api.w.org\/{rel}","templated":true}]}}