{"id":100806,"date":"2025-06-07T10:40:19","date_gmt":"2025-06-07T16:40:19","guid":{"rendered":"https:\/\/losperiodistas.com.mx\/portal\/?p=100806"},"modified":"2025-06-07T10:40:20","modified_gmt":"2025-06-07T16:40:20","slug":"schneider-pide-al-papa-leon-xiv-libertad-plena-para-la-misa-tradicional-infovaticana","status":"publish","type":"post","link":"https:\/\/losperiodistas.com.mx\/portal\/schneider-pide-al-papa-leon-xiv-libertad-plena-para-la-misa-tradicional-infovaticana\/","title":{"rendered":"Schneider pide al Papa Le\u00f3n XIV libertad plena para la Misa tradicional | Infovaticana"},"content":{"rendered":"\n<p class=\"has-luminous-vivid-amber-background-color has-background has-medium-font-size\">\u201cLa liturgia tradicional es una obra del Esp\u00edritu Santo. Puede ser perseguida, pero no destruida\u201d, afirm\u00f3 monse\u00f1or Athanasius Schneider durante una entrevista organizada por el apostolado Conoce, ama y vive tu fe, en la que respondi\u00f3 durante m\u00e1s de una hora a preguntas sobre la situaci\u00f3n de la liturgia tradicional, la crisis doctrinal en la Iglesia y el nuevo pontificado de Le\u00f3n XIV.<\/p>\n\n\n\n<figure class=\"wp-block-image size-full\"><img fetchpriority=\"high\" decoding=\"async\" width=\"680\" height=\"383\" src=\"https:\/\/losperiodistas.com.mx\/portal\/wp-content\/uploads\/2025\/06\/schneider010625.jpg\" alt=\"\" class=\"wp-image-100807\" srcset=\"https:\/\/losperiodistas.com.mx\/portal\/wp-content\/uploads\/2025\/06\/schneider010625.jpg 680w, https:\/\/losperiodistas.com.mx\/portal\/wp-content\/uploads\/2025\/06\/schneider010625-300x169.jpg 300w\" sizes=\"(max-width: 680px) 100vw, 680px\" \/><\/figure>\n\n\n\n<p><\/p>\n\n\n\n<h2 class=\"wp-block-heading\">La Misa tradicional, \u201cliturgia perenne\u201d y perseguida<\/h2>\n\n\n\n<p>Monse\u00f1or Schneider comenz\u00f3 refiri\u00e9ndose al clima de \u201cpersecuci\u00f3n continuada\u201d contra la Misa tradicional en diversas partes del mundo, como Francia, Estados Unidos o Argentina, fruto de la aplicaci\u00f3n de&nbsp;<em>Traditionis custodes<\/em>. A pesar de ello, expres\u00f3 su esperanza:<\/p>\n\n\n\n<blockquote class=\"wp-block-quote is-layout-flow wp-block-quote-is-layout-flow\">\n<p>\u201cEsta liturgia no puede ser destruida. Es obra del Esp\u00edritu Santo durante siglos. Como en tiempos del arrianismo, ser\u00e1 la Providencia divina quien restablezca la paz con la tradici\u00f3n\u201d.<\/p>\n<\/blockquote>\n\n\n\n<p>Pidi\u00f3 a los fieles conservar una visi\u00f3n sobrenatural: \u201cLa Iglesia es de Jesucristo, no del Papa ni nuestra\u201d.<\/p>\n\n\n\n<h2 class=\"wp-block-heading\">Consejo al Papa Le\u00f3n XIV: libertad sin restricciones<\/h2>\n\n\n\n<p>Consultado sobre qu\u00e9 deber\u00eda hacer el nuevo pont\u00edfice respecto a la liturgia, Schneider fue claro: evitar un enfrentamiento directo con su predecesor y, en su lugar, consultar prudentemente al colegio cardenalicio para despu\u00e9s promulgar un documento nuevo que restablezca la plena libertad de la Misa tradicional:<\/p>\n\n\n\n<blockquote class=\"wp-block-quote is-layout-flow wp-block-quote-is-layout-flow\">\n<p>\u201cEl Papa debe proteger a los hijos que han crecido en esta liturgia. No deben ser considerados cat\u00f3licos de segunda clase. La Iglesia es madre, debe amar a todos sus hijos\u201d.<\/p>\n<\/blockquote>\n\n\n\n<p>Insisti\u00f3 en que los obispos no deber\u00edan tener autoridad para restringir este rito y propuso una f\u00f3rmula clara y generosa que supere las \u201cdial\u00e9cticas actuales\u201d:<\/p>\n\n\n\n<blockquote class=\"wp-block-quote is-layout-flow wp-block-quote-is-layout-flow\">\n<p>\u201cUn buen padre protege a sus hijos cuando los mayores los maltratan. El Papa debe impedir las persecuciones arbitrarias\u201d.<\/p>\n<\/blockquote>\n\n\n\n<h2 class=\"wp-block-heading\">Fiducia supplicans: una \u201cabominaci\u00f3n\u201d<\/h2>\n\n\n\n<p>En un tono firme, el obispo calific\u00f3 el documento&nbsp;<em>Fiducia supplicans<\/em>&nbsp;como una \u201cabominaci\u00f3n\u201d y un \u201csofisma\u201d, por introducir contradicciones en la ense\u00f1anza moral cat\u00f3lica:<\/p>\n\n\n\n<blockquote class=\"wp-block-quote is-layout-flow wp-block-quote-is-layout-flow\">\n<p>\u201cCon estas bendiciones confirmamos a las personas en el pecado, lo que pone en peligro su salvaci\u00f3n. Es una grav\u00edsima omisi\u00f3n de caridad\u201d.<\/p>\n<\/blockquote>\n\n\n\n<p>Pidi\u00f3 al nuevo Papa retractar el documento y restablecer el texto anterior del a\u00f1o 2021 en el que se declaraba con claridad la imposibilidad de bendecir uniones objetivamente pecaminosas.<\/p>\n\n\n\n<h2 class=\"wp-block-heading\">Sobre la canonizaci\u00f3n impl\u00edcita de Francisco<\/h2>\n\n\n\n<p>Schneider critic\u00f3 tambi\u00e9n la tendencia actual a declarar que los difuntos \u201cya est\u00e1n en el cielo\u201d sin un proceso can\u00f3nico:<\/p>\n\n\n\n<blockquote class=\"wp-block-quote is-layout-flow wp-block-quote-is-layout-flow\">\n<p>\u201cEsto es una omisi\u00f3n grave de caridad hacia las almas del purgatorio. Francisco probablemente no est\u00e9 a\u00fan en la gloria, por sus actos gravemente problem\u00e1ticos\u201d.<\/p>\n<\/blockquote>\n\n\n\n<p>Se refiri\u00f3 a la necesidad de prudencia y reserva, y lament\u00f3 la liturgia moderna de exequias que evita hablar del purgatorio.<\/p>\n\n\n\n<h2 class=\"wp-block-heading\">La paz en las familias divididas<\/h2>\n\n\n\n<p>Consultado por una madre preocupada por las divisiones internas en su familia debido a la liturgia, monse\u00f1or Schneider recomend\u00f3 evitar los conflictos y buscar la paz, siempre que no haya sacrilegios evidentes:<\/p>\n\n\n\n<blockquote class=\"wp-block-quote is-layout-flow wp-block-quote-is-layout-flow\">\n<p>\u201cSi la Misa nueva es celebrada dignamente, se puede asistir por paz familiar. Pero debe haber respeto mutuo. Y rezar juntos el Rosario ayuda a conservar la unidad\u201d.<\/p>\n<\/blockquote>\n\n\n\n<h2 class=\"wp-block-heading\">Celebraciones privadas: \u201ccon buena conciencia\u201d<\/h2>\n\n\n\n<p>Afirm\u00f3 tambi\u00e9n que los sacerdotes pueden celebrar privadamente la Misa tradicional aunque sus superiores no lo permitan:<\/p>\n\n\n\n<blockquote class=\"wp-block-quote is-layout-flow wp-block-quote-is-layout-flow\">\n<p>\u201cNi el Papa, ni un obispo, ni un superior religioso tienen autoridad para prohibir algo que pertenece a la Iglesia entera\u201d.<\/p>\n<\/blockquote>\n\n\n\n<p>Aconsej\u00f3 prudencia y discreci\u00f3n, pero legitim\u00f3 estas celebraciones como un acto de fidelidad a la liturgia de los santos.<\/p>\n\n\n\n<h2 class=\"wp-block-heading\">El Concilio Vaticano II: catalizador, no origen<\/h2>\n\n\n\n<p>En respuesta a preguntas sobre el Concilio Vaticano II, monse\u00f1or Schneider neg\u00f3 que fuera el origen del problema doctrinal, aunque s\u00ed lo calific\u00f3 como catalizador de una crisis ya en curso desde los pontificados posteriores a san P\u00edo X:<\/p>\n\n\n\n<blockquote class=\"wp-block-quote is-layout-flow wp-block-quote-is-layout-flow\">\n<p>\u201cEl modernismo fue infiltr\u00e1ndose en el episcopado. El Concilio no contiene herej\u00edas formales, pero s\u00ed errores objetivos y ambig\u00fcedades. Algunos puntos deben ser corregidos\u201d.<\/p>\n<\/blockquote>\n\n\n\n<p>Enfatiz\u00f3 que el Concilio no fue dogm\u00e1tico y que esas correcciones futuras ser\u00e1n leg\u00edtimas.<\/p>\n\n\n\n<p><a href=\"https:\/\/youtu.be\/SXfw246H_Ds?si=LlUr073qbGBDsPBg\" target=\"_blank\" rel=\"noreferrer noopener\">Ver la entrevista completa aqu\u00ed<\/a><\/p>\n\n\n\n<p>Fuente: <a href=\"https:\/\/infovaticana.com\/2025\/06\/07\/schneider-pide-al-papa-leon-xiv-libertad-plena-para-la-misa-tradicional\/\">https:\/\/infovaticana.com\/2025\/06\/07\/schneider-pide-al-papa-leon-xiv-libertad-plena-para-la-misa-tradicional\/<\/a><\/p>\n","protected":false},"excerpt":{"rendered":"<p>\u201cLa liturgia tradicional es una obra del Esp\u00edritu Santo. Puede ser perseguida, pero no destruida\u201d, afirm\u00f3 monse\u00f1or Athanasius Schneider durante [&hellip;]<\/p>\n","protected":false},"author":1,"featured_media":100807,"comment_status":"open","ping_status":"open","sticky":false,"template":"","format":"standard","meta":{"site-sidebar-layout":"default","site-content-layout":"","ast-site-content-layout":"default","site-content-style":"default","site-sidebar-style":"default","ast-global-header-display":"","ast-banner-title-visibility":"","ast-main-header-display":"","ast-hfb-above-header-display":"","ast-hfb-below-header-display":"","ast-hfb-mobile-header-display":"","site-post-title":"","ast-breadcrumbs-content":"","ast-featured-img":"","footer-sml-layout":"","theme-transparent-header-meta":"","adv-header-id-meta":"","stick-header-meta":"","header-above-stick-meta":"","header-main-stick-meta":"","header-below-stick-meta":"","astra-migrate-meta-layouts":"default","ast-page-background-enabled":"default","ast-page-background-meta":{"desktop":{"background-color":"var(--ast-global-color-4)","background-image":"","background-repeat":"repeat","background-position":"center center","background-size":"auto","background-attachment":"scroll","background-type":"","background-media":"","overlay-type":"","overlay-color":"","overlay-opacity":"","overlay-gradient":""},"tablet":{"background-color":"","background-image":"","background-repeat":"repeat","background-position":"center center","background-size":"auto","background-attachment":"scroll","background-type":"","background-media":"","overlay-type":"","overlay-color":"","overlay-opacity":"","overlay-gradient":""},"mobile":{"background-color":"","background-image":"","background-repeat":"repeat","background-position":"center center","background-size":"auto","background-attachment":"scroll","background-type":"","background-media":"","overlay-type":"","overlay-color":"","overlay-opacity":"","overlay-gradient":""}},"ast-content-background-meta":{"desktop":{"background-color":"var(--ast-global-color-5)","background-image":"","background-repeat":"repeat","background-position":"center center","background-size":"auto","background-attachment":"scroll","background-type":"","background-media":"","overlay-type":"","overlay-color":"","overlay-opacity":"","overlay-gradient":""},"tablet":{"background-color":"var(--ast-global-color-5)","background-image":"","background-repeat":"repeat","background-position":"center center","background-size":"auto","background-attachment":"scroll","background-type":"","background-media":"","overlay-type":"","overlay-color":"","overlay-opacity":"","overlay-gradient":""},"mobile":{"background-color":"var(--ast-global-color-5)","background-image":"","background-repeat":"repeat","background-position":"center center","background-size":"auto","background-attachment":"scroll","background-type":"","background-media":"","overlay-type":"","overlay-color":"","overlay-opacity":"","overlay-gradient":""}},"footnotes":""},"categories":[8],"tags":[39054,39053],"class_list":["post-100806","post","type-post","status-publish","format-standard","has-post-thumbnail","hentry","category-noticias","tag-misas-tradicionales","tag-monsenor-athanasius-schneider"],"_links":{"self":[{"href":"https:\/\/losperiodistas.com.mx\/portal\/wp-json\/wp\/v2\/posts\/100806","targetHints":{"allow":["GET"]}}],"collection":[{"href":"https:\/\/losperiodistas.com.mx\/portal\/wp-json\/wp\/v2\/posts"}],"about":[{"href":"https:\/\/losperiodistas.com.mx\/portal\/wp-json\/wp\/v2\/types\/post"}],"author":[{"embeddable":true,"href":"https:\/\/losperiodistas.com.mx\/portal\/wp-json\/wp\/v2\/users\/1"}],"replies":[{"embeddable":true,"href":"https:\/\/losperiodistas.com.mx\/portal\/wp-json\/wp\/v2\/comments?post=100806"}],"version-history":[{"count":2,"href":"https:\/\/losperiodistas.com.mx\/portal\/wp-json\/wp\/v2\/posts\/100806\/revisions"}],"predecessor-version":[{"id":100811,"href":"https:\/\/losperiodistas.com.mx\/portal\/wp-json\/wp\/v2\/posts\/100806\/revisions\/100811"}],"wp:featuredmedia":[{"embeddable":true,"href":"https:\/\/losperiodistas.com.mx\/portal\/wp-json\/wp\/v2\/media\/100807"}],"wp:attachment":[{"href":"https:\/\/losperiodistas.com.mx\/portal\/wp-json\/wp\/v2\/media?parent=100806"}],"wp:term":[{"taxonomy":"category","embeddable":true,"href":"https:\/\/losperiodistas.com.mx\/portal\/wp-json\/wp\/v2\/categories?post=100806"},{"taxonomy":"post_tag","embeddable":true,"href":"https:\/\/losperiodistas.com.mx\/portal\/wp-json\/wp\/v2\/tags?post=100806"}],"curies":[{"name":"wp","href":"https:\/\/api.w.org\/{rel}","templated":true}]}}