{"id":100769,"date":"2025-06-06T11:47:29","date_gmt":"2025-06-06T17:47:29","guid":{"rendered":"https:\/\/losperiodistas.com.mx\/portal\/?p=100769"},"modified":"2025-06-06T11:47:30","modified_gmt":"2025-06-06T17:47:30","slug":"sabias-que-el-toro-bravo-protege-mas-de-500-000-hectareas-la-razon","status":"publish","type":"post","link":"https:\/\/losperiodistas.com.mx\/portal\/sabias-que-el-toro-bravo-protege-mas-de-500-000-hectareas-la-razon\/","title":{"rendered":"\u00bfSab\u00edas que el toro bravo protege m\u00e1s de 500.000 hect\u00e1reas? | La Raz\u00f3n"},"content":{"rendered":"\n<h2 class=\"wp-block-heading\"> La RUCTL pone en valor al toro de lidia como aliado clave de la biodiversidad y del equilibrio ecol\u00f3gico en el D\u00eda Mundial del Medio Ambiente<\/h2>\n\n\n\n<figure class=\"wp-block-image\"><img decoding=\"async\" src=\"https:\/\/fotografias.larazon.es\/clipping\/cmsimages02\/2025\/06\/05\/AAB0369E-F328-40F6-9D9E-100AF27CDA04\/sabias-que-toro-bravo-protege-mas-500000-hectareas_98.jpg?crop=1500,844,x0,y78&amp;width=1900&amp;height=1069&amp;optimize=low&amp;format=webply\" alt=\"\u00bfSab\u00edas que el toro bravo protege m\u00e1s de 500.000 hect\u00e1reas?\"\/><figcaption class=\"wp-element-caption\"><strong>\u00bfSab\u00edas que el toro bravo protege m\u00e1s de 500.000 hect\u00e1reas?<\/strong> RUCTL<\/figcaption><\/figure>\n\n\n\n<p class=\"has-vivid-red-color has-text-color has-link-color has-medium-font-size wp-elements-b973e97ae9638859bfb126631b45ee6c\"><strong><a href=\"https:\/\/www.larazon.es\/autores\/david-jaramillo\/\">David Jaramillo<\/a>  \/ La Raz\u00f3n<\/strong><\/p>\n\n\n\n<p><\/p>\n\n\n\n<p>En pleno&nbsp;<a href=\"https:\/\/www.larazon.es\/lr-content\/dia-mundial-medio-ambiente-utilizar-naturaleza-como-inspiracion_20250605684075e84c9357775b81ae77.html\" target=\"_blank\" rel=\"noreferrer noopener\">D\u00eda Mundial del Medio Ambiente<\/a>, la&nbsp;<a href=\"https:\/\/www.larazon.es\/cultura\/toros\/ructl-emociona-spot-conmemorativo-sus-120-anos-historia_20250525683317e1812a8f1e6a0441e4.html\" target=\"_blank\" rel=\"noreferrer noopener\">Real Uni\u00f3n de Criadores de Toros de Lidia (RUCTL)<\/a>&nbsp;lanza un mensaje contundente: la ganader\u00eda brava no solo es cultura y tradici\u00f3n, sino tambi\u00e9n&nbsp;<strong>ecolog\u00eda activa<\/strong>. Lejos de los t\u00f3picos, el toro bravo representa hoy un ejemplo de sostenibilidad y equilibrio natural, vital para conservar uno de los ecosistemas m\u00e1s ricos de la pen\u00ednsula ib\u00e9rica: la dehesa.<\/p>\n\n\n\n<h2 class=\"wp-block-heading has-ast-global-color-4-background-color has-background has-medium-font-size\">M\u00e1s Noticias<\/h2>\n\n\n\n<ul class=\"wp-block-list\">\n<li><a href=\"https:\/\/www.larazon.es\/cultura\/toros\/estos-son-impresionantes-toros-conde-mayalde-este-viernes-ventas_202506066842cc994c9357775b83997c.html\">Feria de San IsidroEstos son los impresionantes toros de Conde de Mayalde para este viernes en Las Ventas<\/a><\/li>\n\n\n\n<li><a href=\"https:\/\/www.larazon.es\/cultura\/toros\/morante-roca-rey-marco-perez-lideran-feria-huesca_202506066842a010836497285a9ce99d.html\">Feria de la AlbahacaMorante, Roca Rey y Marco P\u00e9rez lideran la Feria de Huesca<\/a><\/li>\n\n\n\n<li><a href=\"https:\/\/www.larazon.es\/cultura\/toros\/jimenez-fortes-despues-reventar-ventas-sabia-que-cogian-torpe-asumia-riesgo-consciente-era-precio-video_20250606684283f24c9357775b834ef6.html\">ExclusivaJim\u00e9nez Fortes, despu\u00e9s de reventar Madrid: \u00abSi he salido vivo de cornadas tan fuertes, c\u00f3mo iba a enterrar al torero\u00bb<\/a><\/li>\n<\/ul>\n\n\n\n<p>El toro de lidia es la mayor raza aut\u00f3ctona de Europa,<strong>&nbsp;y su crianza se desarrolla en m\u00e1s de 500.000 hect\u00e1reas repartidas por distintos territorios espa\u00f1oles<\/strong>. Son terrenos donde la biodiversidad encuentra refugio y continuidad, gracias al manejo tradicional y respetuoso del entorno que realizan los ganaderos. De hecho, esta raza presenta la menor carga ganadera por hect\u00e1rea en todo el continente, lo que favorece un equilibrio ecol\u00f3gico excepcional.<\/p>\n\n\n\n<p>La dehesa, h\u00e1bitat natural del&nbsp;<a href=\"https:\/\/www.larazon.es\/cultura\/toros\/120-anos-defendiendo-toro-bravo_2025041567fe954da1a8a90001ac99ad.html\" target=\"_blank\" rel=\"noreferrer noopener\">toro bravo<\/a>, no solo acoge a esta emblem\u00e1tica especie, sino tambi\u00e9n a m\u00e1s de 150 tipos de aves, muchas de ellas protegidas.&nbsp;<strong>\u00c1guilas imperiales, buitres negros, milanos reales, garzas y cig\u00fce\u00f1as conviven en armon\u00eda en estas fincas, convirti\u00e9ndolas en reservas vivas de fauna y flora.<\/strong>&nbsp;Lejos de lo que algunos suponen, el toro es, en este contexto, un verdadero conservacionista natural.<\/p>\n\n\n\n<p>Adem\u00e1s del valor ecol\u00f3gico, la ganader\u00eda de lidia act\u00faa como un motor silencioso del medio rural.&nbsp;<strong>En torno a las explotaciones ganaderas se articula una red de oficios tradicionales que fijan poblaci\u00f3n y generan empleo verde.<\/strong>&nbsp;Se estima que m\u00e1s de 14.000 puestos de trabajo est\u00e1n ligados directa o indirectamente al toro bravo, desde mayorales hasta veterinarios, herradores o carpinteros de yugo.<\/p>\n\n\n\n<p>El toro bravo tambi\u00e9n cumple una funci\u00f3n esencial en la descarbonizaci\u00f3n y la lucha contra el cambio clim\u00e1tico.<strong>\u00a0Su presencia contribuye a mantener limpia la dehesa, evita la erosi\u00f3n del suelo y mejora la salud forestal, reduciendo riesgos de incendios<\/strong>. Todo ello convierte a esta especie en un verdadero s\u00edmbolo de sostenibilidad.<a href=\"https:\/\/www.outbrain.com\/what-is\/default\/es\"><\/a><\/p>\n\n\n\n<p>Desde la&nbsp;<a href=\"https:\/\/www.larazon.es\/cultura\/toros\/ructl-emociona-spot-conmemorativo-sus-120-anos-historia_20250525683317e1812a8f1e6a0441e4.html\" target=\"_blank\" rel=\"noreferrer noopener\">RUCTL<\/a>&nbsp;se lanza un llamamiento claro: reconocer el papel del toro bravo como pieza fundamental en la conservaci\u00f3n del paisaje y de la biodiversidad. En un mundo que busca modelos sostenibles, el toro de lidia y su entorno ofrecen un camino probado de convivencia equilibrada entre naturaleza y cultura.<\/p>\n\n\n\n<p>Fuente: <a href=\"https:\/\/www.larazon.es\/cultura\/toros\/sabias-que-toro-bravo-protege-mas-500000-hectareas_2025060568417fc969892f403367a680.html\">https:\/\/www.larazon.es\/cultura\/toros\/sabias-que-toro-bravo-protege-mas-500000-hectareas_2025060568417fc969892f403367a680.html<\/a><\/p>\n","protected":false},"excerpt":{"rendered":"<p>La RUCTL pone en valor al toro de lidia como aliado clave de la biodiversidad y del equilibrio ecol\u00f3gico en [&hellip;]<\/p>\n","protected":false},"author":1,"featured_media":100770,"comment_status":"open","ping_status":"open","sticky":false,"template":"","format":"standard","meta":{"site-sidebar-layout":"default","site-content-layout":"","ast-site-content-layout":"default","site-content-style":"default","site-sidebar-style":"default","ast-global-header-display":"","ast-banner-title-visibility":"","ast-main-header-display":"","ast-hfb-above-header-display":"","ast-hfb-below-header-display":"","ast-hfb-mobile-header-display":"","site-post-title":"","ast-breadcrumbs-content":"","ast-featured-img":"","footer-sml-layout":"","theme-transparent-header-meta":"","adv-header-id-meta":"","stick-header-meta":"","header-above-stick-meta":"","header-main-stick-meta":"","header-below-stick-meta":"","astra-migrate-meta-layouts":"default","ast-page-background-enabled":"default","ast-page-background-meta":{"desktop":{"background-color":"var(--ast-global-color-4)","background-image":"","background-repeat":"repeat","background-position":"center center","background-size":"auto","background-attachment":"scroll","background-type":"","background-media":"","overlay-type":"","overlay-color":"","overlay-opacity":"","overlay-gradient":""},"tablet":{"background-color":"","background-image":"","background-repeat":"repeat","background-position":"center center","background-size":"auto","background-attachment":"scroll","background-type":"","background-media":"","overlay-type":"","overlay-color":"","overlay-opacity":"","overlay-gradient":""},"mobile":{"background-color":"","background-image":"","background-repeat":"repeat","background-position":"center center","background-size":"auto","background-attachment":"scroll","background-type":"","background-media":"","overlay-type":"","overlay-color":"","overlay-opacity":"","overlay-gradient":""}},"ast-content-background-meta":{"desktop":{"background-color":"var(--ast-global-color-5)","background-image":"","background-repeat":"repeat","background-position":"center center","background-size":"auto","background-attachment":"scroll","background-type":"","background-media":"","overlay-type":"","overlay-color":"","overlay-opacity":"","overlay-gradient":""},"tablet":{"background-color":"var(--ast-global-color-5)","background-image":"","background-repeat":"repeat","background-position":"center center","background-size":"auto","background-attachment":"scroll","background-type":"","background-media":"","overlay-type":"","overlay-color":"","overlay-opacity":"","overlay-gradient":""},"mobile":{"background-color":"var(--ast-global-color-5)","background-image":"","background-repeat":"repeat","background-position":"center center","background-size":"auto","background-attachment":"scroll","background-type":"","background-media":"","overlay-type":"","overlay-color":"","overlay-opacity":"","overlay-gradient":""}},"footnotes":""},"categories":[8],"tags":[39028,6877,39029,22806],"class_list":["post-100769","post","type-post","status-publish","format-standard","has-post-thumbnail","hentry","category-noticias","tag-hectareas-protegidas-por-toros-de-lidia","tag-medio-ambiente","tag-ructl","tag-toros-de-lidia"],"_links":{"self":[{"href":"https:\/\/losperiodistas.com.mx\/portal\/wp-json\/wp\/v2\/posts\/100769","targetHints":{"allow":["GET"]}}],"collection":[{"href":"https:\/\/losperiodistas.com.mx\/portal\/wp-json\/wp\/v2\/posts"}],"about":[{"href":"https:\/\/losperiodistas.com.mx\/portal\/wp-json\/wp\/v2\/types\/post"}],"author":[{"embeddable":true,"href":"https:\/\/losperiodistas.com.mx\/portal\/wp-json\/wp\/v2\/users\/1"}],"replies":[{"embeddable":true,"href":"https:\/\/losperiodistas.com.mx\/portal\/wp-json\/wp\/v2\/comments?post=100769"}],"version-history":[{"count":1,"href":"https:\/\/losperiodistas.com.mx\/portal\/wp-json\/wp\/v2\/posts\/100769\/revisions"}],"predecessor-version":[{"id":100771,"href":"https:\/\/losperiodistas.com.mx\/portal\/wp-json\/wp\/v2\/posts\/100769\/revisions\/100771"}],"wp:featuredmedia":[{"embeddable":true,"href":"https:\/\/losperiodistas.com.mx\/portal\/wp-json\/wp\/v2\/media\/100770"}],"wp:attachment":[{"href":"https:\/\/losperiodistas.com.mx\/portal\/wp-json\/wp\/v2\/media?parent=100769"}],"wp:term":[{"taxonomy":"category","embeddable":true,"href":"https:\/\/losperiodistas.com.mx\/portal\/wp-json\/wp\/v2\/categories?post=100769"},{"taxonomy":"post_tag","embeddable":true,"href":"https:\/\/losperiodistas.com.mx\/portal\/wp-json\/wp\/v2\/tags?post=100769"}],"curies":[{"name":"wp","href":"https:\/\/api.w.org\/{rel}","templated":true}]}}