{"id":100760,"date":"2025-06-06T09:14:26","date_gmt":"2025-06-06T15:14:26","guid":{"rendered":"https:\/\/losperiodistas.com.mx\/portal\/?p=100760"},"modified":"2025-06-06T09:14:27","modified_gmt":"2025-06-06T15:14:27","slug":"trump-dice-que-musk-perdio-la-cabeza-y-que-por-ahora-no-esta-interesado-en-un-dialogo-efe","status":"publish","type":"post","link":"https:\/\/losperiodistas.com.mx\/portal\/trump-dice-que-musk-perdio-la-cabeza-y-que-por-ahora-no-esta-interesado-en-un-dialogo-efe\/","title":{"rendered":"Trump dice que Musk \u00abperdi\u00f3 la cabeza\u00bb y que por ahora no est\u00e1 interesado en un di\u00e1logo | EFE"},"content":{"rendered":"\n<figure class=\"wp-block-image size-large\"><img fetchpriority=\"high\" decoding=\"async\" width=\"1024\" height=\"683\" src=\"https:\/\/losperiodistas.com.mx\/portal\/wp-content\/uploads\/2025\/06\/rss-efe7b7da75ae05fa8c933c8cfb2a5556a3e0a750fcaw-1024x683.jpeg\" alt=\"\" class=\"wp-image-100761\" srcset=\"https:\/\/losperiodistas.com.mx\/portal\/wp-content\/uploads\/2025\/06\/rss-efe7b7da75ae05fa8c933c8cfb2a5556a3e0a750fcaw-1024x683.jpeg 1024w, https:\/\/losperiodistas.com.mx\/portal\/wp-content\/uploads\/2025\/06\/rss-efe7b7da75ae05fa8c933c8cfb2a5556a3e0a750fcaw-300x200.jpeg 300w, https:\/\/losperiodistas.com.mx\/portal\/wp-content\/uploads\/2025\/06\/rss-efe7b7da75ae05fa8c933c8cfb2a5556a3e0a750fcaw-768x512.jpeg 768w, https:\/\/losperiodistas.com.mx\/portal\/wp-content\/uploads\/2025\/06\/rss-efe7b7da75ae05fa8c933c8cfb2a5556a3e0a750fcaw-1536x1024.jpeg 1536w, https:\/\/losperiodistas.com.mx\/portal\/wp-content\/uploads\/2025\/06\/rss-efe7b7da75ae05fa8c933c8cfb2a5556a3e0a750fcaw.jpeg 1920w\" sizes=\"(max-width: 1024px) 100vw, 1024px\" \/><figcaption class=\"wp-element-caption\">El presidente de EE.UU., Donald Trump, en una imagen de archivo. EFE\/CHRIS KLEPONIS <\/figcaption><\/figure>\n\n\n\n<p class=\"has-vivid-red-color has-text-color has-link-color has-medium-font-size wp-elements-23db7e95974579b190d8bc7ea9a6cef6\"><strong>Agencia EFE<\/strong><\/p>\n\n\n\n<p>Washington, (EFE).- El presidente de EE.UU., Donald Trump, dijo este viernes que su ahora exaliado, Elon Musk, \u00abperdi\u00f3 la cabeza\u00bb y que aunque el magnate tecnol\u00f3gico quiere conversar con \u00e9l despu\u00e9s de su ruptura p\u00fablica del jueves, el mandatario no est\u00e1 \u00abparticularmente\u00bb interesado en entablar un di\u00e1logo.<\/p>\n\n\n\n<p>En una entrevista telef\u00f3nica con la cadena ABC News esta ma\u00f1ana, Trump reaccion\u00f3 a reportes de una llamada entre ambos programada para hoy. \u00ab\u00bfTe refieres al hombre que ha perdido la cabeza?\u00bb, pregunt\u00f3 el neoyorquino.<\/p>\n\n\n\n<p>El mandatario indic\u00f3 que Musk quiere hablar con \u00e9l, pero que de momento \u00abno est\u00e1 particularmente\u00bb en cerrar la brecha abierta entre ambos.<\/p>\n\n\n\n<p>Estas afirmaciones se producen un d\u00eda despu\u00e9s de un agrio intercambio en redes sociales que incluy\u00f3 amenazas de Trump con suspender los contratos millonarios de Musk con el Gobierno y acusaciones del sudafricano de que el presidente no hubiera ganado las elecciones de 2024 sin su apoyo.<\/p>\n\n\n\n<p>Seg\u00fan ABC News, personas cercanas al republicano afirmaron que el l\u00edder republicano parec\u00eda m\u00e1s \u00abdecepcionado\u00bb que enojado por la ruptura.<\/p>\n\n\n\n<p>Un funcionario de la Administraci\u00f3n dijo a la cadena que Trump estar\u00eda considerando regalar o incluso vender el Tesla que compr\u00f3 durante el evento in\u00e9dito que organiz\u00f3 en la Casa Blanca en marzo para apoyar a la empresa de coches el\u00e9ctricos del magnate en medio de ataques a concesionarios y estaciones de carga, junto a ca\u00eddas en los ingresos y la bolsa.<\/p>\n\n\n\n<p>De momento, el coche se manten\u00eda estacionado este viernes por la ma\u00f1ana en el estacionamiento de la residencia ejecutiva.<\/p>\n\n\n\n<p>Seg\u00fan a\u00f1adi\u00f3 el canal CNN, Trump \u00abni siquiera est\u00e1 pensando\u00bb en Musk y no hablar\u00e1 con \u00e9l \u00aben un tiempo\u00bb.<\/p>\n\n\n\n<p>El encontronazo comenz\u00f3 el jueves al mediod\u00eda con palabras del presidente ante las cr\u00edticas del hombre m\u00e1s rico del mundo al plan fiscal y presupuestario impulsado por el republicano, que seg\u00fan estimaciones aumentar\u00e1 en m\u00e1s de 2 billones de d\u00f3lares la deuda p\u00fablica del pa\u00eds.<\/p>\n\n\n\n<p>Seg\u00fan el magnate, esto \u00absocava\u00bb su labor para recortar el despilfarro en el Gobierno federal al frente del Departamento de Eficiencia Gubernamental, del que se despidi\u00f3 formalmente la semana pasada.<\/p>\n\n\n\n<p>Musk lleg\u00f3 a afirmar que Trump figuraba en los archivos del pederasta Jeffrey Epstein, los cuales supuestamente incluyen los nombres de sus c\u00f3mplices, en una nueva escalada del enfrentamiento p\u00fablico.<\/p>\n\n\n\n<p>El mandatario, a su vez, asegur\u00f3 que Musk se hab\u00eda vuelto \u00abLOCO\u00bb y continu\u00f3 defendiendo su \u00abgran y hermoso proyecto de ley\u00bb, ahora a discusi\u00f3n en el Senado.<\/p>\n\n\n\n<p>\u00abNo me importa que Elon se vuelva contra m\u00ed, pero deber\u00eda haberlo hecho hace meses. Este es uno de los mejores proyectos de ley jam\u00e1s presentados en el Congreso. Es un r\u00e9cord\u00bb, escribi\u00f3 el jueves en su red Truth Social.<\/p>\n\n\n\n<p>Fuente: <a href=\"https:\/\/efe.com\/mundo\/2025-06-06\/trump-musk-perdio-cabeza\/\">https:\/\/efe.com\/mundo\/2025-06-06\/trump-musk-perdio-cabeza\/<\/a><\/p>\n","protected":false},"excerpt":{"rendered":"<p>Agencia EFE Washington, (EFE).- El presidente de EE.UU., Donald Trump, dijo este viernes que su ahora exaliado, Elon Musk, \u00abperdi\u00f3 [&hellip;]<\/p>\n","protected":false},"author":1,"featured_media":100761,"comment_status":"open","ping_status":"open","sticky":false,"template":"","format":"standard","meta":{"site-sidebar-layout":"default","site-content-layout":"","ast-site-content-layout":"default","site-content-style":"default","site-sidebar-style":"default","ast-global-header-display":"","ast-banner-title-visibility":"","ast-main-header-display":"","ast-hfb-above-header-display":"","ast-hfb-below-header-display":"","ast-hfb-mobile-header-display":"","site-post-title":"","ast-breadcrumbs-content":"","ast-featured-img":"","footer-sml-layout":"","theme-transparent-header-meta":"","adv-header-id-meta":"","stick-header-meta":"","header-above-stick-meta":"","header-main-stick-meta":"","header-below-stick-meta":"","astra-migrate-meta-layouts":"default","ast-page-background-enabled":"default","ast-page-background-meta":{"desktop":{"background-color":"var(--ast-global-color-4)","background-image":"","background-repeat":"repeat","background-position":"center center","background-size":"auto","background-attachment":"scroll","background-type":"","background-media":"","overlay-type":"","overlay-color":"","overlay-opacity":"","overlay-gradient":""},"tablet":{"background-color":"","background-image":"","background-repeat":"repeat","background-position":"center center","background-size":"auto","background-attachment":"scroll","background-type":"","background-media":"","overlay-type":"","overlay-color":"","overlay-opacity":"","overlay-gradient":""},"mobile":{"background-color":"","background-image":"","background-repeat":"repeat","background-position":"center center","background-size":"auto","background-attachment":"scroll","background-type":"","background-media":"","overlay-type":"","overlay-color":"","overlay-opacity":"","overlay-gradient":""}},"ast-content-background-meta":{"desktop":{"background-color":"var(--ast-global-color-5)","background-image":"","background-repeat":"repeat","background-position":"center center","background-size":"auto","background-attachment":"scroll","background-type":"","background-media":"","overlay-type":"","overlay-color":"","overlay-opacity":"","overlay-gradient":""},"tablet":{"background-color":"var(--ast-global-color-5)","background-image":"","background-repeat":"repeat","background-position":"center center","background-size":"auto","background-attachment":"scroll","background-type":"","background-media":"","overlay-type":"","overlay-color":"","overlay-opacity":"","overlay-gradient":""},"mobile":{"background-color":"var(--ast-global-color-5)","background-image":"","background-repeat":"repeat","background-position":"center center","background-size":"auto","background-attachment":"scroll","background-type":"","background-media":"","overlay-type":"","overlay-color":"","overlay-opacity":"","overlay-gradient":""}},"footnotes":""},"categories":[8],"tags":[39024,33016],"class_list":["post-100760","post","type-post","status-publish","format-standard","has-post-thumbnail","hentry","category-noticias","tag-musk-perdio-la-cabeza-trump","tag-trump-musk"],"_links":{"self":[{"href":"https:\/\/losperiodistas.com.mx\/portal\/wp-json\/wp\/v2\/posts\/100760","targetHints":{"allow":["GET"]}}],"collection":[{"href":"https:\/\/losperiodistas.com.mx\/portal\/wp-json\/wp\/v2\/posts"}],"about":[{"href":"https:\/\/losperiodistas.com.mx\/portal\/wp-json\/wp\/v2\/types\/post"}],"author":[{"embeddable":true,"href":"https:\/\/losperiodistas.com.mx\/portal\/wp-json\/wp\/v2\/users\/1"}],"replies":[{"embeddable":true,"href":"https:\/\/losperiodistas.com.mx\/portal\/wp-json\/wp\/v2\/comments?post=100760"}],"version-history":[{"count":1,"href":"https:\/\/losperiodistas.com.mx\/portal\/wp-json\/wp\/v2\/posts\/100760\/revisions"}],"predecessor-version":[{"id":100762,"href":"https:\/\/losperiodistas.com.mx\/portal\/wp-json\/wp\/v2\/posts\/100760\/revisions\/100762"}],"wp:featuredmedia":[{"embeddable":true,"href":"https:\/\/losperiodistas.com.mx\/portal\/wp-json\/wp\/v2\/media\/100761"}],"wp:attachment":[{"href":"https:\/\/losperiodistas.com.mx\/portal\/wp-json\/wp\/v2\/media?parent=100760"}],"wp:term":[{"taxonomy":"category","embeddable":true,"href":"https:\/\/losperiodistas.com.mx\/portal\/wp-json\/wp\/v2\/categories?post=100760"},{"taxonomy":"post_tag","embeddable":true,"href":"https:\/\/losperiodistas.com.mx\/portal\/wp-json\/wp\/v2\/tags?post=100760"}],"curies":[{"name":"wp","href":"https:\/\/api.w.org\/{rel}","templated":true}]}}