{"id":100757,"date":"2025-06-06T09:11:59","date_gmt":"2025-06-06T15:11:59","guid":{"rendered":"https:\/\/losperiodistas.com.mx\/portal\/?p=100757"},"modified":"2025-06-06T09:12:01","modified_gmt":"2025-06-06T15:12:01","slug":"opinion-foros-del-congreso-para-la-semana-de-40-horas","status":"publish","type":"post","link":"https:\/\/losperiodistas.com.mx\/portal\/opinion-foros-del-congreso-para-la-semana-de-40-horas\/","title":{"rendered":"Opini\u00f3n | Foros del Congreso para la Semana de 40 Horas"},"content":{"rendered":"\n<p class=\"has-medium-font-size\">*Informa Diputada poblana; usan agua tratada; Cabildo juvenil; alianza CINIA-DIF; tabaquismo<\/p>\n\n\n\n<figure class=\"wp-block-image size-large\"><img fetchpriority=\"high\" decoding=\"async\" width=\"1024\" height=\"763\" src=\"https:\/\/losperiodistas.com.mx\/portal\/wp-content\/uploads\/2025\/06\/DIF-VISITA-INSTALACIONES-DE-CINIA-1024x763.jpg\" alt=\"\" class=\"wp-image-100758\" srcset=\"https:\/\/losperiodistas.com.mx\/portal\/wp-content\/uploads\/2025\/06\/DIF-VISITA-INSTALACIONES-DE-CINIA-1024x763.jpg 1024w, https:\/\/losperiodistas.com.mx\/portal\/wp-content\/uploads\/2025\/06\/DIF-VISITA-INSTALACIONES-DE-CINIA-300x223.jpg 300w, https:\/\/losperiodistas.com.mx\/portal\/wp-content\/uploads\/2025\/06\/DIF-VISITA-INSTALACIONES-DE-CINIA-768x572.jpg 768w, https:\/\/losperiodistas.com.mx\/portal\/wp-content\/uploads\/2025\/06\/DIF-VISITA-INSTALACIONES-DE-CINIA-1536x1144.jpg 1536w, https:\/\/losperiodistas.com.mx\/portal\/wp-content\/uploads\/2025\/06\/DIF-VISITA-INSTALACIONES-DE-CINIA.jpg 1920w\" sizes=\"(max-width: 1024px) 100vw, 1024px\" \/><\/figure>\n\n\n\n<p class=\"has-vivid-red-color has-text-color has-link-color has-medium-font-size wp-elements-4865f9003ac6cfcf5a7f44570e7f0aa1\"><strong><em>Por Ra\u00fal Torres Salmer\u00f3n \/ Sin L\u00edmites<\/em><\/strong><\/p>\n\n\n\n<p>La Presidenta de la Comisi\u00f3n de Trabajo y Previsi\u00f3n Social de la C\u00e1mara de Diputados, la Diputada Federal poblana de Morena Maiella G\u00f3mez Maldonado manifest\u00f3 que despu\u00e9s del 15 de junio se iniciar\u00e1n mesas de trabajo y foros para legislar sobre la jornada laboral de 40 horas en M\u00e9xico, dentro de los planteamientos de la Reforma Laboral.<\/p>\n\n\n\n<p>Actualmente, como integrante de la C\u00e1mara de Diputados y representando a M\u00e9xico, G\u00f3mez Maldonado participa en la 113 Conferencia Internacional del Trabajo de la Organizaci\u00f3n Internacional del Trabajo (OIT), uno de los foros laborales m\u00e1s importantes a nivel global, que se celebra del 2 al 13 de junio en Ginebra, Suiza.<\/p>\n\n\n\n<p>En la Comisi\u00f3n sobre Trabajo Decente en la Econom\u00eda de Plataformas, la legisladora fue part\u00edcipe de la presentaci\u00f3n de los avances legislativos en esta materia, destacando la reciente reforma aprobada en M\u00e9xico el 11 de diciembre de 2024 y publicada en el Diario Oficial de la Federaci\u00f3n el 24 de diciembre de 2024, la cual reconoce por primera vez los derechos laborales y de seguridad social para m\u00e1s de 650 mil personas que prestan servicios a trav\u00e9s de plataformas digitales en el pa\u00eds.<\/p>\n\n\n\n<p>Maiella G\u00f3mez coincidi\u00f3 con lo dicho en el encuentro, en el sentido que la econom\u00eda digital no puede estar por fuera de la justicia social. Con esta reforma, M\u00e9xico reconoce legalmente a quienes trabajan en plataformas como trabajadores con derechos plenos, aline\u00e1ndonos con los principios de la OIT y la Declaraci\u00f3n Universal de los Derechos Humanos.<\/p>\n\n\n\n<p>Con la presencia de delegaciones de 187 pa\u00edses se dio a conocer que la legislaci\u00f3n mexicana a tomado un paso decisivo para cerrar brechas de precarizaci\u00f3n, garantizar igualdad, trabajo decente y protecci\u00f3n social, y se suma a las experiencias internacionales que buscan responder con pol\u00edticas modernas a los retos del mundo digital y del empleo informal.<\/p>\n\n\n\n<p>Poco antes de partir al extranjero, en Puebla la Diputada G\u00f3mez Maldonado se reuni\u00f3 con un grupo de columnistas en el Restaurante La Noria, donde dio a conocer la ruta de la Semana de 40 Horas en la C\u00e1mara de Diputados e informaci\u00f3n relacionada con el partido local Fuerza por M\u00e9xico, donde ella funge como Presidenta.<\/p>\n\n\n\n<p>Sobre el viaje a Ginebra, Suiza, comenta que legisladores asistentes, la C\u00e1mara s\u00f3lo pagar\u00e1 el vuelo ida y vuelta y todos asumir\u00edan los gastos de vi\u00e1ticos y hotel.<\/p>\n\n\n\n<p>Sobre la implementaci\u00f3n de la jornada laboral de 40 horas consider\u00f3 que a trav\u00e9s de los foros y mesas de trabajo podr\u00e1n llegar a acuerdos con todos los sectores; ya han tenido reuniones con el sector turismo, con abogados laboralistas, con empresarios.<\/p>\n\n\n\n<p>La Comisi\u00f3n que preside espera la reforma de ley que enviar\u00e1 la Presidenta de M\u00e9xico Claudia Sheinbaum Pardo, pero conf\u00eda en que podr\u00e1 enriquecerse con las aportaciones de trabajadores, empresarios, acad\u00e9micos, entre otros actores.<\/p>\n\n\n\n<p>La Ruta de las 40 Horas ser\u00e1 del siguiente modo: 1.- Implementaci\u00f3n de un buz\u00f3n digital en redes sociales para que la ciudadan\u00eda pueda compartir ideas, dudas y experiencias. 2.- Realizaci\u00f3n de reuniones con agentes estrat\u00e9gicos, incluyendo organismos internacionales, sindicatos, empresarios y organizaciones de la sociedad civil. 3.- Invitaci\u00f3n a la Secretar\u00eda del Trabajo y Previsi\u00f3n Social para conocer los resultados de los foros convocados por el Poder Ejecutivo. 4.- An\u00e1lisis de la iniciativa legislativa y la elaboraci\u00f3n del dictamen correspondiente. 5.- Discusi\u00f3n y votaci\u00f3n del proyecto de dictamen en comisi\u00f3n, para su posterior turno al pleno. 6.- Finalmente, la discusi\u00f3n y votaci\u00f3n del dictamen en el pleno de la C\u00e1mara de Diputados.<\/p>\n\n\n\n<p><strong>DISTRIBUYEN AGUA TRATADA<\/strong><\/p>\n\n\n\n<p>Para ahorrar y preservar el agua potable para consumo humano Agua de Puebla distribuy\u00f3 159 millones de litros de agua tratada, para el riego de \u00e1reas verdes y uso industrial *Se re\u00fasa en parques, jardines y en la industria cementera<\/p>\n\n\n\n<p>Como una medida m\u00e1s para fomentar el ahorro y preservaci\u00f3n del agua potable, Agua de Puebla para Todos realiza la distribuci\u00f3n de agua tratada para su re\u00faso en el riego de \u00e1reas verdes y como insumo en los procesos productivos de las empresas, logrando ahorrar de enero a mayo de este a\u00f1o, 159 millones de litros de agua potable.<\/p>\n\n\n\n<p>De manera mensual se distribuyen alrededor de 32 millones de litros de agua tratada con calidad de re\u00faso en distintos puntos de la ciudad, a trav\u00e9s de 200 pipas con capacidad de 20 mil litros cada una, as\u00ed como mediante la l\u00ednea morada que conduce esa agua que proviene de la Planta de Tratamiento de Aguas Residuales Parque Ecol\u00f3gico.<\/p>\n\n\n\n<p><strong>DIF Y CINIA SUMAN ESFUERZOS<\/strong><\/p>\n\n\n\n<p>El Director del Sistema Estatal para el Desarrollo Integral de la Familia (DIF), Juan Carlos Valdez Zayas, visit\u00f3 las instalaciones de CINIA, empresa reconocida por su modelo laboral incluyente, donde reiter\u00f3 el compromiso institucional de sumar esfuerzos con aliados que generen oportunidades reales para grupos en situaci\u00f3n de vulnerabilidad.<\/p>\n\n\n\n<p>Con m\u00e1s de 20 a\u00f1os de operaci\u00f3n en Puebla, CINIA ha consolidado un modelo \u00fanico en Am\u00e9rica Latina, con oportunidades laborales en \u00e1reas como ensamble automotriz, industria textil, jardiner\u00eda, limpieza y consultor\u00eda. Su filosof\u00eda es clara: los puestos se adaptan a las personas, no las personas a los puestos, privilegiando el respeto a los derechos humanos y a la dignidad del trabajo.<\/p>\n\n\n\n<p>El Director de CINIA, Fernando Diez Torres, expres\u00f3 su disposici\u00f3n de colaborar estrechamente con el SEDIF, al considerar que cada empleo que se genera representa una mejora directa en la calidad de vida de las familias. \u201cEn CINIA, la \u00fanica discapacidad que no se permite es la flojera\u201d, enfatiz\u00f3.<\/p>\n\n\n\n<p><strong>CABILDO JUVENIL 2025<\/strong><\/p>\n\n\n\n<p>En cumplimiento a la visi\u00f3n del presidente municipal, Jos\u00e9 \u2018Pepe\u2019 Chedraui, de ser una administraci\u00f3n cercana e involucrar a los j\u00f3venes en el quehacer gubernamental, el Regidor Leobardo Rodr\u00edguez Ju\u00e1rez, encabez\u00f3 la primera edici\u00f3n del Cabildo Juvenil 2025 en Palacio Municipal, en el que participaron estudiantes de la Facultad de Ciencias Pol\u00edticas de la Benem\u00e9rita Universidad Aut\u00f3noma de Puebla (BUAP).<\/p>\n\n\n\n<p>En su mensaje, el tambi\u00e9n Presidente de la Comisi\u00f3n de Infraestructura, Movilidad y Servicios P\u00fablicos, resalt\u00f3 la importancia de este tipo de ejercicios en los que las juventudes universitarias presentan su visi\u00f3n innovadora sobre la forma en la que se pueden resolver problemas municipales.<\/p>\n\n\n\n<p><strong>D\u00cdA MUNDIAL SIN TABACO<\/strong><\/p>\n\n\n\n<p>En el marco del D\u00eda Mundial sin Tabaco, el Instituto de Seguridad y Servicios Sociales de los Trabajadores del Estado (ISSSTE), en Puebla, a trav\u00e9s de la Subdelegaci\u00f3n M\u00e9dica, trabaja en concientizar a la derechohabiencia y ciudadan\u00eda en general sobre los da\u00f1os a la salud que ocasiona el consumo de tabaco.<\/p>\n\n\n\n<p>Seg\u00fan especialistas en salud pulmonar del ISSSTE, el h\u00e1bito de fumar cigarrillos o el uso de vapeadores es un problema de salud p\u00fablica de gran magnitud en la actualidad, responsable de millones de muertes a nivel mundial cada a\u00f1o.<\/p>\n\n\n\n<p>Los datos del INEGI reportan que, en la poblaci\u00f3n de 12 a 65 a\u00f1os, el consumo de tabaco asciende a 11.1 millones de personas a nivel nacional y 562 mil de ellos se encuentran en el estado de Puebla, por ende, la importancia de crear conciencia para frenar su consumo en esta entidad.<\/p>\n\n\n\n<p>Cabe destacar que el consumo de tabaco en j\u00f3venes de entre 12 y 17 a\u00f1os es preocupante, por lo que el ISSSTE en la entidad, trabaja en informar sobre las consecuencias de su consumo tanto a los padres de familia como a la juventud directamente y aunque el instituto brinda tratamiento y apoyo para superar este tipo de adicciones, se enfoca, sobre todo, en la prevenci\u00f3n mediante campa\u00f1as, charlas e informaci\u00f3n que oriente a los j\u00f3venes sobre las consecuencias de fumar m\u00e1s all\u00e1 de su percepci\u00f3n como una forma de socializar o divertirse.<\/p>\n\n\n\n<p>En fin, como dice la copla flamenca:<\/p>\n\n\n\n<p>Nadie junta un capital<\/p>\n\n\n\n<p>con su sueldo, trabajando.<\/p>\n\n\n\n<p>S\u00f3lo se puede juntar<\/p>\n\n\n\n<p>en esta vida, robando<\/p>\n\n\n\n<p>y explotando a los dem\u00e1s.<\/p>\n\n\n\n<p>raultorress@hotmail.com<\/p>\n","protected":false},"excerpt":{"rendered":"<p>*Informa Diputada poblana; usan agua tratada; Cabildo juvenil; alianza CINIA-DIF; tabaquismo Por Ra\u00fal Torres Salmer\u00f3n \/ Sin L\u00edmites La Presidenta [&hellip;]<\/p>\n","protected":false},"author":1,"featured_media":100758,"comment_status":"open","ping_status":"open","sticky":false,"template":"","format":"standard","meta":{"site-sidebar-layout":"default","site-content-layout":"","ast-site-content-layout":"default","site-content-style":"default","site-sidebar-style":"default","ast-global-header-display":"","ast-banner-title-visibility":"","ast-main-header-display":"","ast-hfb-above-header-display":"","ast-hfb-below-header-display":"","ast-hfb-mobile-header-display":"","site-post-title":"","ast-breadcrumbs-content":"","ast-featured-img":"","footer-sml-layout":"","theme-transparent-header-meta":"","adv-header-id-meta":"","stick-header-meta":"","header-above-stick-meta":"","header-main-stick-meta":"","header-below-stick-meta":"","astra-migrate-meta-layouts":"default","ast-page-background-enabled":"default","ast-page-background-meta":{"desktop":{"background-color":"var(--ast-global-color-4)","background-image":"","background-repeat":"repeat","background-position":"center center","background-size":"auto","background-attachment":"scroll","background-type":"","background-media":"","overlay-type":"","overlay-color":"","overlay-opacity":"","overlay-gradient":""},"tablet":{"background-color":"","background-image":"","background-repeat":"repeat","background-position":"center center","background-size":"auto","background-attachment":"scroll","background-type":"","background-media":"","overlay-type":"","overlay-color":"","overlay-opacity":"","overlay-gradient":""},"mobile":{"background-color":"","background-image":"","background-repeat":"repeat","background-position":"center center","background-size":"auto","background-attachment":"scroll","background-type":"","background-media":"","overlay-type":"","overlay-color":"","overlay-opacity":"","overlay-gradient":""}},"ast-content-background-meta":{"desktop":{"background-color":"var(--ast-global-color-5)","background-image":"","background-repeat":"repeat","background-position":"center center","background-size":"auto","background-attachment":"scroll","background-type":"","background-media":"","overlay-type":"","overlay-color":"","overlay-opacity":"","overlay-gradient":""},"tablet":{"background-color":"var(--ast-global-color-5)","background-image":"","background-repeat":"repeat","background-position":"center center","background-size":"auto","background-attachment":"scroll","background-type":"","background-media":"","overlay-type":"","overlay-color":"","overlay-opacity":"","overlay-gradient":""},"mobile":{"background-color":"var(--ast-global-color-5)","background-image":"","background-repeat":"repeat","background-position":"center center","background-size":"auto","background-attachment":"scroll","background-type":"","background-media":"","overlay-type":"","overlay-color":"","overlay-opacity":"","overlay-gradient":""}},"footnotes":""},"categories":[8,19],"tags":[21091,10512,14536],"class_list":["post-100757","post","type-post","status-publish","format-standard","has-post-thumbnail","hentry","category-noticias","category-sin-limites-2","tag-cinia","tag-dia-mundial-sin-tabaco","tag-dif-puebla"],"_links":{"self":[{"href":"https:\/\/losperiodistas.com.mx\/portal\/wp-json\/wp\/v2\/posts\/100757","targetHints":{"allow":["GET"]}}],"collection":[{"href":"https:\/\/losperiodistas.com.mx\/portal\/wp-json\/wp\/v2\/posts"}],"about":[{"href":"https:\/\/losperiodistas.com.mx\/portal\/wp-json\/wp\/v2\/types\/post"}],"author":[{"embeddable":true,"href":"https:\/\/losperiodistas.com.mx\/portal\/wp-json\/wp\/v2\/users\/1"}],"replies":[{"embeddable":true,"href":"https:\/\/losperiodistas.com.mx\/portal\/wp-json\/wp\/v2\/comments?post=100757"}],"version-history":[{"count":1,"href":"https:\/\/losperiodistas.com.mx\/portal\/wp-json\/wp\/v2\/posts\/100757\/revisions"}],"predecessor-version":[{"id":100759,"href":"https:\/\/losperiodistas.com.mx\/portal\/wp-json\/wp\/v2\/posts\/100757\/revisions\/100759"}],"wp:featuredmedia":[{"embeddable":true,"href":"https:\/\/losperiodistas.com.mx\/portal\/wp-json\/wp\/v2\/media\/100758"}],"wp:attachment":[{"href":"https:\/\/losperiodistas.com.mx\/portal\/wp-json\/wp\/v2\/media?parent=100757"}],"wp:term":[{"taxonomy":"category","embeddable":true,"href":"https:\/\/losperiodistas.com.mx\/portal\/wp-json\/wp\/v2\/categories?post=100757"},{"taxonomy":"post_tag","embeddable":true,"href":"https:\/\/losperiodistas.com.mx\/portal\/wp-json\/wp\/v2\/tags?post=100757"}],"curies":[{"name":"wp","href":"https:\/\/api.w.org\/{rel}","templated":true}]}}