{"id":100684,"date":"2025-06-04T19:15:51","date_gmt":"2025-06-05T01:15:51","guid":{"rendered":"https:\/\/losperiodistas.com.mx\/portal\/?p=100684"},"modified":"2025-06-05T04:16:19","modified_gmt":"2025-06-05T10:16:19","slug":"rotas-las-negociaciones-entre-pobladores-y-edil-de-xoxtla-en-el-tema-del-conflicto-por-el-agua-ljo","status":"publish","type":"post","link":"https:\/\/losperiodistas.com.mx\/portal\/rotas-las-negociaciones-entre-pobladores-y-edil-de-xoxtla-en-el-tema-del-conflicto-por-el-agua-ljo\/","title":{"rendered":"Rotas las negociaciones entre pobladores y edil de Xoxtla en el tema del conflicto por el agua | LJO"},"content":{"rendered":"\n<p class=\"has-medium-font-size\">En conferencia de medios afirmaron que p\u00fablicamente decidir\u00e1n qu\u00e9 acciones tomar para impedir la entrada de Concesiones Integrales<\/p>\n\n\n\n<figure class=\"wp-block-embed is-type-video is-provider-youtube wp-block-embed-youtube wp-embed-aspect-16-9 wp-has-aspect-ratio\"><div class=\"wp-block-embed__wrapper\">\n<iframe title=\"Xoxtla y municipios vecinos har\u00e1n foro dominical en defensa del pozo 4 y vs. privatizaci\u00f3n del agua\" width=\"500\" height=\"281\" src=\"https:\/\/www.youtube.com\/embed\/ewuT-CAzyK8?feature=oembed\" frameborder=\"0\" allow=\"accelerometer; autoplay; clipboard-write; encrypted-media; gyroscope; picture-in-picture; web-share\" referrerpolicy=\"strict-origin-when-cross-origin\" allowfullscreen><\/iframe>\n<\/div><\/figure>\n\n\n\n<p><\/p>\n\n\n\n<p class=\"has-vivid-red-color has-text-color has-link-color has-medium-font-size wp-elements-dae14d7029774411b392d8399872810d\"><strong><a href=\"https:\/\/lajornadadeoriente.com.mx\/author\/efrain-nunez\">Efra\u00edn N\u00fa\u00f1ez<\/a> \/ La Jornada de Oriente<\/strong><\/p>\n\n\n\n<p><\/p>\n\n\n\n<p><strong>El di\u00e1logo y las negociaciones con la edil<\/strong>&nbsp;<a href=\"https:\/\/www.facebook.com\/people\/Guadalupe-Ortiz\/100076273470237\/\" target=\"_blank\" rel=\"noreferrer noopener\">Guadalupe Ortiz P\u00e9rez<\/a>&nbsp;<strong>est\u00e1n rotas desde el lunes pasado<\/strong>, debido a que&nbsp;<strong>se niega a echar abajo el acuerdo con la empresa Concesiones Integrales<\/strong>&nbsp;para llevarse el 50 por ciento del agua que produzca el pozo 4, afirmaron Pascual Berm\u00fadez, poblador y Maurilio Galiote, asesor jur\u00eddico del movimiento.&nbsp;<\/p>\n\n\n\n<p>En conferencia de medios relataron que&nbsp;<strong>en el Cabildo abierto que se realiz\u00f3 el lunes pasado la presidenta municipal abandon\u00f3 la plaza p\u00fablica<\/strong>, tras negarse a revocar el acuerdo, momento desde el cual no ha habido ning\u00fan acercamiento.&nbsp;<\/p>\n\n\n\n<blockquote class=\"wp-block-quote is-layout-flow wp-block-quote-is-layout-flow\">\n<p>\u201cNo hay acercamiento con ella, ni lo habr\u00e1 porque se niega a defender el agua, a revocar el acuerdo, por eso estamos buscando otras alternativas para seguir presionando y evitar que se privatice el l\u00edquido\u201d.&nbsp;<\/p>\n<\/blockquote>\n\n\n\n<p>En otro tema,&nbsp;<strong>habitantes de San Miguel Xoxtla y del Comit\u00e9 Ciudadana del agua<\/strong>&nbsp;en la demarcaci\u00f3n&nbsp;<strong>realizar\u00e1n un foro en defensa del pozo 4<\/strong>&nbsp;y en contra de la privatizaci\u00f3n del agua en el municipio, informaron.&nbsp;<\/p>\n\n\n\n<p><strong>Tambi\u00e9n puedes ver:&nbsp;<a href=\"https:\/\/www.lajornadadeoriente.com.mx\/puebla\/sin-acuerdo-sobre-el-agua-entre-pobladores-y-la-edil-de-xoxtla\/\" target=\"_blank\" rel=\"noreferrer noopener\">Sin acuerdo sobre el agua entre pobladores y la edil de Xoxtla<\/a><\/strong><\/p>\n\n\n\n<p>En conferencia de medios expusieron que el encuentro en el que&nbsp;<strong>participar\u00e1n habitantes de pueblos aleda\u00f1os<\/strong>&nbsp;como Mihuac\u00e1n, junta auxiliar de Coronango, Tlaltenango, Juan C Bonilla, Cuautlancingo, San Pedro, San Andr\u00e9s Cholula y Nealtican entre otros, se realizar\u00e1 el pr\u00f3ximo domingo en las inmediaciones del pozo, ubicado en la zona norte del municipio, cerca de las v\u00edas del tren.&nbsp;<\/p>\n\n\n\n<p>Subrayaron que en ese foro&nbsp;<strong>decidir\u00e1n qu\u00e9 acciones tomar para evitar que Concesiones Integrales se apodere de la fuente de abastecimiento de agua<\/strong>&nbsp;como lo acord\u00f3 con la presidente municipal, Guadalupe Ortiz P\u00e9rez, sin consultar a la poblaci\u00f3n.&nbsp;<\/p>\n\n\n\n<p>Expusieron que desde la asamblea del lunes pasado,&nbsp;<strong>el pozo 4 se encuentra resguardado por habitantes<\/strong>&nbsp;para evitar que la empresa inicie las obras de extracci\u00f3n de agua en la poblaci\u00f3n.&nbsp;<\/p>\n\n\n\n<p>Afirmaron que la presencia de la Marina,&nbsp;<a href=\"https:\/\/x.com\/GN_MEXICO_\" target=\"_blank\" rel=\"noreferrer noopener\">la Guardia Nacional<\/a>, el Ej\u00e9rcito y la Polic\u00eda estatal en la asamblea del lunes pasado es una intimidaci\u00f3n y&nbsp;<strong>abre la posibilidad de una represi\u00f3n<\/strong>.&nbsp;<\/p>\n\n\n\n<p>Denunciaron que&nbsp;<strong>adem\u00e1s hab\u00eda hombres armados que se infiltraron entre los pobladores y desde el viernes<\/strong>&nbsp;hay un inhibidor de se\u00f1al de tel\u00e9fonos celulares en el municipio para evitar que la gente se comunique y se organice con otros pueblos.<\/p>\n\n\n\n<p><strong>Podr\u00eda interesarte:&nbsp;<a href=\"https:\/\/www.lajornadadeoriente.com.mx\/puebla\/pese-a-oposicion-ayuntamiento-de-xoxtla-concede-a-concesiones-integrales-la-explotacion-de-un-pozo\/\" target=\"_blank\" rel=\"noreferrer noopener\">Pese a oposici\u00f3n, ayuntamiento de Xoxtla concede a Concesiones Integrales la explotaci\u00f3n de un pozo<\/a><\/strong><\/p>\n\n\n\n<p>Fuente: <a href=\"https:\/\/www.lajornadadeoriente.com.mx\/puebla\/rotas-las-negociaciones-entre-pobladores-y-edil-de-xoxtla-en-el-tema-del-conflicto-por-el-agua\/\">https:\/\/www.lajornadadeoriente.com.mx\/puebla\/rotas-las-negociaciones-entre-pobladores-y-edil-de-xoxtla-en-el-tema-del-conflicto-por-el-agua\/<\/a><\/p>\n","protected":false},"excerpt":{"rendered":"<p>En conferencia de medios afirmaron que p\u00fablicamente decidir\u00e1n qu\u00e9 acciones tomar para impedir la entrada de Concesiones Integrales Efra\u00edn N\u00fa\u00f1ez [&hellip;]<\/p>\n","protected":false},"author":1,"featured_media":100685,"comment_status":"open","ping_status":"open","sticky":false,"template":"","format":"standard","meta":{"site-sidebar-layout":"default","site-content-layout":"","ast-site-content-layout":"default","site-content-style":"default","site-sidebar-style":"default","ast-global-header-display":"","ast-banner-title-visibility":"","ast-main-header-display":"","ast-hfb-above-header-display":"","ast-hfb-below-header-display":"","ast-hfb-mobile-header-display":"","site-post-title":"","ast-breadcrumbs-content":"","ast-featured-img":"","footer-sml-layout":"","theme-transparent-header-meta":"","adv-header-id-meta":"","stick-header-meta":"","header-above-stick-meta":"","header-main-stick-meta":"","header-below-stick-meta":"","astra-migrate-meta-layouts":"default","ast-page-background-enabled":"default","ast-page-background-meta":{"desktop":{"background-color":"var(--ast-global-color-4)","background-image":"","background-repeat":"repeat","background-position":"center center","background-size":"auto","background-attachment":"scroll","background-type":"","background-media":"","overlay-type":"","overlay-color":"","overlay-opacity":"","overlay-gradient":""},"tablet":{"background-color":"","background-image":"","background-repeat":"repeat","background-position":"center center","background-size":"auto","background-attachment":"scroll","background-type":"","background-media":"","overlay-type":"","overlay-color":"","overlay-opacity":"","overlay-gradient":""},"mobile":{"background-color":"","background-image":"","background-repeat":"repeat","background-position":"center center","background-size":"auto","background-attachment":"scroll","background-type":"","background-media":"","overlay-type":"","overlay-color":"","overlay-opacity":"","overlay-gradient":""}},"ast-content-background-meta":{"desktop":{"background-color":"var(--ast-global-color-5)","background-image":"","background-repeat":"repeat","background-position":"center center","background-size":"auto","background-attachment":"scroll","background-type":"","background-media":"","overlay-type":"","overlay-color":"","overlay-opacity":"","overlay-gradient":""},"tablet":{"background-color":"var(--ast-global-color-5)","background-image":"","background-repeat":"repeat","background-position":"center center","background-size":"auto","background-attachment":"scroll","background-type":"","background-media":"","overlay-type":"","overlay-color":"","overlay-opacity":"","overlay-gradient":""},"mobile":{"background-color":"var(--ast-global-color-5)","background-image":"","background-repeat":"repeat","background-position":"center center","background-size":"auto","background-attachment":"scroll","background-type":"","background-media":"","overlay-type":"","overlay-color":"","overlay-opacity":"","overlay-gradient":""}},"footnotes":""},"categories":[8],"tags":[38852,38997],"class_list":["post-100684","post","type-post","status-publish","format-standard","has-post-thumbnail","hentry","category-noticias","tag-agua-xoxtla","tag-conflcto-agua-xoxtla"],"_links":{"self":[{"href":"https:\/\/losperiodistas.com.mx\/portal\/wp-json\/wp\/v2\/posts\/100684","targetHints":{"allow":["GET"]}}],"collection":[{"href":"https:\/\/losperiodistas.com.mx\/portal\/wp-json\/wp\/v2\/posts"}],"about":[{"href":"https:\/\/losperiodistas.com.mx\/portal\/wp-json\/wp\/v2\/types\/post"}],"author":[{"embeddable":true,"href":"https:\/\/losperiodistas.com.mx\/portal\/wp-json\/wp\/v2\/users\/1"}],"replies":[{"embeddable":true,"href":"https:\/\/losperiodistas.com.mx\/portal\/wp-json\/wp\/v2\/comments?post=100684"}],"version-history":[{"count":1,"href":"https:\/\/losperiodistas.com.mx\/portal\/wp-json\/wp\/v2\/posts\/100684\/revisions"}],"predecessor-version":[{"id":100686,"href":"https:\/\/losperiodistas.com.mx\/portal\/wp-json\/wp\/v2\/posts\/100684\/revisions\/100686"}],"wp:featuredmedia":[{"embeddable":true,"href":"https:\/\/losperiodistas.com.mx\/portal\/wp-json\/wp\/v2\/media\/100685"}],"wp:attachment":[{"href":"https:\/\/losperiodistas.com.mx\/portal\/wp-json\/wp\/v2\/media?parent=100684"}],"wp:term":[{"taxonomy":"category","embeddable":true,"href":"https:\/\/losperiodistas.com.mx\/portal\/wp-json\/wp\/v2\/categories?post=100684"},{"taxonomy":"post_tag","embeddable":true,"href":"https:\/\/losperiodistas.com.mx\/portal\/wp-json\/wp\/v2\/tags?post=100684"}],"curies":[{"name":"wp","href":"https:\/\/api.w.org\/{rel}","templated":true}]}}