{"id":100681,"date":"2025-06-04T21:09:34","date_gmt":"2025-06-05T03:09:34","guid":{"rendered":"https:\/\/losperiodistas.com.mx\/portal\/?p=100681"},"modified":"2025-06-05T04:11:04","modified_gmt":"2025-06-05T10:11:04","slug":"opinion-carlos-olivier-y-fernando-carrasco-emproblemaron-a-alejandro-armenta","status":"publish","type":"post","link":"https:\/\/losperiodistas.com.mx\/portal\/opinion-carlos-olivier-y-fernando-carrasco-emproblemaron-a-alejandro-armenta\/","title":{"rendered":"Opini\u00f3n | Carlos Olivier y Fernando Carrasco emproblemaron a Alejandro Armenta"},"content":{"rendered":"\n<p class=\"has-medium-font-size\">Esta bomba hace meses que se ve\u00eda que iba a explotar y, explot\u00f3.<\/p>\n\n\n\n<figure class=\"wp-block-image\"><img decoding=\"async\" src=\"https:\/\/www.apartadomex.com\/wp-content\/uploads\/2025\/06\/Carlos-Olivier-y-Fernando-Carrasco-emproblemaron-a-Alejandro-Armenta.webp\" alt=\"Carlos Olivier y Fernando Carrasco emproblemaron a Alejandro Armenta\"\/><\/figure>\n\n\n\n<p>Por Itandehui Rodr\u00edguez\u00a0\/\u00a0Mon\u00f3logos de M\u00e9nade<\/p>\n\n\n\n<p>Los generadores de los problemas del gobernador Alejandro Armenta, hoy, tienen nombre y apellido: Carlos Olivier Pacheco y Fernando Carrasco. Tan es as\u00ed que&nbsp;<a href=\"https:\/\/www.apartadomex.com\/apartado-puebla\/sindicalizados-exigen-a-armenta-la-desitucion-del-secretario-de-salud\/87874\/\">el sindicato de trabajadores de Salud de Puebla exigi\u00f3 la destituci\u00f3n de los dos trabajadores.<\/a><\/p>\n\n\n\n<p>S\u00e9 perfectamente que este mon\u00f3logo no es del agrado de muchos. Que no hay salamer\u00eda suficiente como para que se nos considere entre los consentidos de la difusi\u00f3n de informaci\u00f3n gubernamental. Y es que las verdades duelen, pero son verdades al fin.<\/p>\n\n\n\n<p>El que las publique, no persigue el denostar. El objetivo es retroalimentar, porque es claro y evidente que es imposible que el gobernador se entere de todo lo que pasa.<\/p>\n\n\n\n<p>Que conste que esto se les avis\u00f3 con tiempo y lamentablemente la bomba ya explot\u00f3.<\/p>\n\n\n\n<p>Desde el 25 de febrero de este a\u00f1o, avis\u00e9 en este espacio que los conflictos entre Carlos Olivier y Fernando Carrasco estaban generando problemas, ahora graves, dentro de la Secretar\u00eda de Salud.<\/p>\n\n\n\n<p>Para contexto, tienen que leer:&nbsp;<a href=\"https:\/\/www.apartadomex.com\/opinion\/monologos-de-menade\/conflictos-en-la-secretaria-de-salud-lo-que-faltaba\/76776\/\">Conflictos en la Secretar\u00eda de Salud\u2026 lo que faltaba<\/a>.<\/p>\n\n\n\n<figure class=\"wp-block-image\"><img decoding=\"async\" src=\"https:\/\/www.apartadomex.com\/wp-content\/uploads\/2025\/02\/Los-conflictos-entre-Carlos-Alberto-Olivier-y-Fernando-Carrasco-comienzan-a-pasarle-factura-a-la-Secretaria-de-Salud-1024x576.webp\" alt=\"Los conflictos entre Carlos Alberto Olivier y Fernando Carrasco comienzan a pasarle factura a la Secretar\u00eda de Salud\" class=\"wp-image-76802\"\/><figcaption class=\"wp-element-caption\">Los conflictos entre Carlos Alberto Olivier y Fernando Carrasco comienzan a pasarle factura a la Secretar\u00eda de Salud<\/figcaption><\/figure>\n\n\n\n<p>En este&nbsp;<em>mismito<\/em>&nbsp;espacio les avisamos de los problemas que estaba generando Fernando Carrasco, qui\u00e9n se asume intocable gracias a la amistad que presume, pero no honra, con el gobernador Alejandro Armenta.<\/p>\n\n\n\n<p>La gente no es de piedra y el maltrato, los insultos, los desaires y dem\u00e1s actos que lastiman al personal y los proveedores de la Secretar\u00eda de Salud, generan costos.<\/p>\n\n\n\n<p>De eso les habl\u00e9 el 7 de marzo de este a\u00f1o:&nbsp;<a href=\"https:\/\/www.apartadomex.com\/opinion\/monologos-de-menade\/las-amistades-se-honran-no-se-presumen-te-hablan-carrasco\/77433\/\">Las amistades se honran, no se presumen: \u00a1Te hablan Carrasco!<\/a><\/p>\n\n\n\n<figure class=\"wp-block-image\"><img decoding=\"async\" src=\"https:\/\/www.apartadomex.com\/wp-content\/uploads\/2025\/03\/Algunos-amigos-del-gobernador-Alejandro-Armenta-no-han-entendido-que-las-amistades-se-honran-no-se-presumen.-Dicen-los-que-dicen-que-saben-que-uno-de-ellos-es-Fernando-Carrasco-de-Salud-1024x576.webp\" alt=\"Algunos 'amigos' del gobernador Alejandro Armenta no han entendido que las amistades se honran, no se presumen. Dicen los que dicen que saben que uno de ellos es Fernando Carrasco de Salud\" class=\"wp-image-77423\"\/><figcaption class=\"wp-element-caption\">Algunos \u2018amigos\u2019 del gobernador Alejandro Armenta no han entendido que las amistades se honran, no se presumen. Dicen los que dicen que saben que uno de ellos es Fernando Carrasco de Salud<\/figcaption><\/figure>\n\n\n\n<p>Evidentemente no fui la \u00fanica que habl\u00f3 sobre los problemas de la Secretar\u00eda, tampoco me siento la propietaria de los datos, pero era evidente que las cosas se iban a poner color de hormiga.<\/p>\n\n\n\n<p>Y hoy, explot\u00f3 la bomba y en su destrucci\u00f3n, arroj\u00f3 dos nombres, el de Carlos Olivier y Fernando Carrasco.<\/p>\n\n\n\n<p>Los trabajadores del sindicato de Salud no quieren trabajar m\u00e1s con ellos y no podemos culparlos. Son los encargados de recibir las mentadas de madre y las amenazas de ciudadanos cansados de no recibir una atenci\u00f3n digna. Pero, \u00bfc\u00f3mo podr\u00edan hacerlo si no tienen lo b\u00e1sico para desempe\u00f1ar su trabajo?<\/p>\n\n\n\n<p>Claramente ya se cansaron de ser el muro de contenci\u00f3n del descontento de los beneficiarios y, ante la falta de respuestas del titular, tuvieron que escalar con su jefe, el gobernador de Puebla.<\/p>\n\n\n\n<p>Que conste que tambi\u00e9n avis\u00e9 ya de la CESAMED\u2026<\/p>\n\n\n\n<hr class=\"wp-block-separator has-alpha-channel-opacity\"\/>\n\n\n\n<p><strong>+ OPINI\u00d3N INVITADA: Las opiniones expresadas son responsabilidad del autor<\/strong><\/p>\n","protected":false},"excerpt":{"rendered":"<p>Esta bomba hace meses que se ve\u00eda que iba a explotar y, explot\u00f3. Por Itandehui Rodr\u00edguez\u00a0\/\u00a0Mon\u00f3logos de M\u00e9nade Los generadores [&hellip;]<\/p>\n","protected":false},"author":1,"featured_media":100682,"comment_status":"open","ping_status":"open","sticky":false,"template":"","format":"standard","meta":{"site-sidebar-layout":"default","site-content-layout":"","ast-site-content-layout":"default","site-content-style":"default","site-sidebar-style":"default","ast-global-header-display":"","ast-banner-title-visibility":"","ast-main-header-display":"","ast-hfb-above-header-display":"","ast-hfb-below-header-display":"","ast-hfb-mobile-header-display":"","site-post-title":"","ast-breadcrumbs-content":"","ast-featured-img":"","footer-sml-layout":"","theme-transparent-header-meta":"","adv-header-id-meta":"","stick-header-meta":"","header-above-stick-meta":"","header-main-stick-meta":"","header-below-stick-meta":"","astra-migrate-meta-layouts":"default","ast-page-background-enabled":"default","ast-page-background-meta":{"desktop":{"background-color":"var(--ast-global-color-4)","background-image":"","background-repeat":"repeat","background-position":"center center","background-size":"auto","background-attachment":"scroll","background-type":"","background-media":"","overlay-type":"","overlay-color":"","overlay-opacity":"","overlay-gradient":""},"tablet":{"background-color":"","background-image":"","background-repeat":"repeat","background-position":"center center","background-size":"auto","background-attachment":"scroll","background-type":"","background-media":"","overlay-type":"","overlay-color":"","overlay-opacity":"","overlay-gradient":""},"mobile":{"background-color":"","background-image":"","background-repeat":"repeat","background-position":"center center","background-size":"auto","background-attachment":"scroll","background-type":"","background-media":"","overlay-type":"","overlay-color":"","overlay-opacity":"","overlay-gradient":""}},"ast-content-background-meta":{"desktop":{"background-color":"var(--ast-global-color-5)","background-image":"","background-repeat":"repeat","background-position":"center center","background-size":"auto","background-attachment":"scroll","background-type":"","background-media":"","overlay-type":"","overlay-color":"","overlay-opacity":"","overlay-gradient":""},"tablet":{"background-color":"var(--ast-global-color-5)","background-image":"","background-repeat":"repeat","background-position":"center center","background-size":"auto","background-attachment":"scroll","background-type":"","background-media":"","overlay-type":"","overlay-color":"","overlay-opacity":"","overlay-gradient":""},"mobile":{"background-color":"var(--ast-global-color-5)","background-image":"","background-repeat":"repeat","background-position":"center center","background-size":"auto","background-attachment":"scroll","background-type":"","background-media":"","overlay-type":"","overlay-color":"","overlay-opacity":"","overlay-gradient":""}},"footnotes":""},"categories":[8,22],"tags":[],"class_list":["post-100681","post","type-post","status-publish","format-standard","has-post-thumbnail","hentry","category-noticias","category-opinion-invitada"],"_links":{"self":[{"href":"https:\/\/losperiodistas.com.mx\/portal\/wp-json\/wp\/v2\/posts\/100681","targetHints":{"allow":["GET"]}}],"collection":[{"href":"https:\/\/losperiodistas.com.mx\/portal\/wp-json\/wp\/v2\/posts"}],"about":[{"href":"https:\/\/losperiodistas.com.mx\/portal\/wp-json\/wp\/v2\/types\/post"}],"author":[{"embeddable":true,"href":"https:\/\/losperiodistas.com.mx\/portal\/wp-json\/wp\/v2\/users\/1"}],"replies":[{"embeddable":true,"href":"https:\/\/losperiodistas.com.mx\/portal\/wp-json\/wp\/v2\/comments?post=100681"}],"version-history":[{"count":1,"href":"https:\/\/losperiodistas.com.mx\/portal\/wp-json\/wp\/v2\/posts\/100681\/revisions"}],"predecessor-version":[{"id":100683,"href":"https:\/\/losperiodistas.com.mx\/portal\/wp-json\/wp\/v2\/posts\/100681\/revisions\/100683"}],"wp:featuredmedia":[{"embeddable":true,"href":"https:\/\/losperiodistas.com.mx\/portal\/wp-json\/wp\/v2\/media\/100682"}],"wp:attachment":[{"href":"https:\/\/losperiodistas.com.mx\/portal\/wp-json\/wp\/v2\/media?parent=100681"}],"wp:term":[{"taxonomy":"category","embeddable":true,"href":"https:\/\/losperiodistas.com.mx\/portal\/wp-json\/wp\/v2\/categories?post=100681"},{"taxonomy":"post_tag","embeddable":true,"href":"https:\/\/losperiodistas.com.mx\/portal\/wp-json\/wp\/v2\/tags?post=100681"}],"curies":[{"name":"wp","href":"https:\/\/api.w.org\/{rel}","templated":true}]}}