{"id":100651,"date":"2025-06-04T09:22:37","date_gmt":"2025-06-04T15:22:37","guid":{"rendered":"https:\/\/losperiodistas.com.mx\/portal\/?p=100651"},"modified":"2025-06-04T09:22:39","modified_gmt":"2025-06-04T15:22:39","slug":"opinion-pepe-candidato-habria-coincidido-con-laura-artemisa","status":"publish","type":"post","link":"https:\/\/losperiodistas.com.mx\/portal\/opinion-pepe-candidato-habria-coincidido-con-laura-artemisa\/","title":{"rendered":"Opini\u00f3n | Pepe Candidato habr\u00eda coincidido con Laura Artemisa"},"content":{"rendered":"\n<p class=\"has-medium-font-size\">Prometer y prometer y luego\u2026 olvidar lo prometido. No digo el dicho completo porque es muy vulgar.<\/p>\n\n\n\n<figure class=\"wp-block-image size-large\"><img fetchpriority=\"high\" decoding=\"async\" width=\"1024\" height=\"576\" src=\"https:\/\/losperiodistas.com.mx\/portal\/wp-content\/uploads\/2025\/06\/Pepe-Candidato-tiene-algo-que-decirle-a-Pepe-Presidente-1-1024x576.webp\" alt=\"\" class=\"wp-image-100652\" srcset=\"https:\/\/losperiodistas.com.mx\/portal\/wp-content\/uploads\/2025\/06\/Pepe-Candidato-tiene-algo-que-decirle-a-Pepe-Presidente-1-1024x576.webp 1024w, https:\/\/losperiodistas.com.mx\/portal\/wp-content\/uploads\/2025\/06\/Pepe-Candidato-tiene-algo-que-decirle-a-Pepe-Presidente-1-300x169.webp 300w, https:\/\/losperiodistas.com.mx\/portal\/wp-content\/uploads\/2025\/06\/Pepe-Candidato-tiene-algo-que-decirle-a-Pepe-Presidente-1-768x432.webp 768w, https:\/\/losperiodistas.com.mx\/portal\/wp-content\/uploads\/2025\/06\/Pepe-Candidato-tiene-algo-que-decirle-a-Pepe-Presidente-1.webp 1200w\" sizes=\"(max-width: 1024px) 100vw, 1024px\" \/><\/figure>\n\n\n\n<p><\/p>\n\n\n\n<p class=\"has-vivid-red-color has-text-color has-link-color has-medium-font-size wp-elements-faf625357bb5726ee1145a64b5115ed1\"><strong><em>Por Itandehui Rodr\u00edguez \/ Mon\u00f3logos de M\u00e9nade<\/em><\/strong><\/p>\n\n\n\n<p>\u201cNo tenemos tecnolog\u00eda en Puebla\u201d, dijo el candidato Pepe Chedraui en un encuentro con integrantes del Consejo Coordinador Empresarial en mayo de 2024 cuando estaba en plena campa\u00f1a. Asegur\u00f3:<\/p>\n\n\n\n<blockquote class=\"wp-block-quote is-layout-flow wp-block-quote-is-layout-flow\">\n<p>\u201cEs cosa de que los empresarios nos pongamos a trabajar\u201d.<\/p>\n<\/blockquote>\n\n\n\n<p>Dijo que los sem\u00e1foros iban a tener c\u00e1maras de videovigilancia en Puebla.<\/p>\n\n\n\n<p>Se comprometi\u00f3 frente a sus compa\u00f1eros de gremio que sab\u00eda c\u00f3mo sacar a Puebla del gran problema de inseguridad que se viv\u00eda en 2024 y que no era ni por asomo tan grave como lo que experimentamos hoy en 2025.<\/p>\n\n\n\n<p>Parec\u00eda que los polic\u00edas iban a tener por fin una vida digna y tampoco pas\u00f3, tuvieron que tomar un fin de semana la ciudad para que los escucharan, tuvieron que provocar la \u201crenuncia\u201d de Fernando Rosales porque las cosas no cambiaron para ellos, al contrario, se complicaron.<\/p>\n\n\n\n<p>Asegur\u00f3 que se iban a poner 2 mil c\u00e1maras de videovigilancia y aqu\u00ed quiero parafrasear al candidato Pepe Chedraui:<\/p>\n\n\n\n<blockquote class=\"wp-block-quote is-layout-flow wp-block-quote-is-layout-flow\">\n<p>\u201cSeguramente ahorita les van a decir que van a poner c\u00e1maras de vigilancia, \u00bfy por qu\u00e9 no lo han hecho? Han tenido varias oportunidades, \u00bfy por qu\u00e9 no lo hacen?\u201d.<\/p>\n<\/blockquote>\n\n\n\n<p>Los invito a buscar el minuto 2:45 de este video que les promet\u00ed en el mon\u00f3logo de ayer, para que puedan constatar lo que les digo.<\/p>\n\n\n\n<figure class=\"wp-block-embed is-type-rich is-provider-twitter wp-block-embed-twitter\"><div class=\"wp-block-embed__wrapper\">\nhttps:\/\/twitter.com\/i\/status\/1930064868888997896\n<\/div><\/figure>\n\n\n\n<p>          Pepe Chedraui candidato ten\u00eda raz\u00f3n. Pepe del pasado hoy podr\u00eda estar cuestionando a Pepe Presidente&nbsp;<a href=\"https:\/\/www.apartadomex.com\/apartado-puebla\/laura-artemisa-garcia-demanda-soluciones-de-pepe-chedraui\/87728\/\">junto a Laura Artemisa Garc\u00eda:<\/a>&nbsp;\u201cHan tenido varias oportunidades, \u00bfy por qu\u00e9 no lo hacen?\u201d.<\/p>\n\n\n\n<p>\u00bfPor qu\u00e9 no arregla las calles? \u00bfPor qu\u00e9 no cumple con la mitad de las propustas que nos hizo?<\/p>\n\n\n\n<p>\u00bfEn serio creen que 27 cuadrillas van a poder hacer transitables las calles de Puebla?<\/p>\n\n\n\n<p>Pero volvamos a las c\u00e1maras de videovigilancia\u2026 El plan de seguridad que present\u00f3 frente a los integrantes del CCE en mayo de 2024 era muy prometedor, ambicioso, nos ofrec\u00eda soluciones y luego\u2026 Luego dej\u00f3 de ser candidato, se convirti\u00f3 en presidente municipal y olvid\u00f3 lo prometido.<\/p>\n\n\n\n<p>Parafraseo de nuevo a Pepe Candidato: \u201c\u00bfy por qu\u00e9 no lo han hecho?\u201d.<\/p>\n\n\n\n<p>En 8 minutos habl\u00f3 de una Puebla que a todos nos hubiera gustado tener. El problema fue que Pepe Candidato no se imaginaba los problemas que enfrentar\u00eda. Tal vez porque nunca hab\u00eda sido funcionario.<\/p>\n\n\n\n<p>Ojal\u00e1 se escuche de nuevo y por esta ciudad en la que todos vivimos, se aplique. Es hora de que el gobernante se ponga a trabajar y ya va tarde, porque si sigue trabajando como empresario, la ciudad continuar\u00e1 y\u00e9ndose a pique, como hasta ahora.<\/p>\n\n\n\n<hr class=\"wp-block-separator has-alpha-channel-opacity\"\/>\n\n\n\n<p><strong>+ OPINI\u00d3N INVITADA: Las opiniones expresadas son responsabilidad del autor<\/strong><\/p>\n","protected":false},"excerpt":{"rendered":"<p>Prometer y prometer y luego\u2026 olvidar lo prometido. No digo el dicho completo porque es muy vulgar. Por Itandehui Rodr\u00edguez [&hellip;]<\/p>\n","protected":false},"author":1,"featured_media":100652,"comment_status":"open","ping_status":"open","sticky":false,"template":"","format":"standard","meta":{"site-sidebar-layout":"default","site-content-layout":"","ast-site-content-layout":"default","site-content-style":"default","site-sidebar-style":"default","ast-global-header-display":"","ast-banner-title-visibility":"","ast-main-header-display":"","ast-hfb-above-header-display":"","ast-hfb-below-header-display":"","ast-hfb-mobile-header-display":"","site-post-title":"","ast-breadcrumbs-content":"","ast-featured-img":"","footer-sml-layout":"","theme-transparent-header-meta":"","adv-header-id-meta":"","stick-header-meta":"","header-above-stick-meta":"","header-main-stick-meta":"","header-below-stick-meta":"","astra-migrate-meta-layouts":"default","ast-page-background-enabled":"default","ast-page-background-meta":{"desktop":{"background-color":"var(--ast-global-color-4)","background-image":"","background-repeat":"repeat","background-position":"center center","background-size":"auto","background-attachment":"scroll","background-type":"","background-media":"","overlay-type":"","overlay-color":"","overlay-opacity":"","overlay-gradient":""},"tablet":{"background-color":"","background-image":"","background-repeat":"repeat","background-position":"center center","background-size":"auto","background-attachment":"scroll","background-type":"","background-media":"","overlay-type":"","overlay-color":"","overlay-opacity":"","overlay-gradient":""},"mobile":{"background-color":"","background-image":"","background-repeat":"repeat","background-position":"center center","background-size":"auto","background-attachment":"scroll","background-type":"","background-media":"","overlay-type":"","overlay-color":"","overlay-opacity":"","overlay-gradient":""}},"ast-content-background-meta":{"desktop":{"background-color":"var(--ast-global-color-5)","background-image":"","background-repeat":"repeat","background-position":"center center","background-size":"auto","background-attachment":"scroll","background-type":"","background-media":"","overlay-type":"","overlay-color":"","overlay-opacity":"","overlay-gradient":""},"tablet":{"background-color":"var(--ast-global-color-5)","background-image":"","background-repeat":"repeat","background-position":"center center","background-size":"auto","background-attachment":"scroll","background-type":"","background-media":"","overlay-type":"","overlay-color":"","overlay-opacity":"","overlay-gradient":""},"mobile":{"background-color":"var(--ast-global-color-5)","background-image":"","background-repeat":"repeat","background-position":"center center","background-size":"auto","background-attachment":"scroll","background-type":"","background-media":"","overlay-type":"","overlay-color":"","overlay-opacity":"","overlay-gradient":""}},"footnotes":""},"categories":[8,22],"tags":[14193],"class_list":["post-100651","post","type-post","status-publish","format-standard","has-post-thumbnail","hentry","category-noticias","category-opinion-invitada","tag-pepe-chedraui"],"_links":{"self":[{"href":"https:\/\/losperiodistas.com.mx\/portal\/wp-json\/wp\/v2\/posts\/100651","targetHints":{"allow":["GET"]}}],"collection":[{"href":"https:\/\/losperiodistas.com.mx\/portal\/wp-json\/wp\/v2\/posts"}],"about":[{"href":"https:\/\/losperiodistas.com.mx\/portal\/wp-json\/wp\/v2\/types\/post"}],"author":[{"embeddable":true,"href":"https:\/\/losperiodistas.com.mx\/portal\/wp-json\/wp\/v2\/users\/1"}],"replies":[{"embeddable":true,"href":"https:\/\/losperiodistas.com.mx\/portal\/wp-json\/wp\/v2\/comments?post=100651"}],"version-history":[{"count":1,"href":"https:\/\/losperiodistas.com.mx\/portal\/wp-json\/wp\/v2\/posts\/100651\/revisions"}],"predecessor-version":[{"id":100653,"href":"https:\/\/losperiodistas.com.mx\/portal\/wp-json\/wp\/v2\/posts\/100651\/revisions\/100653"}],"wp:featuredmedia":[{"embeddable":true,"href":"https:\/\/losperiodistas.com.mx\/portal\/wp-json\/wp\/v2\/media\/100652"}],"wp:attachment":[{"href":"https:\/\/losperiodistas.com.mx\/portal\/wp-json\/wp\/v2\/media?parent=100651"}],"wp:term":[{"taxonomy":"category","embeddable":true,"href":"https:\/\/losperiodistas.com.mx\/portal\/wp-json\/wp\/v2\/categories?post=100651"},{"taxonomy":"post_tag","embeddable":true,"href":"https:\/\/losperiodistas.com.mx\/portal\/wp-json\/wp\/v2\/tags?post=100651"}],"curies":[{"name":"wp","href":"https:\/\/api.w.org\/{rel}","templated":true}]}}