{"id":100123,"date":"2025-05-25T04:48:37","date_gmt":"2025-05-25T10:48:37","guid":{"rendered":"https:\/\/losperiodistas.com.mx\/portal\/?p=100123"},"modified":"2025-05-25T06:36:59","modified_gmt":"2025-05-25T12:36:59","slug":"estos-son-los-agresivos-toros-de-fuente-ymbro-para-la-exigente-tarde-de-hoy-en-las-ventas-la-razon","status":"publish","type":"post","link":"https:\/\/losperiodistas.com.mx\/portal\/estos-son-los-agresivos-toros-de-fuente-ymbro-para-la-exigente-tarde-de-hoy-en-las-ventas-la-razon\/","title":{"rendered":"Estos son los agresivos toros de Fuente Ymbro para la exigente tarde de hoy en Las Ventas | La Raz\u00f3n"},"content":{"rendered":"\n<h2 class=\"wp-block-heading has-vivid-green-cyan-background-color has-background\">Este domingo se lidiar\u00e1 un serio encierro de Ricardo Gallardo con Curro D\u00edaz, Rom\u00e1n y la confirmaci\u00f3n de Diego San Rom\u00e1n. Fuente Ymbro, juez implacable en la plaza m\u00e1s dif\u00edcil del mundo<\/h2>\n\n\n\n<figure class=\"wp-block-image size-large\"><img fetchpriority=\"high\" decoding=\"async\" width=\"1024\" height=\"576\" src=\"https:\/\/losperiodistas.com.mx\/portal\/wp-content\/uploads\/2025\/05\/estos-son-agresivos-toros-fuente-ymbro-exigente-tarde-hoy-ventas_98-1024x576.webp\" alt=\"\" class=\"wp-image-100124\" srcset=\"https:\/\/losperiodistas.com.mx\/portal\/wp-content\/uploads\/2025\/05\/estos-son-agresivos-toros-fuente-ymbro-exigente-tarde-hoy-ventas_98-1024x576.webp 1024w, https:\/\/losperiodistas.com.mx\/portal\/wp-content\/uploads\/2025\/05\/estos-son-agresivos-toros-fuente-ymbro-exigente-tarde-hoy-ventas_98-300x169.webp 300w, https:\/\/losperiodistas.com.mx\/portal\/wp-content\/uploads\/2025\/05\/estos-son-agresivos-toros-fuente-ymbro-exigente-tarde-hoy-ventas_98-768x432.webp 768w, https:\/\/losperiodistas.com.mx\/portal\/wp-content\/uploads\/2025\/05\/estos-son-agresivos-toros-fuente-ymbro-exigente-tarde-hoy-ventas_98-1536x864.webp 1536w, https:\/\/losperiodistas.com.mx\/portal\/wp-content\/uploads\/2025\/05\/estos-son-agresivos-toros-fuente-ymbro-exigente-tarde-hoy-ventas_98.webp 1900w\" sizes=\"(max-width: 1024px) 100vw, 1024px\" \/><figcaption class=\"wp-element-caption\"><strong>Estos son los agresivos toros de Fuente Ymbro para la exigente tarde de hoy en Las Ventas<\/strong> Alfredo Ar\u00e9valoPlaza 1<\/figcaption><\/figure>\n\n\n\n<p class=\"has-vivid-red-color has-text-color has-link-color has-medium-font-size wp-elements-02e174ed0e1ed87c37790d0c7e77ab4e\"><strong><a href=\"https:\/\/www.larazon.es\/autores\/david-jaramillo\/\">David Jaramillo<\/a> \/ La Raz\u00f3n<\/strong><\/p>\n\n\n\n<p>La cuenta atr\u00e1s ha terminado. Los toros de&nbsp;<a href=\"https:\/\/www.larazon.es\/tags\/fuente-ymbro\/\" target=\"_blank\" rel=\"noreferrer noopener\">Fuente Ymbro<\/a>&nbsp;ya est\u00e1n&nbsp;<strong>sorteados y enchiquerados<\/strong>&nbsp;en la plaza de toros de&nbsp;<a href=\"https:\/\/www.larazon.es\/tags\/las-ventas\/\" target=\"_blank\" rel=\"noreferrer noopener\">Las Ventas<\/a>, listos para la cita del&nbsp;<strong>domingo 25 de mayo<\/strong>&nbsp;en el marco de la Feria de San Isidro. La ganader\u00eda de&nbsp;<strong>Ricardo Gallardo<\/strong>&nbsp;vuelve a Madrid con un encierro serio, bien armado y con ese aire torero que tanto intimida como ilusiona. Siete de los ocho ejemplares enviados han superado el reconocimiento, completando una corrida muy bien presentada, seria por delante, que ya despierta murmullos en los corrales.<\/p>\n\n\n\n<h2 class=\"wp-block-heading has-ast-global-color-4-background-color has-background has-medium-font-size\">M\u00e1s Noticias<\/h2>\n\n\n\n<ul class=\"wp-block-list\">\n<li><a href=\"https:\/\/www.larazon.es\/andalucia\/cordoba\/toros-toros_202505256832e85b7b27927d3db0cf31.html\">Opini\u00f3n\u00a1A los toros, a los toros!<\/a><\/li>\n\n\n\n<li><a href=\"https:\/\/www.larazon.es\/cultura\/toros\/todos-hule-medio-siglo-corrida-dramatica_202505256832c7097b27927d3db0bc27.html\">Efem\u00e9ridesTodos al hule, medio siglo de una corrida dram\u00e1tica<\/a><\/li>\n\n\n\n<li><a href=\"https:\/\/www.larazon.es\/cultura\/toros\/este-cartel-hoy-domingo-25-san-isidro-imponentes-toros-fuente-ymbro-horarios-donde-verlo_202505256832b1f57b27927d3db0b384.html\">Las VentasEste es el cartel de hoy, domingo 25 en San Isidro con los imponentes toros de Fuente Ymbro (horarios y d\u00f3nde verlo)<\/a><\/li>\n<\/ul>\n\n\n\n<p><a href=\"https:\/\/www.larazon.es\/tags\/fuente-ymbro\/\" target=\"_blank\" rel=\"noreferrer noopener\">Fuente Ymbro<\/a>&nbsp;no necesita carta de presentaci\u00f3n en esta plaza. Su historial en Madrid es una monta\u00f1a rusa de tardes inolvidables y otras marcadas por la crudeza de su exigencia. Lo cierto es que el hierro de la casa gaditana no pasa inadvertido: cuando embiste, pone la plaza boca abajo; cuando aprieta, mide al mil\u00edmetro la verdad del toreo. En su regreso a&nbsp;<a href=\"https:\/\/www.larazon.es\/tags\/las-ventas\/\" target=\"_blank\" rel=\"noreferrer noopener\">Las Ventas<\/a>, trae consigo la responsabilidad de mantener ese prestigio ganado a golpe de bravura.<\/p>\n\n\n\n<figure class=\"wp-block-embed is-type-video is-provider-youtube wp-block-embed-youtube wp-embed-aspect-16-9 wp-has-aspect-ratio\"><div class=\"wp-block-embed__wrapper\">\n<iframe title=\"Sorteados los toros de Fuente Ymbro para la 15\u00aa de San Isidro 2025\" width=\"500\" height=\"281\" src=\"https:\/\/www.youtube.com\/embed\/Yd3ZMRR7qTU?feature=oembed\" frameborder=\"0\" allow=\"accelerometer; autoplay; clipboard-write; encrypted-media; gyroscope; picture-in-picture; web-share\" referrerpolicy=\"strict-origin-when-cross-origin\" allowfullscreen><\/iframe>\n<\/div><\/figure>\n\n\n\n<p>Enfrente, una terna que representa tres maneras distintas de estar en el toreo. Abre el cartel&nbsp;<a href=\"https:\/\/www.larazon.es\/tags\/curro-diaz\/\" target=\"_blank\" rel=\"noreferrer noopener\">Curro D\u00edaz<\/a>, un veterano con aroma de torero de \u00e9poca, que vuelve a Madrid con la templanza y el sabor de quien ha dejado su sello en tardes pasadas. Le sigue&nbsp;<a href=\"https:\/\/www.larazon.es\/tags\/roman\/\" target=\"_blank\" rel=\"noreferrer noopener\">Rom\u00e1n<\/a>, torero de raza y entrega, que ya sabe lo que es dejarse el alma en esta plaza. El valenciano no especula y pisa el ruedo con el arrojo de quien viene a jugarse todo a una carta.<\/p>\n\n\n\n<p>El tercero es el&nbsp;<strong>mexicano Diego San Rom\u00e1n<\/strong>, que vivir\u00e1 la tarde m\u00e1s importante de su carrera: su&nbsp;<strong>confirmaci\u00f3n de alternativa<\/strong>. Llega con el aval de una buena preparaci\u00f3n, tardes destacadas en plazas de segunda y una ambici\u00f3n que lo empuja a dejar huella en el templo del toreo. Confirmar en Madrid, con toros de&nbsp;<a href=\"https:\/\/www.larazon.es\/tags\/fuente-ymbro\/\" target=\"_blank\" rel=\"noreferrer noopener\">Fuente Ymbro<\/a>, no es cualquier cosa: es un salto al vac\u00edo con los ojos bien abiertos.<\/p>\n\n\n\n<p>La corrida, adem\u00e1s, tendr\u00e1 una amplia cobertura medi\u00e1tica. El festejo comenzar\u00e1 a las&nbsp;<strong>19:00 h<\/strong>&nbsp;y podr\u00e1 verse en directo a trav\u00e9s de&nbsp;<a href=\"https:\/\/www.larazon.es\/tags\/telemadrid\/\" target=\"_blank\" rel=\"noreferrer noopener\">Telemadrid<\/a>,&nbsp;<strong>CMMedia<\/strong>,&nbsp;<strong>Arag\u00f3n TV<\/strong>,&nbsp;<strong>La 7 Regi\u00f3n de Murcia<\/strong>&nbsp;y&nbsp;<strong>Televisi\u00f3n de Aguascalientes<\/strong>, llevando a miles de hogares una tarde con sabor a examen y promesa de emociones fuertes.<\/p>\n\n\n\n<p>Los toros ya est\u00e1n listos. Ahora, el ruedo tiene la palabra.&nbsp;<a href=\"https:\/\/www.larazon.es\/tags\/fuente-ymbro\/\" target=\"_blank\" rel=\"noreferrer noopener\">Fuente Ymbro<\/a>&nbsp;ha tra\u00eddo su mensaje, serio y sin concesiones. El aficionado, como siempre, ser\u00e1 juez y testigo.<\/p>\n\n\n\n<h2 class=\"wp-block-heading\">Estos son los toros y el orden en que ser\u00e1n lidiados:<\/h2>\n\n\n\n<figure class=\"wp-block-embed is-type-rich is-provider-twitter wp-block-embed-twitter\"><div class=\"wp-block-embed__wrapper\">\nhttps:\/\/twitter.com\/LasVentas\/status\/1926580419094327765?ref_src=twsrc%5Etfw%7Ctwcamp%5Etweetembed%7Ctwterm%5E1926580419094327765%7Ctwgr%5Ef3fb389d4cc1755b3a44411ade674c7a56c56b21%7Ctwcon%5Es1_c10&#038;ref_url=https%3A%2F%2Fwww.larazon.es%2Fcultura%2Ftoros%2Festos-son-agresivos-toros-fuente-ymbro-exigente-tarde-hoy-ventas_202505256832fced812a8f1e6a042e42.html\n<\/div><\/figure>\n\n\n\n<p><strong>Diego San Rom\u00e1n&nbsp;<\/strong>confirmar\u00e1 alternativa con el primero, \u00abInfortunado\u00bb, n\u00ba 27.<\/p>\n\n\n\n<figure class=\"wp-block-image\"><img decoding=\"async\" width=\"1000\" height=\"567\" src=\"https:\/\/losperiodistas.com.mx\/portal\/wp-content\/uploads\/2025\/05\/infortunado-27_58.webp\" alt=\"&quot;Infortunado&quot;, n\u00ba 27\" class=\"wp-image-100125\" srcset=\"https:\/\/losperiodistas.com.mx\/portal\/wp-content\/uploads\/2025\/05\/infortunado-27_58.webp 1000w, https:\/\/losperiodistas.com.mx\/portal\/wp-content\/uploads\/2025\/05\/infortunado-27_58-300x170.webp 300w, https:\/\/losperiodistas.com.mx\/portal\/wp-content\/uploads\/2025\/05\/infortunado-27_58-768x435.webp 768w\" sizes=\"(max-width: 1000px) 100vw, 1000px\" \/><figcaption class=\"wp-element-caption\"><strong>\u00abInfortunado\u00bb, n\u00ba 27<\/strong>Alfredo Ar\u00e9valoPlaza 1<\/figcaption><\/figure>\n\n\n\n<p>En segundo lugar saldr\u00e1 \u00abImpostor\u00bb, 93, para&nbsp;<strong>Curro D\u00edaz.<\/strong><\/p>\n\n\n\n<figure class=\"wp-block-image\"><img decoding=\"async\" width=\"1000\" height=\"567\" src=\"https:\/\/losperiodistas.com.mx\/portal\/wp-content\/uploads\/2025\/05\/impostor-93_58.webp\" alt=\"&quot;Impostor&quot;, 93\" class=\"wp-image-100130\" srcset=\"https:\/\/losperiodistas.com.mx\/portal\/wp-content\/uploads\/2025\/05\/impostor-93_58.webp 1000w, https:\/\/losperiodistas.com.mx\/portal\/wp-content\/uploads\/2025\/05\/impostor-93_58-300x170.webp 300w, https:\/\/losperiodistas.com.mx\/portal\/wp-content\/uploads\/2025\/05\/impostor-93_58-768x435.webp 768w\" sizes=\"(max-width: 1000px) 100vw, 1000px\" \/><figcaption class=\"wp-element-caption\"><strong>\u00abImpostor\u00bb, 93<\/strong>Alfredo Ar\u00e9valoPlaza 1<\/figcaption><\/figure>\n\n\n\n<p>El tercero ser\u00e1 \u00abRetame\u00bb, n\u00ba 69, para&nbsp;<strong>Rom\u00e1n.<\/strong><\/p>\n\n\n\n<figure class=\"wp-block-image\"><img loading=\"lazy\" decoding=\"async\" width=\"1000\" height=\"567\" src=\"https:\/\/losperiodistas.com.mx\/portal\/wp-content\/uploads\/2025\/05\/retame-69_58.webp\" alt=\"&quot;Retame&quot;, n\u00ba 69\" class=\"wp-image-100126\" srcset=\"https:\/\/losperiodistas.com.mx\/portal\/wp-content\/uploads\/2025\/05\/retame-69_58.webp 1000w, https:\/\/losperiodistas.com.mx\/portal\/wp-content\/uploads\/2025\/05\/retame-69_58-300x170.webp 300w, https:\/\/losperiodistas.com.mx\/portal\/wp-content\/uploads\/2025\/05\/retame-69_58-768x435.webp 768w\" sizes=\"(max-width: 1000px) 100vw, 1000px\" \/><figcaption class=\"wp-element-caption\"><strong>\u00abRetame\u00bb, n\u00ba 69<\/strong>Alfredo Ar\u00e9valoPlaza 1<\/figcaption><\/figure>\n\n\n\n<p><strong>Curro D\u00edaz&nbsp;<\/strong>lidiar\u00e1 al cuarto, \u00abTremendo\u00bb, n\u00ba 185.<\/p>\n\n\n\n<figure class=\"wp-block-image\"><img loading=\"lazy\" decoding=\"async\" width=\"1000\" height=\"567\" src=\"https:\/\/losperiodistas.com.mx\/portal\/wp-content\/uploads\/2025\/05\/tremendo-185_58.webp\" alt=\"&quot;Tremendo&quot;, n\u00ba 185\" class=\"wp-image-100127\" srcset=\"https:\/\/losperiodistas.com.mx\/portal\/wp-content\/uploads\/2025\/05\/tremendo-185_58.webp 1000w, https:\/\/losperiodistas.com.mx\/portal\/wp-content\/uploads\/2025\/05\/tremendo-185_58-300x170.webp 300w, https:\/\/losperiodistas.com.mx\/portal\/wp-content\/uploads\/2025\/05\/tremendo-185_58-768x435.webp 768w\" sizes=\"(max-width: 1000px) 100vw, 1000px\" \/><figcaption class=\"wp-element-caption\"><strong>\u00abTremendo\u00bb, n\u00ba 185<\/strong>Alfredo Ar\u00e9valoPlaza 1<\/figcaption><\/figure>\n\n\n\n<p>El quinto turno ser\u00e1 para \u00abComisario\u00bb, n\u00ba 56, a cargo de&nbsp;<strong>Rom\u00e1n.<\/strong><\/p>\n\n\n\n<figure class=\"wp-block-image\"><img loading=\"lazy\" decoding=\"async\" width=\"1000\" height=\"567\" src=\"https:\/\/losperiodistas.com.mx\/portal\/wp-content\/uploads\/2025\/05\/comisario-56_58.webp\" alt=\"&quot;Comisario&quot;, n\u00ba 56\" class=\"wp-image-100129\" srcset=\"https:\/\/losperiodistas.com.mx\/portal\/wp-content\/uploads\/2025\/05\/comisario-56_58.webp 1000w, https:\/\/losperiodistas.com.mx\/portal\/wp-content\/uploads\/2025\/05\/comisario-56_58-300x170.webp 300w, https:\/\/losperiodistas.com.mx\/portal\/wp-content\/uploads\/2025\/05\/comisario-56_58-768x435.webp 768w\" sizes=\"(max-width: 1000px) 100vw, 1000px\" \/><figcaption class=\"wp-element-caption\"><strong>\u00abComisario\u00bb, n\u00ba 56<\/strong>Alfredo Ar\u00e9valoPlaza 1<\/figcaption><\/figure>\n\n\n\n<p>Cerrar\u00e1 la tarde el mexicano&nbsp;<strong>Diego San Rom\u00e1n&nbsp;<\/strong>con \u00abJud\u00edo\u00bb, n\u00ba 113.<\/p>\n\n\n\n<figure class=\"wp-block-image\"><img loading=\"lazy\" decoding=\"async\" width=\"1000\" height=\"567\" src=\"https:\/\/losperiodistas.com.mx\/portal\/wp-content\/uploads\/2025\/05\/judio-113_58.webp\" alt=\"&quot;Jud\u00edo&quot;, n\u00ba 113\" class=\"wp-image-100128\" srcset=\"https:\/\/losperiodistas.com.mx\/portal\/wp-content\/uploads\/2025\/05\/judio-113_58.webp 1000w, https:\/\/losperiodistas.com.mx\/portal\/wp-content\/uploads\/2025\/05\/judio-113_58-300x170.webp 300w, https:\/\/losperiodistas.com.mx\/portal\/wp-content\/uploads\/2025\/05\/judio-113_58-768x435.webp 768w\" sizes=\"(max-width: 1000px) 100vw, 1000px\" \/><figcaption class=\"wp-element-caption\"><strong>\u00abJud\u00edo\u00bb, n\u00ba 113<\/strong>Alfredo Ar\u00e9valoPlaza 1<\/figcaption><\/figure>\n\n\n\n<p>El primer sobrero, \u00abSopl\u00f3n\u00bb, n\u00ba 105, portar\u00e1 el hierro de la corrida titular, y el segundo, \u00abRescoldito\u00bb, n\u00ba 8, el de&nbsp;<strong>Guadajira.<\/strong><\/p>\n\n\n\n<p>Fuente: <a href=\"https:\/\/www.larazon.es\/cultura\/toros\/estos-son-agresivos-toros-fuente-ymbro-exigente-tarde-hoy-ventas_202505256832fced812a8f1e6a042e42.html\">https:\/\/www.larazon.es\/cultura\/toros\/estos-son-agresivos-toros-fuente-ymbro-exigente-tarde-hoy-ventas_202505256832fced812a8f1e6a042e42.html<\/a><\/p>\n\n\n\n<p><\/p>\n","protected":false},"excerpt":{"rendered":"<p>Este domingo se lidiar\u00e1 un serio encierro de Ricardo Gallardo con Curro D\u00edaz, Rom\u00e1n y la confirmaci\u00f3n de Diego San [&hellip;]<\/p>\n","protected":false},"author":1,"featured_media":100124,"comment_status":"open","ping_status":"open","sticky":false,"template":"","format":"standard","meta":{"site-sidebar-layout":"default","site-content-layout":"","ast-site-content-layout":"default","site-content-style":"default","site-sidebar-style":"default","ast-global-header-display":"","ast-banner-title-visibility":"","ast-main-header-display":"","ast-hfb-above-header-display":"","ast-hfb-below-header-display":"","ast-hfb-mobile-header-display":"","site-post-title":"","ast-breadcrumbs-content":"","ast-featured-img":"","footer-sml-layout":"","theme-transparent-header-meta":"","adv-header-id-meta":"","stick-header-meta":"","header-above-stick-meta":"","header-main-stick-meta":"","header-below-stick-meta":"","astra-migrate-meta-layouts":"default","ast-page-background-enabled":"default","ast-page-background-meta":{"desktop":{"background-color":"var(--ast-global-color-4)","background-image":"","background-repeat":"repeat","background-position":"center center","background-size":"auto","background-attachment":"scroll","background-type":"","background-media":"","overlay-type":"","overlay-color":"","overlay-opacity":"","overlay-gradient":""},"tablet":{"background-color":"","background-image":"","background-repeat":"repeat","background-position":"center center","background-size":"auto","background-attachment":"scroll","background-type":"","background-media":"","overlay-type":"","overlay-color":"","overlay-opacity":"","overlay-gradient":""},"mobile":{"background-color":"","background-image":"","background-repeat":"repeat","background-position":"center center","background-size":"auto","background-attachment":"scroll","background-type":"","background-media":"","overlay-type":"","overlay-color":"","overlay-opacity":"","overlay-gradient":""}},"ast-content-background-meta":{"desktop":{"background-color":"var(--ast-global-color-5)","background-image":"","background-repeat":"repeat","background-position":"center center","background-size":"auto","background-attachment":"scroll","background-type":"","background-media":"","overlay-type":"","overlay-color":"","overlay-opacity":"","overlay-gradient":""},"tablet":{"background-color":"var(--ast-global-color-5)","background-image":"","background-repeat":"repeat","background-position":"center center","background-size":"auto","background-attachment":"scroll","background-type":"","background-media":"","overlay-type":"","overlay-color":"","overlay-opacity":"","overlay-gradient":""},"mobile":{"background-color":"var(--ast-global-color-5)","background-image":"","background-repeat":"repeat","background-position":"center center","background-size":"auto","background-attachment":"scroll","background-type":"","background-media":"","overlay-type":"","overlay-color":"","overlay-opacity":"","overlay-gradient":""}},"footnotes":""},"categories":[8],"tags":[38754,38501,9674,17332],"class_list":["post-100123","post","type-post","status-publish","format-standard","has-post-thumbnail","hentry","category-noticias","tag-confirmacion-diego-san-roman","tag-feria-san-isidro-2025","tag-las-ventas","tag-toros-fuente-ymbro"],"_links":{"self":[{"href":"https:\/\/losperiodistas.com.mx\/portal\/wp-json\/wp\/v2\/posts\/100123","targetHints":{"allow":["GET"]}}],"collection":[{"href":"https:\/\/losperiodistas.com.mx\/portal\/wp-json\/wp\/v2\/posts"}],"about":[{"href":"https:\/\/losperiodistas.com.mx\/portal\/wp-json\/wp\/v2\/types\/post"}],"author":[{"embeddable":true,"href":"https:\/\/losperiodistas.com.mx\/portal\/wp-json\/wp\/v2\/users\/1"}],"replies":[{"embeddable":true,"href":"https:\/\/losperiodistas.com.mx\/portal\/wp-json\/wp\/v2\/comments?post=100123"}],"version-history":[{"count":2,"href":"https:\/\/losperiodistas.com.mx\/portal\/wp-json\/wp\/v2\/posts\/100123\/revisions"}],"predecessor-version":[{"id":100132,"href":"https:\/\/losperiodistas.com.mx\/portal\/wp-json\/wp\/v2\/posts\/100123\/revisions\/100132"}],"wp:featuredmedia":[{"embeddable":true,"href":"https:\/\/losperiodistas.com.mx\/portal\/wp-json\/wp\/v2\/media\/100124"}],"wp:attachment":[{"href":"https:\/\/losperiodistas.com.mx\/portal\/wp-json\/wp\/v2\/media?parent=100123"}],"wp:term":[{"taxonomy":"category","embeddable":true,"href":"https:\/\/losperiodistas.com.mx\/portal\/wp-json\/wp\/v2\/categories?post=100123"},{"taxonomy":"post_tag","embeddable":true,"href":"https:\/\/losperiodistas.com.mx\/portal\/wp-json\/wp\/v2\/tags?post=100123"}],"curies":[{"name":"wp","href":"https:\/\/api.w.org\/{rel}","templated":true}]}}