{"id":100046,"date":"2025-05-24T11:09:08","date_gmt":"2025-05-24T17:09:08","guid":{"rendered":"https:\/\/losperiodistas.com.mx\/portal\/?p=100046"},"modified":"2025-05-24T11:09:09","modified_gmt":"2025-05-24T17:09:09","slug":"estos-son-los-toros-elegidos-para-el-mano-a-mano-mas-esperado-en-las-ventas-la-razon","status":"publish","type":"post","link":"https:\/\/losperiodistas.com.mx\/portal\/estos-son-los-toros-elegidos-para-el-mano-a-mano-mas-esperado-en-las-ventas-la-razon\/","title":{"rendered":"Estos son los toros elegidos para el mano a mano m\u00e1s esperado en Las Ventas | La Raz\u00f3n"},"content":{"rendered":"\n<h2 class=\"wp-block-heading\">El hierro de Juan Pedro Domecq, sin\u00f3nimo de clase y temple, vuelve a Madrid con un encierro rematado para Ortega y Aguado. Una corrida que se juega tanto como los toreros<\/h2>\n\n\n\n<ul class=\"wp-block-list\">\n<li><a href=\"https:\/\/www.larazon.es\/cultura\/toros\/este-cartel-hoy-mas-esperado-san-isidro-sabado-24-espectaculares-toros-juan-pedro-domecq-horarios-donde-verlo_20250524683121f360a5ec34359ceeef.html\" target=\"_blank\" rel=\"noreferrer noopener\">Este es el cartel de hoy, el m\u00e1s esperado de San Isidro, s\u00e1bado 24, con los espectaculares toros de Juan Pedro Domecq (horarios y d\u00f3nde verlo)<\/a><\/li>\n<\/ul>\n\n\n\n<figure class=\"wp-block-image\"><img fetchpriority=\"high\" decoding=\"async\" width=\"1900\" height=\"1069\" src=\"https:\/\/losperiodistas.com.mx\/portal\/wp-content\/uploads\/2025\/05\/estos-son-toros-elegidos-mano-mano-mas-esperado-ventas_98-1.webp\" alt=\"Estos son los toros elegidos para el mano a mano m\u00e1s esperado en Las Ventas\" class=\"wp-image-100054\" srcset=\"https:\/\/losperiodistas.com.mx\/portal\/wp-content\/uploads\/2025\/05\/estos-son-toros-elegidos-mano-mano-mas-esperado-ventas_98-1.webp 1900w, https:\/\/losperiodistas.com.mx\/portal\/wp-content\/uploads\/2025\/05\/estos-son-toros-elegidos-mano-mano-mas-esperado-ventas_98-1-300x169.webp 300w, https:\/\/losperiodistas.com.mx\/portal\/wp-content\/uploads\/2025\/05\/estos-son-toros-elegidos-mano-mano-mas-esperado-ventas_98-1-1024x576.webp 1024w, https:\/\/losperiodistas.com.mx\/portal\/wp-content\/uploads\/2025\/05\/estos-son-toros-elegidos-mano-mano-mas-esperado-ventas_98-1-768x432.webp 768w, https:\/\/losperiodistas.com.mx\/portal\/wp-content\/uploads\/2025\/05\/estos-son-toros-elegidos-mano-mano-mas-esperado-ventas_98-1-1536x864.webp 1536w\" sizes=\"(max-width: 1900px) 100vw, 1900px\" \/><figcaption class=\"wp-element-caption\"><strong>Estos son los toros elegidos para el mano a mano m\u00e1s esperado en Las Ventas<\/strong> | Alfredo Ar\u00e9valoPlaza 1<\/figcaption><\/figure>\n\n\n\n<p class=\"has-vivid-red-color has-text-color has-link-color has-medium-font-size wp-elements-02e174ed0e1ed87c37790d0c7e77ab4e\"><strong><a href=\"https:\/\/www.larazon.es\/autores\/david-jaramillo\/\">David Jaramillo<\/a> \/ La Raz\u00f3n<\/strong><\/p>\n\n\n\n<p><\/p>\n\n\n\n<p>Ya est\u00e1n sorteados y enchiquerados los toros de&nbsp;<a href=\"https:\/\/www.larazon.es\/tags\/juan-pedro-domecq\/\" target=\"_blank\" rel=\"noreferrer noopener\">Juan Pedro Domecq<\/a>&nbsp;que se lidiar\u00e1n esta tarde en Las Ventas, y la expectaci\u00f3n es m\u00e1xima. El encierro, de imponente presencia y marcada armon\u00eda, luce el tipo cl\u00e1sico del encaste Domecq: fino, serio, y con ese aire de toro artista que tanto ha definido a esta ganader\u00eda a lo largo de las \u00faltimas d\u00e9cadas.<\/p>\n\n\n\n<h2 class=\"wp-block-heading\">M\u00e1s Noticias<\/h2>\n\n\n\n<ul class=\"wp-block-list\">\n<li><a href=\"https:\/\/www.larazon.es\/cultura\/toros\/que-corridas-toros-podran-ver-este-fin-semana-television_202505246831608854e3973a6020f3f6.html\">Toros y TV\u00bfQu\u00e9 corridas de toros se podr\u00e1n ver este fin de semana por televisi\u00f3n?<\/a><\/li>\n\n\n\n<li><a href=\"https:\/\/www.larazon.es\/cultura\/toros\/ayuso-defiende-toros-madrid-tauromaquia-pura-hispanidad_202505246831526260a5ec34359d0212.html\">DeclaracionesAyuso defiende los toros en Madrid: \u201cLa tauromaquia es pura hispanidad\u201d<\/a><\/li>\n\n\n\n<li><a href=\"https:\/\/www.larazon.es\/cultura\/toros\/este-cartel-hoy-mas-esperado-san-isidro-sabado-24-espectaculares-toros-juan-pedro-domecq-horarios-donde-verlo_20250524683121f360a5ec34359ceeef.html\">Las VentasEste es el cartel de hoy, el m\u00e1s esperado de San Isidro, s\u00e1bado 24, con los espectaculares toros de Juan Pedro Domecq (horarios y d\u00f3nde verlo)<\/a><\/li>\n<\/ul>\n\n\n\n<p>Una corrida de clase, en toda la extensi\u00f3n del t\u00e9rmino, que llega a Madrid para protagonizar una de las fechas m\u00e1s marcadas en rojo del calendario de&nbsp;<strong>San Isidro despu\u00e9s de impresionar en el ruedo sevillano con un juego bravo y lleno de matices,&nbsp;<\/strong>aunque tambi\u00e9n bastar\u00eda con recordar la buena corrida que ech\u00f3 en el pasado San Isidro.&nbsp;Sin embargo, tras reconocer hasta once toros del hierro sevillano, solo cinco han sido aprobados y el encierro ha sido remendado con un toro de Torrealta que se lidiar\u00e1 en sexto lugar.<\/p>\n\n\n\n<p>Este&nbsp;<strong>s\u00e1bado 24 de mayo<\/strong>, la plaza de toros de Las Ventas se prepara para recibir un&nbsp;<strong>mano a mano sevillano<\/strong>&nbsp;con acento de orfebrer\u00eda:&nbsp;<a href=\"https:\/\/www.larazon.es\/tags\/juan-ortega\/\" target=\"_blank\" rel=\"noreferrer noopener\">Juan Ortega<\/a>&nbsp;frente a&nbsp;<a href=\"https:\/\/www.larazon.es\/tags\/pablo-aguado\/\" target=\"_blank\" rel=\"noreferrer noopener\">Pablo Aguado<\/a>, con los seis toros de Juan Pedro como terreno com\u00fan y juez implacable. No es un enfrentamiento de estilos radicalmente opuestos, sino una confluencia de est\u00e9ticas. Ambos toreros comparten la b\u00fasqueda del toreo pausado, con gusto, de muletazo largo y ritmo medido. La diferencia, tal vez, est\u00e9 en la fragancia con la que cada uno lo expresa.<\/p>\n\n\n\n<p>El encierro de\u00a0<a href=\"https:\/\/www.larazon.es\/tags\/juan-pedro-domecq\/\" target=\"_blank\" rel=\"noreferrer noopener\">Juan Pedro Domecq<\/a>\u00a0a\u00f1ade un componente clave a la ecuaci\u00f3n. Madrid lo sabe: este hierro no admite medias tintas. Cuando embiste, emociona como pocos. Pero la exigencia de la plaza obliga a los toros a ir m\u00e1s all\u00e1 de la mera nobleza; se les pide duraci\u00f3n, transmisi\u00f3n, verdad. Y ese es, precisamente, el reto para la ganader\u00eda, que llega con la responsabilidad de sostener un cartel de m\u00e1ximo inter\u00e9s sin margen para las excusas.<\/p>\n\n\n\n<figure class=\"wp-block-embed is-type-video is-provider-youtube wp-block-embed-youtube wp-embed-aspect-16-9 wp-has-aspect-ratio\"><div class=\"wp-block-embed__wrapper\">\n<iframe title=\"Sorteados los toros de Juan Pedro Domecq y Torrealta para el mano a mano de Juan Ortega y Aguado\" width=\"500\" height=\"281\" src=\"https:\/\/www.youtube.com\/embed\/yteTT7DKVXE?feature=oembed\" frameborder=\"0\" allow=\"accelerometer; autoplay; clipboard-write; encrypted-media; gyroscope; picture-in-picture; web-share\" referrerpolicy=\"strict-origin-when-cross-origin\" allowfullscreen><\/iframe>\n<\/div><\/figure>\n\n\n\n<p><a href=\"https:\/\/www.outbrain.com\/what-is\/default\/es\"><\/a><\/p>\n\n\n\n<p>Para&nbsp;<a href=\"https:\/\/www.larazon.es\/tags\/juan-ortega\/\" target=\"_blank\" rel=\"noreferrer noopener\">Juan Ortega<\/a>, natural de Triana, ser\u00e1 su segunda y \u00faltima comparecencia en esta feria. Llega a Madrid con la necesidad de dejar la huella definitiva.&nbsp;Pablo Aguado, por su parte, tambi\u00e9n pisa hoy por segunda vez el albero vente\u00f1o en este ciclo tras dejar buen sabor en la reciente Feria de Abril sevillana.&nbsp;<strong>Ambos saben que la Monumental no se conforma con intenciones: exige rotundidad.<\/strong><\/p>\n\n\n\n<p>Este no es un cartel de gritos, sino de silencios. De los que se cortan con el vuelo de una muleta. Es una tarde para el aficionado que busca emoci\u00f3n sin estridencias, para quien sabe que el arte se mide en suspiros m\u00e1s que en decibelios. Y ah\u00ed est\u00e1 la grandeza de esta combinaci\u00f3n: dos toreros de aroma antiguo cruz\u00e1ndose en una plaza que no entiende de nostalgias, sino de realidades.<a href=\"https:\/\/www.outbrain.com\/what-is\/default\/es\"><\/a><\/p>\n\n\n\n<p>El festejo comenzar\u00e1 a las&nbsp;<strong>19:00 h<\/strong>. Las puertas de la plaza se abrir\u00e1n una hora antes. Para quienes no puedan asistir, el cartel ser\u00e1 retransmitido en directo por&nbsp;<a href=\"https:\/\/www.larazon.es\/tags\/telemadrid\/\" target=\"_blank\" rel=\"noreferrer noopener\">Telemadrid<\/a>,&nbsp;<strong>La 7 Regi\u00f3n de Murcia<\/strong>,&nbsp;<strong>Arag\u00f3n TV<\/strong>,&nbsp;<strong>CMMedia<\/strong>&nbsp;y&nbsp;<strong>Televisi\u00f3n de Aguascalientes<\/strong>. Una tarde de Madrid con acento sevillano, pero con el toro como centro de gravedad.<\/p>\n\n\n\n<h2 class=\"wp-block-heading\">Estos son los toros y el orden en que ser\u00e1n lidiados en Las Ventas para San Isidro<\/h2>\n\n\n\n<figure class=\"wp-block-embed is-type-rich is-provider-twitter wp-block-embed-twitter\"><div class=\"wp-block-embed__wrapper\">\n<blockquote class=\"twitter-tweet\" data-width=\"500\" data-dnt=\"true\"><p lang=\"es\" dir=\"ltr\">[\ud83d\udccb\ud835\udde2\ud835\udde5\ud835\uddd7\ud835\uddd8\ud835\udde1 \ud835\uddd7\ud835\uddd8 \ud835\udddf\ud835\udddc\ud835\uddd7\ud835\udddc\ud835\uddd4] Toros de \ud835\udc09.\ud835\udc0f\ud835\udc1e\ud835\udc1d\ud835\udc2b\ud835\udc28 \ud835\udc03\ud835\udc28\ud835\udc26\ud835\udc1e\ud835\udc1c\ud835\udc2a y \ud835\udc13\ud835\udc28\ud835\udc2b\ud835\udc2b\ud835\udc1e\ud835\udc1a\ud835\udc25\ud835\udc2d\ud835\udc1a (6\u00ba) para hoy en <a href=\"https:\/\/twitter.com\/hashtag\/LasVentas?src=hash&amp;ref_src=twsrc%5Etfw\">#LasVentas<\/a>. Juan Ortega y Pablo Aguado, mano a mano, los lidiar\u00e1n a las 19:00h. <a href=\"https:\/\/twitter.com\/hashtag\/SanIsidro2025?src=hash&amp;ref_src=twsrc%5Etfw\">#SanIsidro2025<\/a> <a href=\"https:\/\/t.co\/9Z8cAfyQkc\">pic.twitter.com\/9Z8cAfyQkc<\/a><\/p>&mdash; Plaza de Las Ventas (@LasVentas) <a href=\"https:\/\/twitter.com\/LasVentas\/status\/1926222539832934491?ref_src=twsrc%5Etfw\">May 24, 2025<\/a><\/blockquote><script async src=\"https:\/\/platform.twitter.com\/widgets.js\" charset=\"utf-8\"><\/script>\n<\/div><\/figure>\n\n\n\n<p><strong>Juan Ortega&nbsp;<\/strong>abrir\u00e1 la tarde con \u00abSolter\u00f3n\u00bb, n\u00ba 141.<\/p>\n\n\n\n<figure class=\"wp-block-image\"><img decoding=\"async\" width=\"1000\" height=\"567\" src=\"https:\/\/losperiodistas.com.mx\/portal\/wp-content\/uploads\/2025\/05\/solteron-141_58.webp\" alt=\"&quot;Solter\u00f3n&quot;, n\u00ba 141\" class=\"wp-image-100050\" srcset=\"https:\/\/losperiodistas.com.mx\/portal\/wp-content\/uploads\/2025\/05\/solteron-141_58.webp 1000w, https:\/\/losperiodistas.com.mx\/portal\/wp-content\/uploads\/2025\/05\/solteron-141_58-300x170.webp 300w, https:\/\/losperiodistas.com.mx\/portal\/wp-content\/uploads\/2025\/05\/solteron-141_58-768x435.webp 768w\" sizes=\"(max-width: 1000px) 100vw, 1000px\" \/><figcaption class=\"wp-element-caption\"><strong>\u00abSolter\u00f3n\u00bb, n\u00ba 141<\/strong>Alfredo Ar\u00e9valoPlaza 1<\/figcaption><\/figure>\n\n\n\n<p>El segundo, para&nbsp;<strong>Pablo Aguado,&nbsp;<\/strong>ser\u00e1 \u00abMartilleo\u00bb, n\u00ba 185.<\/p>\n\n\n\n<figure class=\"wp-block-image\"><img decoding=\"async\" width=\"1000\" height=\"567\" src=\"https:\/\/losperiodistas.com.mx\/portal\/wp-content\/uploads\/2025\/05\/martilleo-185_58.webp\" alt=\"&quot;Martilleo&quot;, n\u00ba 185\" class=\"wp-image-100053\" srcset=\"https:\/\/losperiodistas.com.mx\/portal\/wp-content\/uploads\/2025\/05\/martilleo-185_58.webp 1000w, https:\/\/losperiodistas.com.mx\/portal\/wp-content\/uploads\/2025\/05\/martilleo-185_58-300x170.webp 300w, https:\/\/losperiodistas.com.mx\/portal\/wp-content\/uploads\/2025\/05\/martilleo-185_58-768x435.webp 768w\" sizes=\"(max-width: 1000px) 100vw, 1000px\" \/><figcaption class=\"wp-element-caption\"><strong>\u00abMartilleo\u00bb, n\u00ba 185<\/strong>Alfredo Ar\u00e9valoPlaza 1<\/figcaption><\/figure>\n\n\n\n<p>En tercer lugar saldr\u00e1 \u00abOxidado\u00bb, n\u00ba 166, para&nbsp;<strong>Juan Ortega.<\/strong><\/p>\n\n\n\n<figure class=\"wp-block-image\"><img loading=\"lazy\" decoding=\"async\" width=\"1000\" height=\"567\" src=\"https:\/\/losperiodistas.com.mx\/portal\/wp-content\/uploads\/2025\/05\/oxidado-166_58.webp\" alt=\"&quot;Oxidado&quot;, n\u00ba 166\" class=\"wp-image-100052\" srcset=\"https:\/\/losperiodistas.com.mx\/portal\/wp-content\/uploads\/2025\/05\/oxidado-166_58.webp 1000w, https:\/\/losperiodistas.com.mx\/portal\/wp-content\/uploads\/2025\/05\/oxidado-166_58-300x170.webp 300w, https:\/\/losperiodistas.com.mx\/portal\/wp-content\/uploads\/2025\/05\/oxidado-166_58-768x435.webp 768w\" sizes=\"(max-width: 1000px) 100vw, 1000px\" \/><figcaption class=\"wp-element-caption\"><strong>\u00abOxidado\u00bb, n\u00ba 166<\/strong>Alfredo Ar\u00e9valoPlaza 1<\/figcaption><\/figure>\n\n\n\n<p>El cuatro turno ser\u00e1 para \u00abSamurai\u00bb, n\u00ba 140, que ser\u00e1 lidiado por&nbsp;<strong>Pablo Aguado.<\/strong><\/p>\n\n\n\n<figure class=\"wp-block-image\"><img loading=\"lazy\" decoding=\"async\" width=\"1000\" height=\"567\" src=\"https:\/\/losperiodistas.com.mx\/portal\/wp-content\/uploads\/2025\/05\/samurai-140_58.webp\" alt=\"&quot;Samurai&quot;, n\u00ba 140\" class=\"wp-image-100048\" srcset=\"https:\/\/losperiodistas.com.mx\/portal\/wp-content\/uploads\/2025\/05\/samurai-140_58.webp 1000w, https:\/\/losperiodistas.com.mx\/portal\/wp-content\/uploads\/2025\/05\/samurai-140_58-300x170.webp 300w, https:\/\/losperiodistas.com.mx\/portal\/wp-content\/uploads\/2025\/05\/samurai-140_58-768x435.webp 768w\" sizes=\"(max-width: 1000px) 100vw, 1000px\" \/><figcaption class=\"wp-element-caption\"><strong>\u00abSamurai\u00bb, n\u00ba 140<\/strong>Alfredo Ar\u00e9valoPlaza 1<\/figcaption><\/figure>\n\n\n\n<p><strong>Juan Ortega&nbsp;<\/strong>cerrar\u00e1 su actuaci\u00f3n con el quinto, \u00abAdivino\u00bb, n\u00ba 178.<\/p>\n\n\n\n<figure class=\"wp-block-image\"><img loading=\"lazy\" decoding=\"async\" width=\"1000\" height=\"567\" src=\"https:\/\/losperiodistas.com.mx\/portal\/wp-content\/uploads\/2025\/05\/adivino-178_58.webp\" alt=\"&quot;Adivino&quot;, n\u00ba 178\" class=\"wp-image-100051\" srcset=\"https:\/\/losperiodistas.com.mx\/portal\/wp-content\/uploads\/2025\/05\/adivino-178_58.webp 1000w, https:\/\/losperiodistas.com.mx\/portal\/wp-content\/uploads\/2025\/05\/adivino-178_58-300x170.webp 300w, https:\/\/losperiodistas.com.mx\/portal\/wp-content\/uploads\/2025\/05\/adivino-178_58-768x435.webp 768w\" sizes=\"(max-width: 1000px) 100vw, 1000px\" \/><figcaption class=\"wp-element-caption\"><strong>\u00abAdivino\u00bb, n\u00ba 178<\/strong>Alfredo Ar\u00e9valoPlaza 1<\/figcaption><\/figure>\n\n\n\n<p>Y el \u00faltimo, de&nbsp;<em>Torrealta,<\/em>&nbsp;ser\u00e1 \u00abTorbellino\u00bb, n\u00ba 50, para&nbsp;<strong>Pablo Aguado.<\/strong><\/p>\n\n\n\n<figure class=\"wp-block-image\"><img loading=\"lazy\" decoding=\"async\" width=\"1000\" height=\"567\" src=\"https:\/\/losperiodistas.com.mx\/portal\/wp-content\/uploads\/2025\/05\/torbellino-50_58.webp\" alt=\"&quot;Torbellino&quot;, n\u00ba 50\" class=\"wp-image-100049\" srcset=\"https:\/\/losperiodistas.com.mx\/portal\/wp-content\/uploads\/2025\/05\/torbellino-50_58.webp 1000w, https:\/\/losperiodistas.com.mx\/portal\/wp-content\/uploads\/2025\/05\/torbellino-50_58-300x170.webp 300w, https:\/\/losperiodistas.com.mx\/portal\/wp-content\/uploads\/2025\/05\/torbellino-50_58-768x435.webp 768w\" sizes=\"(max-width: 1000px) 100vw, 1000px\" \/><figcaption class=\"wp-element-caption\"><strong>\u00abTorbellino\u00bb, n\u00ba 50<\/strong>Alfredo Ar\u00e9valoPlaza 1<\/figcaption><\/figure>\n\n\n\n<p>El primer sobrero rese\u00f1ado pertenece al hierro de&nbsp;<em>Ave Mar\u00eda,&nbsp;<\/em>\u00abEsparraguero\u00bb, n\u00ba 56, y el segundo, de&nbsp;<em>Torrealta,&nbsp;<\/em>es \u00abCurioso\u00bb, n\u00ba 41.<\/p>\n\n\n\n<p>Fuente: <a href=\"https:\/\/www.larazon.es\/cultura\/toros\/estos-son-toros-elegidos-mano-mano-mas-esperado-ventas_202505246831ac9c60a5ec34359d34d5.html\">https:\/\/www.larazon.es\/cultura\/toros\/estos-son-toros-elegidos-mano-mano-mas-esperado-ventas_202505246831ac9c60a5ec34359d34d5.html<\/a><\/p>\n","protected":false},"excerpt":{"rendered":"<p>El hierro de Juan Pedro Domecq, sin\u00f3nimo de clase y temple, vuelve a Madrid con un encierro rematado para Ortega [&hellip;]<\/p>\n","protected":false},"author":1,"featured_media":100047,"comment_status":"open","ping_status":"open","sticky":false,"template":"","format":"standard","meta":{"site-sidebar-layout":"default","site-content-layout":"","ast-site-content-layout":"default","site-content-style":"default","site-sidebar-style":"default","ast-global-header-display":"","ast-banner-title-visibility":"","ast-main-header-display":"","ast-hfb-above-header-display":"","ast-hfb-below-header-display":"","ast-hfb-mobile-header-display":"","site-post-title":"","ast-breadcrumbs-content":"","ast-featured-img":"","footer-sml-layout":"","theme-transparent-header-meta":"","adv-header-id-meta":"","stick-header-meta":"","header-above-stick-meta":"","header-main-stick-meta":"","header-below-stick-meta":"","astra-migrate-meta-layouts":"default","ast-page-background-enabled":"default","ast-page-background-meta":{"desktop":{"background-color":"var(--ast-global-color-4)","background-image":"","background-repeat":"repeat","background-position":"center center","background-size":"auto","background-attachment":"scroll","background-type":"","background-media":"","overlay-type":"","overlay-color":"","overlay-opacity":"","overlay-gradient":""},"tablet":{"background-color":"","background-image":"","background-repeat":"repeat","background-position":"center center","background-size":"auto","background-attachment":"scroll","background-type":"","background-media":"","overlay-type":"","overlay-color":"","overlay-opacity":"","overlay-gradient":""},"mobile":{"background-color":"","background-image":"","background-repeat":"repeat","background-position":"center center","background-size":"auto","background-attachment":"scroll","background-type":"","background-media":"","overlay-type":"","overlay-color":"","overlay-opacity":"","overlay-gradient":""}},"ast-content-background-meta":{"desktop":{"background-color":"var(--ast-global-color-5)","background-image":"","background-repeat":"repeat","background-position":"center center","background-size":"auto","background-attachment":"scroll","background-type":"","background-media":"","overlay-type":"","overlay-color":"","overlay-opacity":"","overlay-gradient":""},"tablet":{"background-color":"var(--ast-global-color-5)","background-image":"","background-repeat":"repeat","background-position":"center center","background-size":"auto","background-attachment":"scroll","background-type":"","background-media":"","overlay-type":"","overlay-color":"","overlay-opacity":"","overlay-gradient":""},"mobile":{"background-color":"var(--ast-global-color-5)","background-image":"","background-repeat":"repeat","background-position":"center center","background-size":"auto","background-attachment":"scroll","background-type":"","background-media":"","overlay-type":"","overlay-color":"","overlay-opacity":"","overlay-gradient":""}},"footnotes":""},"categories":[8],"tags":[38709,9674,38711,38712,38710],"class_list":["post-100046","post","type-post","status-publish","format-standard","has-post-thumbnail","hentry","category-noticias","tag-feria-de-san-isidro-2025","tag-las-ventas","tag-matador-juan-ortega","tag-matador-pablo-aguado","tag-toros-de-juan-pedro-domecq"],"_links":{"self":[{"href":"https:\/\/losperiodistas.com.mx\/portal\/wp-json\/wp\/v2\/posts\/100046","targetHints":{"allow":["GET"]}}],"collection":[{"href":"https:\/\/losperiodistas.com.mx\/portal\/wp-json\/wp\/v2\/posts"}],"about":[{"href":"https:\/\/losperiodistas.com.mx\/portal\/wp-json\/wp\/v2\/types\/post"}],"author":[{"embeddable":true,"href":"https:\/\/losperiodistas.com.mx\/portal\/wp-json\/wp\/v2\/users\/1"}],"replies":[{"embeddable":true,"href":"https:\/\/losperiodistas.com.mx\/portal\/wp-json\/wp\/v2\/comments?post=100046"}],"version-history":[{"count":1,"href":"https:\/\/losperiodistas.com.mx\/portal\/wp-json\/wp\/v2\/posts\/100046\/revisions"}],"predecessor-version":[{"id":100055,"href":"https:\/\/losperiodistas.com.mx\/portal\/wp-json\/wp\/v2\/posts\/100046\/revisions\/100055"}],"wp:featuredmedia":[{"embeddable":true,"href":"https:\/\/losperiodistas.com.mx\/portal\/wp-json\/wp\/v2\/media\/100047"}],"wp:attachment":[{"href":"https:\/\/losperiodistas.com.mx\/portal\/wp-json\/wp\/v2\/media?parent=100046"}],"wp:term":[{"taxonomy":"category","embeddable":true,"href":"https:\/\/losperiodistas.com.mx\/portal\/wp-json\/wp\/v2\/categories?post=100046"},{"taxonomy":"post_tag","embeddable":true,"href":"https:\/\/losperiodistas.com.mx\/portal\/wp-json\/wp\/v2\/tags?post=100046"}],"curies":[{"name":"wp","href":"https:\/\/api.w.org\/{rel}","templated":true}]}}