{"id":100039,"date":"2025-05-24T10:38:38","date_gmt":"2025-05-24T16:38:38","guid":{"rendered":"https:\/\/losperiodistas.com.mx\/portal\/?p=100039"},"modified":"2025-05-24T10:38:39","modified_gmt":"2025-05-24T16:38:39","slug":"f1-monaco-2025-norris-toma-la-pole-sobre-leclerc-colapinto-sale-18-motorsport","status":"publish","type":"post","link":"https:\/\/losperiodistas.com.mx\/portal\/f1-monaco-2025-norris-toma-la-pole-sobre-leclerc-colapinto-sale-18-motorsport\/","title":{"rendered":"F1 M\u00f3naco 2025: Norris toma la pole sobre Leclerc; Colapinto sale 18\u00b0 | Motorsport"},"content":{"rendered":"\n<h2 class=\"wp-block-heading\">Lando Norris tom\u00f3 la pole position sobre Charles Leclerc para la carrera de M\u00f3naco. Franco Colapinto arrancar\u00e1 desde la parte trasera.<\/h2>\n\n\n\n<figure class=\"wp-block-image size-large\"><img fetchpriority=\"high\" decoding=\"async\" width=\"1024\" height=\"682\" src=\"https:\/\/losperiodistas.com.mx\/portal\/wp-content\/uploads\/2025\/05\/lando-norris-mclaren-1024x682.jpeg\" alt=\"\" class=\"wp-image-100040\" srcset=\"https:\/\/losperiodistas.com.mx\/portal\/wp-content\/uploads\/2025\/05\/lando-norris-mclaren-1024x682.jpeg 1024w, https:\/\/losperiodistas.com.mx\/portal\/wp-content\/uploads\/2025\/05\/lando-norris-mclaren-300x200.jpeg 300w, https:\/\/losperiodistas.com.mx\/portal\/wp-content\/uploads\/2025\/05\/lando-norris-mclaren-768x511.jpeg 768w, https:\/\/losperiodistas.com.mx\/portal\/wp-content\/uploads\/2025\/05\/lando-norris-mclaren.jpeg 1200w\" sizes=\"(max-width: 1024px) 100vw, 1024px\" \/><figcaption class=\"wp-element-caption\">Lando Norris, McLaren | Foto de: Peter Fox<\/figcaption><\/figure>\n\n\n\n<p class=\"has-vivid-red-color has-text-color has-link-color has-medium-font-size wp-elements-d2b81686be9d13e4e0cfbbf05df43219\"><strong><a href=\"https:\/\/lat.motorsport.com\/info\/about-us\/luis_ram%C3%ADrez\/97380\/\">Luis Ram\u00edrez<\/a> \/ Motorsport<\/strong><\/p>\n\n\n\n<p><\/p>\n\n\n\n<p><a href=\"https:\/\/lat.motorsport.com\/driver\/lando-norris\/468557\/\" target=\"_blank\" rel=\"noreferrer noopener\">Lando Norris<\/a>&nbsp;derrot\u00f3 en el \u00faltimo segundo a&nbsp;<a href=\"https:\/\/lat.motorsport.com\/driver\/charles-leclerc\/467889\/\" target=\"_blank\" rel=\"noreferrer noopener\">Charles Leclerc<\/a>&nbsp;para tomar la pole position para el Gran Premio de M\u00f3naco 2025, esto mientras&nbsp;<a href=\"https:\/\/lat.motorsport.com\/driver\/franco-colapinto\/875930\/\" target=\"_blank\" rel=\"noreferrer noopener\">Franco Colapinto<\/a>&nbsp;tuvo complicaciones en la sesi\u00f3n del s\u00e1bado.&nbsp;<\/p>\n\n\n\n<h2 class=\"wp-block-heading\">Q1<\/h2>\n\n\n\n<p>En la primera ronda de clasificaci\u00f3n el\u00a0<a href=\"https:\/\/lat.motorsport.com\/team\/scuderia-ferrari\/25733\/\" target=\"_blank\" rel=\"noreferrer noopener\">Ferrari<\/a>\u00a0de Charles Leclerc se puso en la cima con un tiempo de 1m11.229s gracias al uso de un set de gomas blandas superando por 0.056s a Lando Norris y a\u00a0<a href=\"https:\/\/lat.motorsport.com\/driver\/oscar-piastri\/828724\/\" target=\"_blank\" rel=\"noreferrer noopener\">Oscar Piastri<\/a>\u00a0quien result\u00f3 tercero a 0.079s.<\/p>\n\n\n\n<p>&#8216;Earnhardt&#8217;: Dale Jr. and Kelley talk about their relationship as kids&#8217;Earnhardt&#8217;: Dale Jr. and Kelley talk about their relationship as kids<\/p>\n\n\n\n<p><a href=\"https:\/\/lat.motorsport.com\/driver\/max-verstappen\/465982\/\" target=\"_blank\" rel=\"noreferrer noopener\">Max Verstappen<\/a>, quien al inicio de la tanda fue el puntero, finaliz\u00f3 cuarto seguido por el&nbsp;<a href=\"https:\/\/lat.motorsport.com\/team\/mercedes-amg-f1\/25731\/\" target=\"_blank\" rel=\"noreferrer noopener\">Mercedes<\/a>&nbsp;de&nbsp;<a href=\"https:\/\/lat.motorsport.com\/driver\/george-russell\/468543\/\" target=\"_blank\" rel=\"noreferrer noopener\">George Russell<\/a>&nbsp;con los cinco primeros.<\/p>\n\n\n\n<p>La ronda ha visto a varios novatos eliminados en la Q1 como Gabriel Bortoleto y su Sauber que quedaron en la posici\u00f3n 16, esto contra el 14\u00b0 puesto de&nbsp;<a href=\"https:\/\/lat.motorsport.com\/driver\/nico-hulkenberg\/467162\/\" target=\"_blank\" rel=\"noreferrer noopener\">Nico Hulkenberg<\/a>.&nbsp;<a href=\"https:\/\/lat.motorsport.com\/driver\/oliver-bearman\/877696\/\" target=\"_blank\" rel=\"noreferrer noopener\">Oliver Bearman<\/a>&nbsp;tambi\u00e9n qued\u00f3 fuera seguido por el&nbsp;<a href=\"https:\/\/lat.motorsport.com\/team\/alpine\/37484\/\" target=\"_blank\" rel=\"noreferrer noopener\">Alpine<\/a>&nbsp;de&nbsp;<a href=\"https:\/\/lat.motorsport.com\/driver\/pierre-gasly\/469687\/\" target=\"_blank\" rel=\"noreferrer noopener\">Pierre Gasly<\/a>&nbsp;y el Aston Martin de&nbsp;<a href=\"https:\/\/lat.motorsport.com\/driver\/lance-stroll\/467151\/\" target=\"_blank\" rel=\"noreferrer noopener\">Lance Stroll<\/a>.<\/p>\n\n\n\n<p>La \u00faltima posici\u00f3n fue ocupada por el argentino Franco Colapinto que qued\u00f3 a 1.3 segundos de Leclerc. El sudamericano intent\u00f3 primero con un set de medios antes de colocar los blandos con los cuales no mejor\u00f3 su registro de 1m12.597s. El competidor de Alpine arrancar\u00e1 18 tras las sanciones de Stroll y Bearman ascendiendo junto a su compa\u00f1ero franc\u00e9s.<\/p>\n\n\n\n<p><a href=\"https:\/\/lat.motorsport.com\/driver\/andrea-kimi-antonelli\/879465\/\" target=\"_blank\" rel=\"noreferrer noopener\">Andrea Kimi Antonelli<\/a>&nbsp;clasific\u00f3 a su Mercedes en la posici\u00f3n 15, pero ha sufrido un accidente cuando la bandera de cuadros ya ondeaba. El italiano no tom\u00f3 parte en la Q2.<\/p>\n\n\n\n<h2 class=\"wp-block-heading\">Q2&nbsp;<\/h2>\n\n\n\n<p>La segunda ronda de eliminaci\u00f3n vio de inmediato a Norris colocarse en la punta con 1m10.959s superando a Verstappen y Leclerc.&nbsp;<\/p>\n\n\n\n<p>La sesi\u00f3n pronto pas\u00f3 a bandera roja cuando el Mercedes de George Russell se qued\u00f3 detenido en el t\u00fanel dejando al brit\u00e1nico en la posici\u00f3n 14 de arranque para el domingo, por delante de Antonelli.&nbsp;<\/p>\n\n\n\n<p>Con 10 minutos en el contador la sesi\u00f3n reinici\u00f3 y de inmediato la mayor\u00edoa coloc\u00f3 gomas blandas, a excepci\u00f3n de los&nbsp;<a href=\"https:\/\/lat.motorsport.com\/team\/williams\/25737\/\" target=\"_blank\" rel=\"noreferrer noopener\">Williams<\/a>&nbsp;y el Aston Marin de&nbsp;<a href=\"https:\/\/lat.motorsport.com\/driver\/fernando-alonso\/463645\/\" target=\"_blank\" rel=\"noreferrer noopener\">Fernando Alonso<\/a>&nbsp;que apostaron por los medios.&nbsp;<\/p>\n\n\n\n<figure class=\"wp-block-embed is-type-video is-provider-youtube wp-block-embed-youtube wp-embed-aspect-16-9 wp-has-aspect-ratio\"><div class=\"wp-block-embed__wrapper\">\n<iframe title=\"C\u00d3MO UN EQUIPO DE F1 PERDI\u00d3 UN DIAMANTE DE 300 MIL D\u00d3LARES EN M\u00d3NACO 2004\" width=\"500\" height=\"281\" src=\"https:\/\/www.youtube.com\/embed\/tyvs_lyjJP4?feature=oembed\" frameborder=\"0\" allow=\"accelerometer; autoplay; clipboard-write; encrypted-media; gyroscope; picture-in-picture; web-share\" referrerpolicy=\"strict-origin-when-cross-origin\" allowfullscreen><\/iframe>\n<\/div><\/figure>\n\n\n\n<p>Watch: C\u00d3MO UN EQUIPO DE F1 PERDI\u00d3 UN DIAMANTE DE 300 MIL D\u00d3LARES EN M\u00d3NACO 2004<\/p>\n\n\n\n<p>Norris mejor\u00f3 su tiempo a 1m10.570s superando por 0.011s al Ferrari de Leclerc con Hamilton coloc\u00e1ndose tercero a tres d\u00e9cimas del puntero. Piastri y&nbsp;<a href=\"https:\/\/lat.motorsport.com\/driver\/alex-albon\/468536\/\" target=\"_blank\" rel=\"noreferrer noopener\">Alex Albon<\/a>&nbsp;cerraban los primeros cinco. En la parte baja ya hab\u00eda dos eliminados con los Mercedes fuera de acci\u00f3n, por lo que solo queda definir del puesto 11 al 13 donde estaban&nbsp;<a href=\"https:\/\/lat.motorsport.com\/driver\/isack-hadjar\/945265\/\" target=\"_blank\" rel=\"noreferrer noopener\">Isack Hadjar<\/a>, Nico Hulkenberg y&nbsp;<a href=\"https:\/\/lat.motorsport.com\/driver\/esteban-ocon\/463655\/\" target=\"_blank\" rel=\"noreferrer noopener\">Esteban Ocon<\/a>&nbsp;peleando por la supervivencia ante un&nbsp;<a href=\"https:\/\/lat.motorsport.com\/driver\/yuki-tsunoda\/828556\/\" target=\"_blank\" rel=\"noreferrer noopener\">Yuki Tsunoda<\/a>&nbsp;y su Red Bull que ocupaban el d\u00e9cimo momentaneo.&nbsp;<\/p>\n\n\n\n<p>Los \u00faltimos intentos vieron un cambio importante en las posiciones con Sainz cayendo con su Williams hasta el puesto 11 seguido por Tsunoda, quien perdi\u00f3 el d\u00e9cimo para situarse 12. Hulkenberg finaliz\u00f3 13.&nbsp;<\/p>\n\n\n\n<p>Hadjar salt\u00f3 al s\u00e9ptimo en su intento final por delante de Alonso y de Lawson. Ocon cerr\u00f3 los 10 mejores.<\/p>\n\n\n\n<h2 class=\"wp-block-heading\">Q3&nbsp;<\/h2>\n\n\n\n<p>En el primer intento, Oscar Piastri se coloc\u00f3 en la cima con 1m10.531s, pero cay\u00f3 al segundo cuando Norris sali\u00f3 a pista y le aventaj\u00f3 por 0.067s con un giro de 1m10.464s. Leclerc se ubic\u00f3 tercero con Verstappen y Hamilton cerrando los cinco primeros.&nbsp;<\/p>\n\n\n\n<p>En la segunda ronda, Piastri se volvi\u00f3 a colocar en la cioma con 1m10.140s, pero Norris respondi\u00f3 con 1m10.125s para ascender a la pole con una ventaja de 0.015s.&nbsp;<\/p>\n\n\n\n<p>A 30 segundos de la bandera de cuadros Leclerc reclamaba la pole provisional con un registro de 1m10.063s, pero de inmediato Norris respondi\u00f3 para retomar la punta con un registro de 1m09.954s superando al local por 0.109s.&nbsp;<\/p>\n\n\n\n<p>Piastri qued\u00f3 tercero a 0.175s de lo hecho por su compa\u00f1ero en McLaren.&nbsp;<a href=\"https:\/\/lat.motorsport.com\/driver\/lewis-hamilton\/464818\/\" target=\"_blank\" rel=\"noreferrer noopener\">Lewis Hamilton<\/a>&nbsp;y Max Verstappen cerraron los cinco primeros.&nbsp;<\/p>\n\n\n\n<p><a href=\"https:\/\/lat.motorsport.com\/f1\/results\/2025\/gp-de-monaco-653359\/?st=Q3\">VER LOS RESULTADOS COMPLETOS <\/a><\/p>\n\n\n\n<p>Fuente: <a href=\"https:\/\/lat.motorsport.com\/f1\/news\/f1-monaco-2025-norris-pole-colapinto-resultados-clasificacion\/10726111\/\">https:\/\/lat.motorsport.com\/f1\/news\/f1-monaco-2025-norris-pole-colapinto-resultados-clasificacion\/10726111\/<\/a><\/p>\n\n\n\n<p><\/p>\n","protected":false},"excerpt":{"rendered":"<p>Lando Norris tom\u00f3 la pole position sobre Charles Leclerc para la carrera de M\u00f3naco. Franco Colapinto arrancar\u00e1 desde la parte [&hellip;]<\/p>\n","protected":false},"author":1,"featured_media":100041,"comment_status":"open","ping_status":"open","sticky":false,"template":"","format":"standard","meta":{"site-sidebar-layout":"default","site-content-layout":"","ast-site-content-layout":"default","site-content-style":"default","site-sidebar-style":"default","ast-global-header-display":"","ast-banner-title-visibility":"","ast-main-header-display":"","ast-hfb-above-header-display":"","ast-hfb-below-header-display":"","ast-hfb-mobile-header-display":"","site-post-title":"","ast-breadcrumbs-content":"","ast-featured-img":"","footer-sml-layout":"","theme-transparent-header-meta":"","adv-header-id-meta":"","stick-header-meta":"","header-above-stick-meta":"","header-main-stick-meta":"","header-below-stick-meta":"","astra-migrate-meta-layouts":"default","ast-page-background-enabled":"default","ast-page-background-meta":{"desktop":{"background-color":"var(--ast-global-color-4)","background-image":"","background-repeat":"repeat","background-position":"center center","background-size":"auto","background-attachment":"scroll","background-type":"","background-media":"","overlay-type":"","overlay-color":"","overlay-opacity":"","overlay-gradient":""},"tablet":{"background-color":"","background-image":"","background-repeat":"repeat","background-position":"center center","background-size":"auto","background-attachment":"scroll","background-type":"","background-media":"","overlay-type":"","overlay-color":"","overlay-opacity":"","overlay-gradient":""},"mobile":{"background-color":"","background-image":"","background-repeat":"repeat","background-position":"center center","background-size":"auto","background-attachment":"scroll","background-type":"","background-media":"","overlay-type":"","overlay-color":"","overlay-opacity":"","overlay-gradient":""}},"ast-content-background-meta":{"desktop":{"background-color":"var(--ast-global-color-5)","background-image":"","background-repeat":"repeat","background-position":"center center","background-size":"auto","background-attachment":"scroll","background-type":"","background-media":"","overlay-type":"","overlay-color":"","overlay-opacity":"","overlay-gradient":""},"tablet":{"background-color":"var(--ast-global-color-5)","background-image":"","background-repeat":"repeat","background-position":"center center","background-size":"auto","background-attachment":"scroll","background-type":"","background-media":"","overlay-type":"","overlay-color":"","overlay-opacity":"","overlay-gradient":""},"mobile":{"background-color":"var(--ast-global-color-5)","background-image":"","background-repeat":"repeat","background-position":"center center","background-size":"auto","background-attachment":"scroll","background-type":"","background-media":"","overlay-type":"","overlay-color":"","overlay-opacity":"","overlay-gradient":""}},"footnotes":""},"categories":[8],"tags":[8026,38708,7681,9418],"class_list":["post-100039","post","type-post","status-publish","format-standard","has-post-thumbnail","hentry","category-noticias","tag-ferrari","tag-gran-premio-de-monaco","tag-lando-norris","tag-leclerc"],"_links":{"self":[{"href":"https:\/\/losperiodistas.com.mx\/portal\/wp-json\/wp\/v2\/posts\/100039","targetHints":{"allow":["GET"]}}],"collection":[{"href":"https:\/\/losperiodistas.com.mx\/portal\/wp-json\/wp\/v2\/posts"}],"about":[{"href":"https:\/\/losperiodistas.com.mx\/portal\/wp-json\/wp\/v2\/types\/post"}],"author":[{"embeddable":true,"href":"https:\/\/losperiodistas.com.mx\/portal\/wp-json\/wp\/v2\/users\/1"}],"replies":[{"embeddable":true,"href":"https:\/\/losperiodistas.com.mx\/portal\/wp-json\/wp\/v2\/comments?post=100039"}],"version-history":[{"count":1,"href":"https:\/\/losperiodistas.com.mx\/portal\/wp-json\/wp\/v2\/posts\/100039\/revisions"}],"predecessor-version":[{"id":100042,"href":"https:\/\/losperiodistas.com.mx\/portal\/wp-json\/wp\/v2\/posts\/100039\/revisions\/100042"}],"wp:featuredmedia":[{"embeddable":true,"href":"https:\/\/losperiodistas.com.mx\/portal\/wp-json\/wp\/v2\/media\/100041"}],"wp:attachment":[{"href":"https:\/\/losperiodistas.com.mx\/portal\/wp-json\/wp\/v2\/media?parent=100039"}],"wp:term":[{"taxonomy":"category","embeddable":true,"href":"https:\/\/losperiodistas.com.mx\/portal\/wp-json\/wp\/v2\/categories?post=100039"},{"taxonomy":"post_tag","embeddable":true,"href":"https:\/\/losperiodistas.com.mx\/portal\/wp-json\/wp\/v2\/tags?post=100039"}],"curies":[{"name":"wp","href":"https:\/\/api.w.org\/{rel}","templated":true}]}}