{"id":100036,"date":"2025-05-24T09:59:54","date_gmt":"2025-05-24T15:59:54","guid":{"rendered":"https:\/\/losperiodistas.com.mx\/portal\/?p=100036"},"modified":"2025-05-24T09:59:55","modified_gmt":"2025-05-24T15:59:55","slug":"episcopado-mexicano-preocupado-porque-el-poder-judicial-quede-en-manos-del-crimen-organizado-religion-digital","status":"publish","type":"post","link":"https:\/\/losperiodistas.com.mx\/portal\/episcopado-mexicano-preocupado-porque-el-poder-judicial-quede-en-manos-del-crimen-organizado-religion-digital\/","title":{"rendered":"Episcopado Mexicano, preocupado porque el Poder Judicial quede en manos del crimen organizado | Religi\u00f3n Digital"},"content":{"rendered":"\n<h2 class=\"wp-block-heading has-luminous-vivid-amber-background-color has-background\">La Conferencia del Episcopado Mexicano (CEM), se pronunci\u00f3 sobre la pr\u00f3xima elecci\u00f3n judicial que se llevar\u00e1 acabo en el pa\u00eds el pr\u00f3ximo 1 de junio.<\/h2>\n\n\n\n<h2 class=\"wp-block-heading\">El presidente de la CEM, Mons. Ram\u00f3n Castro Castro asegur\u00f3 que no pueden callar ante la violencia que desangra el pa\u00eds, que diariamente llora por las v\u00edctimas de la delincuencia, de la corrupci\u00f3n, de la impunidad y del miedo.<\/h2>\n\n\n\n<figure class=\"wp-block-image\"><img decoding=\"async\" src=\"https:\/\/www.religiondigital.org\/2025\/05\/23\/america\/Episcopado-Mexicano-preocupado-Poder-Judicial_2781931789_17744588_660x371.jpg\" alt=\"Episcopado Mexicano preocupado porque Poder Judicial quede en manos del crimen organizado\"\/><figcaption class=\"wp-element-caption\">Episcopado Mexicano preocupado porque Poder Judicial quede en manos del crimen organizado<\/figcaption><\/figure>\n\n\n\n<p class=\"has-vivid-red-color has-text-color has-link-color has-medium-font-size wp-elements-3996fe0ce1f0cb84851895d556bacc56\"><strong><a href=\"https:\/\/www.religiondigital.org\/jimena_hernandez_-mexico\/\">Jimena Hern\u00e1ndez corresponsal en M\u00e9xico<\/a> \/ Religi\u00f3n Digital<\/strong><\/p>\n\n\n\n<p><strong>El primero de junio, M\u00e9xico vivir\u00e1 un proceso electoral<\/strong>&nbsp;que ha causado muchas dudas en la poblaci\u00f3n, ya que tendr\u00e1 que elegir 881 cargos, entre ellos 9 ministros de la Suprema Corte de Justicia de la Naci\u00f3n y m\u00e1s de 400 jueces de distrito.<\/p>\n\n\n\n<p>Adem\u00e1s de la complejidad de la votaci\u00f3n, se suma que organizaciones de la sociedad civil han denunciado que algunos de los candidatos tienen nexos con el crimen organizado, ya que son o han sido sus defensores, por lo cual est\u00e1n siendo impulsados para ganar.<\/p>\n\n\n\n<p>Ante esta situaci\u00f3n, Mons. Castro se\u00f1al\u00f3 que la CEM tiene preocupaci\u00f3n y temor de que los cargos que estar\u00e1n en disputa en pr\u00f3ximos d\u00edas, queden en manos del crimen organizado o en personas que no sean id\u00f3neas para esos puestos.&nbsp;<\/p>\n\n\n\n<blockquote class=\"wp-block-quote is-layout-flow wp-block-quote-is-layout-flow\">\n<p class=\"has-pale-cyan-blue-background-color has-background has-medium-font-size\">\u201cTenemos temor de que vayan a llegar algunas personas que no sean las id\u00f3neas para servir en algo tan importante, y que esta reforma no pudiera ser tan efectiva como todos esperan\u201d, dijo el presidente del CEM, el Obispo Ram\u00f3n Castro Castro en conferencia de prensa.<\/p>\n<\/blockquote>\n\n\n\n<figure class=\"wp-block-embed is-type-rich is-provider-twitter wp-block-embed-twitter\"><div class=\"wp-block-embed__wrapper\">\nhttps:\/\/twitter.com\/IglesiaMexico\/status\/1849118720926364089?ref_src=twsrc%5Etfw%7Ctwcamp%5Etweetembed%7Ctwterm%5E1849118720926364089%7Ctwgr%5E7129f9757b0db3c3a1f330aafafd31e2e62970e0%7Ctwcon%5Es1_c10&#038;ref_url=https%3A%2F%2Fwww.religiondigital.org%2Famerica%2FEpiscopado-Mexicano-preocupado-Poder-Judicial_0_2781921782.html\n<\/div><\/figure>\n\n\n\n<p>El tambi\u00e9n Obispo de Cuernavaca, enfatiz\u00f3 que el temor es que \u201cincluso los mismos servidores p\u00fablicos puedan caer en manos del crimen organizado (\u2026) es un temor en general, no s\u00f3lo de la Iglesia cat\u00f3lica\u201d, a\u00f1adi\u00f3.<\/p>\n\n\n\n<p>Los obispos mexicanos, destacaron que&nbsp;<em>\u201cno hay paz sin justicia, ni justicia sin verdad, ni verdad, sin amor\u201d,<\/em>&nbsp;por lo que aunque M\u00e9xico sigue siendo un pa\u00eds profundamente lastimado, la poblaci\u00f3n no puede acostumbrarse a este dolor.<\/p>\n\n\n\n<blockquote class=\"wp-block-quote is-layout-flow wp-block-quote-is-layout-flow\">\n<p class=\"has-pale-cyan-blue-background-color has-background has-medium-font-size\">\u201cNos sentimos interpelados a anunciar con claridad el Evangelio de la paz, que exige denunciar el pecado estructural, consolar a las v\u00edctimas y promover caminos concretos de reconciliaci\u00f3n. No es ingenuidad, es fidelidad al Reino de Dios\u201d, sentenciaron.<\/p>\n<\/blockquote>\n\n\n\n<p>La CEM tambi\u00e9n manifest\u00f3 su preocupaci\u00f3n por el aumento del alcoholismo y la drogadicci\u00f3n en M\u00e9xico, as\u00ed como la violencia que no cesa y que va impactando&nbsp; directamente a las familias y a los diversos \u00e1mbitos de la sociedad, incluyendo la Iglesia Cat\u00f3lica, adem\u00e1s de la tragedia de las desapariciones forzadas, que muchas veces terminan en fosas clandestinas, cremaciones ilegales o en la incorporaci\u00f3n forzada al crimen organizado&nbsp;<\/p>\n\n\n\n<p>La Iglesia en M\u00e9xico coment\u00f3 que en los principales desaf\u00edos que enfrentar\u00e1 con urgencia son respecto a la familia, la reconciliaci\u00f3n y la paz, por lo que destacaron que hoy m\u00e1s que nunca es urgente sostener y acompa\u00f1ar a las familias, no con discursos abstractos, sino con cercan\u00eda, pol\u00edticas p\u00fablicas que reconozcan su valor fundamental, y comunidades cristianas que las acompa\u00f1en en sus angustias y desaf\u00edos.<\/p>\n\n\n\n<blockquote class=\"wp-block-quote is-layout-flow wp-block-quote-is-layout-flow\">\n<p class=\"has-pale-cyan-blue-background-color has-background has-medium-font-size\">&nbsp;\u201cSeamos una Iglesia donde todas las voces cuenten, especialmente las de las familias, las mujeres, los j\u00f3venes, los pueblos originarios, los migrantes y las v\u00edctimas de la violencia y de cualquier discriminaci\u00f3n\u201d.<\/p>\n<\/blockquote>\n\n\n\n<h1 class=\"wp-block-heading\">Contenido relacionado<\/h1>\n\n\n\n<ul class=\"wp-block-list\">\n<li>Arquidi\u00f3cesis Primada de M\u00e9xico hace un llamado urgente a construir la paz:\u00a0<a href=\"https:\/\/www.religiondigital.org\/america\/Basta-Dejen-Mons-Francisco-Acero_0_2781621811.html\">\u00abBasta ya. Dejen de matar, dejen a la poblaci\u00f3n en paz\u00bb: Mons. Francisco Acero<\/a><\/li>\n\n\n\n<li>La masacre ocurri\u00f3 despu\u00e9s de un evento parroquial en San Felipe, Guanajuato:\u00a0<a href=\"https:\/\/www.religiondigital.org\/america\/Iglesia-Mexico-justicia-asesinato-catolicos_0_2781021873.html\">Iglesia en M\u00e9xico pide justicia tras asesinato de siete j\u00f3venes cat\u00f3licos<\/a><\/li>\n\n\n\n<li>La secretaria de Gobernaci\u00f3n ir\u00e1 personalmente al Vaticano a entregar la misiva:\u00a0<a href=\"https:\/\/www.religiondigital.org\/america\/Sheinbaum-invitacion-Leon-XIV-formalmente-visita-Mexico_0_2778922096.html\">La presidenta Sheinbaum enviar\u00e1 una carta a Le\u00f3n XIV para invitarle formalmente a visitar M\u00e9xico<\/a><\/li>\n\n\n\n<li>El primado de M\u00e9xico es muy respetado en Latinoam\u00e9rica y escuchado en Roma:\u00a0<a href=\"https:\/\/www.religiondigital.org\/vaticano\/Carlos-Aguiar-cardenal-mexico_0_2776822310.html\">Carlos Aguiar, un cardenal a pie (y o\u00eddo) de calle<\/a><\/li>\n<\/ul>\n\n\n\n<p>Fuente: <a href=\"https:\/\/www.religiondigital.org\/america\/Episcopado-Mexicano-preocupado-Poder-Judicial_0_2781921782.html\">https:\/\/www.religiondigital.org\/america\/Episcopado-Mexicano-preocupado-Poder-Judicial_0_2781921782.html<\/a><\/p>\n","protected":false},"excerpt":{"rendered":"<p>La Conferencia del Episcopado Mexicano (CEM), se pronunci\u00f3 sobre la pr\u00f3xima elecci\u00f3n judicial que se llevar\u00e1 acabo en el pa\u00eds [&hellip;]<\/p>\n","protected":false},"author":1,"featured_media":100037,"comment_status":"open","ping_status":"open","sticky":false,"template":"","format":"standard","meta":{"site-sidebar-layout":"default","site-content-layout":"","ast-site-content-layout":"default","site-content-style":"default","site-sidebar-style":"default","ast-global-header-display":"","ast-banner-title-visibility":"","ast-main-header-display":"","ast-hfb-above-header-display":"","ast-hfb-below-header-display":"","ast-hfb-mobile-header-display":"","site-post-title":"","ast-breadcrumbs-content":"","ast-featured-img":"","footer-sml-layout":"","theme-transparent-header-meta":"","adv-header-id-meta":"","stick-header-meta":"","header-above-stick-meta":"","header-main-stick-meta":"","header-below-stick-meta":"","astra-migrate-meta-layouts":"default","ast-page-background-enabled":"default","ast-page-background-meta":{"desktop":{"background-color":"var(--ast-global-color-4)","background-image":"","background-repeat":"repeat","background-position":"center center","background-size":"auto","background-attachment":"scroll","background-type":"","background-media":"","overlay-type":"","overlay-color":"","overlay-opacity":"","overlay-gradient":""},"tablet":{"background-color":"","background-image":"","background-repeat":"repeat","background-position":"center center","background-size":"auto","background-attachment":"scroll","background-type":"","background-media":"","overlay-type":"","overlay-color":"","overlay-opacity":"","overlay-gradient":""},"mobile":{"background-color":"","background-image":"","background-repeat":"repeat","background-position":"center center","background-size":"auto","background-attachment":"scroll","background-type":"","background-media":"","overlay-type":"","overlay-color":"","overlay-opacity":"","overlay-gradient":""}},"ast-content-background-meta":{"desktop":{"background-color":"var(--ast-global-color-5)","background-image":"","background-repeat":"repeat","background-position":"center center","background-size":"auto","background-attachment":"scroll","background-type":"","background-media":"","overlay-type":"","overlay-color":"","overlay-opacity":"","overlay-gradient":""},"tablet":{"background-color":"var(--ast-global-color-5)","background-image":"","background-repeat":"repeat","background-position":"center center","background-size":"auto","background-attachment":"scroll","background-type":"","background-media":"","overlay-type":"","overlay-color":"","overlay-opacity":"","overlay-gradient":""},"mobile":{"background-color":"var(--ast-global-color-5)","background-image":"","background-repeat":"repeat","background-position":"center center","background-size":"auto","background-attachment":"scroll","background-type":"","background-media":"","overlay-type":"","overlay-color":"","overlay-opacity":"","overlay-gradient":""}},"footnotes":""},"categories":[8],"tags":[7196,3625,37051,8001],"class_list":["post-100036","post","type-post","status-publish","format-standard","has-post-thumbnail","hentry","category-noticias","tag-cem","tag-crimen-organizado","tag-eleccion-poder-judicial-mexico","tag-mons-ramon-castro-castro"],"_links":{"self":[{"href":"https:\/\/losperiodistas.com.mx\/portal\/wp-json\/wp\/v2\/posts\/100036","targetHints":{"allow":["GET"]}}],"collection":[{"href":"https:\/\/losperiodistas.com.mx\/portal\/wp-json\/wp\/v2\/posts"}],"about":[{"href":"https:\/\/losperiodistas.com.mx\/portal\/wp-json\/wp\/v2\/types\/post"}],"author":[{"embeddable":true,"href":"https:\/\/losperiodistas.com.mx\/portal\/wp-json\/wp\/v2\/users\/1"}],"replies":[{"embeddable":true,"href":"https:\/\/losperiodistas.com.mx\/portal\/wp-json\/wp\/v2\/comments?post=100036"}],"version-history":[{"count":1,"href":"https:\/\/losperiodistas.com.mx\/portal\/wp-json\/wp\/v2\/posts\/100036\/revisions"}],"predecessor-version":[{"id":100038,"href":"https:\/\/losperiodistas.com.mx\/portal\/wp-json\/wp\/v2\/posts\/100036\/revisions\/100038"}],"wp:featuredmedia":[{"embeddable":true,"href":"https:\/\/losperiodistas.com.mx\/portal\/wp-json\/wp\/v2\/media\/100037"}],"wp:attachment":[{"href":"https:\/\/losperiodistas.com.mx\/portal\/wp-json\/wp\/v2\/media?parent=100036"}],"wp:term":[{"taxonomy":"category","embeddable":true,"href":"https:\/\/losperiodistas.com.mx\/portal\/wp-json\/wp\/v2\/categories?post=100036"},{"taxonomy":"post_tag","embeddable":true,"href":"https:\/\/losperiodistas.com.mx\/portal\/wp-json\/wp\/v2\/tags?post=100036"}],"curies":[{"name":"wp","href":"https:\/\/api.w.org\/{rel}","templated":true}]}}