{"id":100032,"date":"2025-05-24T09:23:23","date_gmt":"2025-05-24T15:23:23","guid":{"rendered":"https:\/\/losperiodistas.com.mx\/portal\/?p=100032"},"modified":"2025-05-24T09:23:24","modified_gmt":"2025-05-24T15:23:24","slug":"dia-internacional-de-las-mujeres-por-la-paz-y-el-desarme-did-2","status":"publish","type":"post","link":"https:\/\/losperiodistas.com.mx\/portal\/dia-internacional-de-las-mujeres-por-la-paz-y-el-desarme-did-2\/","title":{"rendered":"D\u00eda Internacional de las Mujeres por la Paz y el Desarme | DID"},"content":{"rendered":"\n<figure class=\"wp-block-image aligncenter size-full is-resized\"><img fetchpriority=\"high\" decoding=\"async\" width=\"305\" height=\"203\" src=\"https:\/\/losperiodistas.com.mx\/portal\/wp-content\/uploads\/2025\/05\/05-24_dia-internacional-mujeres-paz-desarme.jpg\" alt=\"\" class=\"wp-image-100033\" style=\"width:513px;height:auto\" srcset=\"https:\/\/losperiodistas.com.mx\/portal\/wp-content\/uploads\/2025\/05\/05-24_dia-internacional-mujeres-paz-desarme.jpg 305w, https:\/\/losperiodistas.com.mx\/portal\/wp-content\/uploads\/2025\/05\/05-24_dia-internacional-mujeres-paz-desarme-300x200.jpg 300w\" sizes=\"(max-width: 305px) 100vw, 305px\" \/><\/figure>\n\n\n\n<p><\/p>\n\n\n\n<p class=\"has-vivid-red-color has-text-color has-link-color has-medium-font-size wp-elements-3aa118b0468398fc8c867f42a873ef01\"><strong>REDACCI\u00d3N D\u00cdA INTERNACIONAL DE<\/strong><\/p>\n\n\n\n<p><strong>El D\u00eda Internacional de las Mujeres por la Paz y el Desarme se celebra el 24 de mayo de cada a\u00f1o&nbsp;<\/strong>con el principal objetivo de lograr la incorporaci\u00f3n de las mujeres en los procesos de paz mundial.<\/p>\n\n\n\n<h2 class=\"wp-block-heading\" id=\"resTit_1\">Origen del D\u00eda Internacional de las Mujeres por la Paz y el Desarme<\/h2>\n\n\n\n<p>La celebraci\u00f3n de esta importante fecha, tiene su origen a partir de la d\u00e9cada de los 80, gracias a la reuni\u00f3n de un grupo de mujeres pacifistas de algunos pa\u00edses europeos y de los Estados Unidos de Am\u00e9rica y cuyo objetivo fue la lucha en contra de la carrera armamentista y el uso de armas nucleares.<\/p>\n\n\n\n<p>Durante estos a\u00f1os, se levantaron muchos movimientos pacifistas. Uno de ellos fue el llamado&nbsp;<strong>Asociaci\u00f3n de Mujeres Parlamentarias por la Paz<\/strong>, siendo una de las principales protagonistas fue&nbsp;<strong>Maj Britt Theorin<\/strong>, quien en su rol de presidenta de la organizaci\u00f3n de Naciones Unidas fue pieza clave para la incorporaci\u00f3n de la mujer para acabar con el desarme y alcanzar la paz.<\/p>\n\n\n\n<p><\/p>\n\n\n\n<p>Se sabe, que desde el a\u00f1o 1915, cuando se llev\u00f3 a cabo el&nbsp;<strong>Congreso Mundial de la Haya<\/strong>, se pudo visibilizar a la mujer y darle la oportunidad de participar de forma activa para alcanzar importantes avances en todo lo concerniente a la paz y otros logros, en pos de una sociedad m\u00e1s justa, digna y libre de enfrentamientos b\u00e9licos y guerras injustas.<\/p>\n\n\n\n<h2 class=\"wp-block-heading\" id=\"resTit_2\">El rol de la mujer para lograr el desarme y alcanzar la paz<\/h2>\n\n\n\n<figure class=\"wp-block-embed is-type-rich is-provider-gestor-del-servicio wp-block-embed-gestor-del-servicio wp-embed-aspect-16-9 wp-has-aspect-ratio\"><div class=\"wp-block-embed__wrapper\">\n<iframe title=\"D\u00eda Internacional de las Mujeres por la Paz y el Desarme\" width=\"500\" height=\"281\" src=\"https:\/\/www.youtube.com\/embed\/ETjKVzjpGNo?feature=oembed\" frameborder=\"0\" allow=\"accelerometer; autoplay; clipboard-write; encrypted-media; gyroscope; picture-in-picture; web-share\" referrerpolicy=\"strict-origin-when-cross-origin\" allowfullscreen><\/iframe>\n<\/div><\/figure>\n\n\n\n<p>La paz es mucho m\u00e1s que la ausencia de guerra<\/p>\n\n\n\n<p>El rol de la mujer a trav\u00e9s de la historia, ha sido de gran importancia para lograr cambios y avances importantes en la sociedad. Gracias a su contribuci\u00f3n en los distintos \u00e1mbitos de la vida, se han podido lograr grandes avances no s\u00f3lo en el campo tecnol\u00f3gico y cient\u00edfico, sino en muchas \u00e1reas del acontecer diario.<\/p>\n\n\n\n<p>Por esta raz\u00f3n, se acord\u00f3, en el Consejo de las&nbsp;<em>Naciones Unidas<\/em>, una mayor participaci\u00f3n de la mujer para consolidar la paz en el mundo. A esta conclusi\u00f3n se ha llegado, debido al excelente desenvolvimiento que ha tenido el g\u00e9nero femenino, cuando no le he han sido vulnerados sus derechos, sino que, por el contrario, han sido tratadas con igualdad, respeto e inclusi\u00f3n.<\/p>\n\n\n\n<p>Sin embargo, en muchos pa\u00edses del mundo, las mujeres siguen enfrentando retos y desaf\u00edos para que su derecho a la educaci\u00f3n, al trabajo, la familia e incluso la vida, le sean permitidos, lo cual no ocurre, sobre todo, en los lugares donde los conflictos por guerras y problemas b\u00e9licos est\u00e1n a la orden del d\u00eda.<\/p>\n\n\n\n<h2 class=\"wp-block-heading\" id=\"resTit_4\">La Organizaci\u00f3n de Mujeres de la Confederaci\u00f3n Intersindical<\/h2>\n\n\n\n<p><strong>La Organizaci\u00f3n de Mujeres de la Confederaci\u00f3n Intersindical<\/strong>&nbsp;es un movimiento feminista que aboga por los derechos de la mujer, sobre todo, en lo referente a todo lo que tenga que ver con la soluci\u00f3n de conflictos y para lograr acuerdos de paz.<\/p>\n\n\n\n<p>Tambi\u00e9n te puede interesar:<\/p>\n\n\n\n<p>Pero a pesar de todos los esfuerzos y avances que hasta hoy han conseguido estas organizaciones, se siguen vulnerando los derechos de la mujer, por ello, la&nbsp;<strong>Organizaci\u00f3n de<\/strong>&nbsp;<strong>Mujeres de la Confederaci\u00f3n Intersindical<\/strong>&nbsp;hace un llamamiento para que se respeten y hagan cumplir los siguientes lineamientos:<\/p>\n\n\n\n<ul class=\"wp-block-list\">\n<li>Que se traten todas las necesidades de las mujeres y ni\u00f1as que son v\u00edctimas de la crisis migratoria, que terminan siendo personas refugiadas y que a la larga causan graves da\u00f1os psicol\u00f3gicos y f\u00edsicos que dejan profundas secuelas.<\/li>\n\n\n\n<li>Que las mujeres y ni\u00f1as puedan tener la posibilidad de reclamar asilo.<\/li>\n\n\n\n<li>Que todas las mujeres que se encuentran en condici\u00f3n de refugiadas sean protegidas frente a la violencia.<\/li>\n\n\n\n<li>Que se creen fondos destinados para ayudar a las mujeres y cubrir sus necesidades y que esto, a su vez, permita un mayor empoderamiento, mientras permanezcan en las zonas o lugres de conflicto.<\/li>\n<\/ul>\n\n\n\n<h2 class=\"wp-block-heading\" id=\"resTit_5\">\u00bfC\u00f3mo celebrar el D\u00eda Internacional de las Mujeres por la Paz y el Desarme?<\/h2>\n\n\n\n<figure class=\"wp-block-image\"><img decoding=\"async\" src=\"https:\/\/www.diainternacionalde.com\/imagenes\/dias\/mayo\/05-24_dia-internacional-mujeres-paz-desarme_s.jpg\" alt=\"\" title=\"\"\/><\/figure>\n\n\n\n<p>Es costumbre cada a\u00f1o organizar en distintos pa\u00edses eventos y actividades para celebrar el&nbsp;<strong>D\u00eda Internacional de las Mujeres por la Paz y el Desarme<\/strong>.<strong><em>#D\u00edaInternacionaldelasMujeresporlaPazyelDesarme<\/em><\/strong>.<\/p>\n\n\n\n<p><img decoding=\"async\" src=\"https:\/\/www.diainternacionalde.com\/imagenes\/equipo-humano\/patricia-lopez-redactora-jefa.jpg\">Patricia L\u00f3pez. Periodista.<a href=\"https:\/\/twitter.com\/plcasalengua\" target=\"_blank\" rel=\"noreferrer noopener\">plcasalengua<\/a><\/p>\n\n\n\n<p>Fuente: <a href=\"https:\/\/www.diainternacionalde.com\/ficha\/dia-internacional-mujeres-paz-desarme\">https:\/\/www.diainternacionalde.com\/ficha\/dia-internacional-mujeres-paz-desarme<\/a><\/p>\n","protected":false},"excerpt":{"rendered":"<p>REDACCI\u00d3N D\u00cdA INTERNACIONAL DE El D\u00eda Internacional de las Mujeres por la Paz y el Desarme se celebra el 24 [&hellip;]<\/p>\n","protected":false},"author":1,"featured_media":100033,"comment_status":"open","ping_status":"open","sticky":false,"template":"","format":"standard","meta":{"site-sidebar-layout":"default","site-content-layout":"","ast-site-content-layout":"default","site-content-style":"default","site-sidebar-style":"default","ast-global-header-display":"","ast-banner-title-visibility":"","ast-main-header-display":"","ast-hfb-above-header-display":"","ast-hfb-below-header-display":"","ast-hfb-mobile-header-display":"","site-post-title":"","ast-breadcrumbs-content":"","ast-featured-img":"","footer-sml-layout":"","theme-transparent-header-meta":"","adv-header-id-meta":"","stick-header-meta":"","header-above-stick-meta":"","header-main-stick-meta":"","header-below-stick-meta":"","astra-migrate-meta-layouts":"default","ast-page-background-enabled":"default","ast-page-background-meta":{"desktop":{"background-color":"var(--ast-global-color-4)","background-image":"","background-repeat":"repeat","background-position":"center center","background-size":"auto","background-attachment":"scroll","background-type":"","background-media":"","overlay-type":"","overlay-color":"","overlay-opacity":"","overlay-gradient":""},"tablet":{"background-color":"","background-image":"","background-repeat":"repeat","background-position":"center center","background-size":"auto","background-attachment":"scroll","background-type":"","background-media":"","overlay-type":"","overlay-color":"","overlay-opacity":"","overlay-gradient":""},"mobile":{"background-color":"","background-image":"","background-repeat":"repeat","background-position":"center center","background-size":"auto","background-attachment":"scroll","background-type":"","background-media":"","overlay-type":"","overlay-color":"","overlay-opacity":"","overlay-gradient":""}},"ast-content-background-meta":{"desktop":{"background-color":"var(--ast-global-color-5)","background-image":"","background-repeat":"repeat","background-position":"center center","background-size":"auto","background-attachment":"scroll","background-type":"","background-media":"","overlay-type":"","overlay-color":"","overlay-opacity":"","overlay-gradient":""},"tablet":{"background-color":"var(--ast-global-color-5)","background-image":"","background-repeat":"repeat","background-position":"center center","background-size":"auto","background-attachment":"scroll","background-type":"","background-media":"","overlay-type":"","overlay-color":"","overlay-opacity":"","overlay-gradient":""},"mobile":{"background-color":"var(--ast-global-color-5)","background-image":"","background-repeat":"repeat","background-position":"center center","background-size":"auto","background-attachment":"scroll","background-type":"","background-media":"","overlay-type":"","overlay-color":"","overlay-opacity":"","overlay-gradient":""}},"footnotes":""},"categories":[8],"tags":[25368,38706,38707],"class_list":["post-100032","post","type-post","status-publish","format-standard","has-post-thumbnail","hentry","category-noticias","tag-diainternacionaldelasmujeresporlapazyeldesarme","tag-dia-internacional-de-las-mujeres-por-la-paz-y-el-desarme","tag-organizacion-de-mujeres-de-la-confederacion-intersindical"],"_links":{"self":[{"href":"https:\/\/losperiodistas.com.mx\/portal\/wp-json\/wp\/v2\/posts\/100032","targetHints":{"allow":["GET"]}}],"collection":[{"href":"https:\/\/losperiodistas.com.mx\/portal\/wp-json\/wp\/v2\/posts"}],"about":[{"href":"https:\/\/losperiodistas.com.mx\/portal\/wp-json\/wp\/v2\/types\/post"}],"author":[{"embeddable":true,"href":"https:\/\/losperiodistas.com.mx\/portal\/wp-json\/wp\/v2\/users\/1"}],"replies":[{"embeddable":true,"href":"https:\/\/losperiodistas.com.mx\/portal\/wp-json\/wp\/v2\/comments?post=100032"}],"version-history":[{"count":1,"href":"https:\/\/losperiodistas.com.mx\/portal\/wp-json\/wp\/v2\/posts\/100032\/revisions"}],"predecessor-version":[{"id":100035,"href":"https:\/\/losperiodistas.com.mx\/portal\/wp-json\/wp\/v2\/posts\/100032\/revisions\/100035"}],"wp:featuredmedia":[{"embeddable":true,"href":"https:\/\/losperiodistas.com.mx\/portal\/wp-json\/wp\/v2\/media\/100033"}],"wp:attachment":[{"href":"https:\/\/losperiodistas.com.mx\/portal\/wp-json\/wp\/v2\/media?parent=100032"}],"wp:term":[{"taxonomy":"category","embeddable":true,"href":"https:\/\/losperiodistas.com.mx\/portal\/wp-json\/wp\/v2\/categories?post=100032"},{"taxonomy":"post_tag","embeddable":true,"href":"https:\/\/losperiodistas.com.mx\/portal\/wp-json\/wp\/v2\/tags?post=100032"}],"curies":[{"name":"wp","href":"https:\/\/api.w.org\/{rel}","templated":true}]}}