{"id":100028,"date":"2025-05-24T09:06:42","date_gmt":"2025-05-24T15:06:42","guid":{"rendered":"https:\/\/losperiodistas.com.mx\/portal\/?p=100028"},"modified":"2025-05-24T09:06:43","modified_gmt":"2025-05-24T15:06:43","slug":"gabriel-romanelli-parroco-en-gaza-denuncia-los-bombardeos-constantes-y-el-bloqueo-de-la-ayuda-humanitaria-va-a-ser-muy-dificil-curar-las-heridas-cope","status":"publish","type":"post","link":"https:\/\/losperiodistas.com.mx\/portal\/gabriel-romanelli-parroco-en-gaza-denuncia-los-bombardeos-constantes-y-el-bloqueo-de-la-ayuda-humanitaria-va-a-ser-muy-dificil-curar-las-heridas-cope\/","title":{"rendered":"Gabriel Romanelli, p\u00e1rroco en Gaza, denuncia los bombardeos constantes y el bloqueo de la ayuda humanitaria: \u00abVa a ser muy dif\u00edcil curar las heridas\u00bb | COPE"},"content":{"rendered":"\n<h2 class=\"wp-block-heading has-pale-cyan-blue-background-color has-background\">El sacerdote ha denunciado en &#8216;Mediod\u00eda COPE Fin de Semana&#8217; el drama humanitario en Gaza en medio del terror y los constantes bombardeos por parte del ej\u00e9rcito de Israel: \u00abPedimos que se trabaje para frenar esta guerra\u201d<\/h2>\n\n\n\n<figure class=\"wp-block-image size-full\"><img fetchpriority=\"high\" decoding=\"async\" width=\"768\" height=\"432\" src=\"https:\/\/losperiodistas.com.mx\/portal\/wp-content\/uploads\/2025\/05\/683081d6d614f.jpeg\" alt=\"\" class=\"wp-image-100029\" srcset=\"https:\/\/losperiodistas.com.mx\/portal\/wp-content\/uploads\/2025\/05\/683081d6d614f.jpeg 768w, https:\/\/losperiodistas.com.mx\/portal\/wp-content\/uploads\/2025\/05\/683081d6d614f-300x169.jpeg 300w\" sizes=\"(max-width: 768px) 100vw, 768px\" \/><\/figure>\n\n\n\n<figure class=\"wp-block-audio\"><audio controls src=\"https:\/\/losperiodistas.com.mx\/portal\/wp-content\/uploads\/2025\/05\/jVP8iudJawLRCFZWLQEhQ.mp3\"><\/audio><\/figure>\n\n\n\n<p><\/p>\n\n\n\n<p class=\"has-vivid-red-color has-text-color has-link-color has-medium-font-size wp-elements-71c7e728e31dcaf5e6d5e2b4501f2abd\"><strong>Jos\u00e9 Melero Campos \/ COPE<\/strong><\/p>\n\n\n\n<p><\/p>\n\n\n\n<p><\/p>\n\n\n\n<p><strong><a href=\"https:\/\/www.cope.es\/religion\/hoy-en-dia\/iglesia-universal\/noticias\/parroco-sagrada-familia-gaza-romanelli-denuncia-situacion-critica-franja-esperanza-desvanece-20250521_3154961.html\">El Padre Gabriel Romanelli<\/a>&nbsp;<\/strong>ha denunciado en COPE el drama humanitario en Gaza en medio del terror y los constantes bombardeos por parte del ej\u00e9rcito de Israel. El p\u00e1rroco de la Sagrada Familia, en pleno coraz\u00f3n de la Franja, y que acoge a m\u00e1s de 500 refugiados, ha relatado en<a href=\"https:\/\/www.cope.es\/programas\/mediodia-cope-fin-de-semana\"><strong>&nbsp;&#8216;Mediod\u00eda COPE Fin de Semana&#8217;&nbsp;<\/strong><\/a>la extrema gravedad de la situaci\u00f3n.<\/p>\n\n\n\n<p>\u201cLa situaci\u00f3n contin\u00faa siendo cr\u00edtica porque hay bombardeos en toda la franja de Gaza\u2026<strong>&nbsp;y no entra ayuda humanitaria de manera consistente para m\u00e1s de dos millones de personas\u201d.<\/strong><\/p>\n\n\n\n<p>El sacerdote argentino y misionero del Instituto del Verbo Encarnado, ha dibujado un panorama que es de devastaci\u00f3n total: falta comida, agua potable, medicamentos y seguridad. \u201cNosotros rezamos y le pedimos a la gente de buena voluntad que rece,&nbsp;<strong>pero tambi\u00e9n pedimos que se trabaje para frenar esta guerra\u201d,&nbsp;<\/strong>ha suplicado.<\/p>\n\n\n\n<p>\u201cHace tres meses que no podemos recibir ayuda desde fuera\u201d, ha denunciado el sacerdote. A pesar de ello, con apoyo del Patriarcado Latino de Jerusal\u00e9n y otras entidades,&nbsp;<strong>la parroquia ha logrado sostener a decenas de miles de personas del barrio<\/strong>. All\u00ed se raciona hasta la \u00faltima botella de agua.<\/p>\n\n\n\n<p>\u201cCuando uno dice evacuaci\u00f3n tienen que salir corriendo de donde est\u00e1n, no agarran cajas de comida, sino que se van con su ni\u00f1o, sus documentos y nada m\u00e1s\u201d, ha lamentado.&nbsp;<\/p>\n\n\n\n<p>Las palabras de Romanelli retratan el \u00e9xodo interno de miles de gazat\u00edes que huyen de una muerte probable hacia una supervivencia incierta.&nbsp;<strong>\u201cCientos y cientos de miles de personas no tienen absolutamente nada\u201d.<\/strong><\/p>\n\n\n\n<p>Adem\u00e1s de alimentos y agua, escasean los medicamentos.<strong>&nbsp;\u201cLa mayor parte de la poblaci\u00f3n son civiles, es decir, no beligerantes.&nbsp;<\/strong>Cuanto antes se frene, menos graves van a ser las consecuencias de esta guerra\u201d, ha advertido. A su juicio, las heridas de este conflicto durar\u00e1n \u201ca\u00f1os\u201d, tanto en la sociedad palestina como en la israel\u00ed.<\/p>\n\n\n\n<h3 class=\"wp-block-heading\">Una&nbsp; Infancia bajo las bombas: \u201cTodo el mundo est\u00e1 bajo presi\u00f3n\u201d&nbsp;&nbsp;<\/h3>\n\n\n\n<p>Uno de los aspectos m\u00e1s dolorosos es&nbsp;<strong>el impacto psicol\u00f3gico en los ni\u00f1os<\/strong>. \u201cTratamos de ayudar a cada uno en su necesidad, seguimos con la actividad del oratorio, se reza mucho, hacemos rosarios, misas con los ni\u00f1os, actividades psicosociales&#8230;\u201d, ha explicado Romanelli.<\/p>\n\n\n\n<p>A pesar del terror, la Sagrada Familia intenta mantener sus rutinas y espacios de juego: \u201cHacemos partidos de f\u00fatbol, hemos recuperado un aro de basket\u2026&nbsp;<strong>aunque se escuchan los bombardeos\u201d.<\/strong><\/p>\n\n\n\n<p>En las breves pausas del horror, los ni\u00f1os recuperan algo de su infancia robada. Pero las secuelas son evidentes:&nbsp;<strong>\u201cCuando se escuchan m\u00e1s fuerte, todos salen corriendo a protegerse, pero despu\u00e9s de dos o tres minutos, ya est\u00e1 todo el mundo afuera, cantando, bailando, jugando\u201d.<\/strong><\/p>\n\n\n\n<p>Romanelli no oculta que muchos ni\u00f1os hablan abiertamente de la muerte como una opci\u00f3n.<strong>&nbsp;\u201cEl modo de hablar de los ni\u00f1os es verdaderamente incre\u00edble\u201d<\/strong>, ha confesado. La parroquia funciona como un dique contra la desesperanza, aunque a veces, ni la fe alcanza para contener tanto sufrimiento.<\/p>\n\n\n\n<h3 class=\"wp-block-heading\">El recuerdo emocionado de ROmanelli del Francisco y su relaci\u00f3n con Le\u00f3n XIV<\/h3>\n\n\n\n<p>Durante los peores momentos del conflicto, el entonces Papa Francisco llam\u00f3 todos los d\u00edas al Padre Romanelli.&nbsp;<strong>\u201cEra verdaderamente fuera de serie\u201d,<\/strong>&nbsp;ha recordado emocionado. Hoy, la relaci\u00f3n contin\u00faa con su sucesor,<a href=\"https:\/\/www.cope.es\/religion\/hoy-en-dia\/vaticano\/noticias\/papa-leon-xiv-preocupado-efecto-rearme-europeo-sociedad-debil-paguen-precio-20250523_3156253.html\"><strong>&nbsp;Le\u00f3n XIV,<\/strong><\/a>&nbsp;quien en sus primeras palabras como Pont\u00edfice ya denunci\u00f3 el drama de Gaza, aunque sin mencionarlo directamente<strong>. \u201cDijo \u2018paz a vosotros\u2019 en nombre de Cristo resucitado, todos entendimos que era Gaza\u201d.<\/strong><\/p>\n\n\n\n<p>El Papa Le\u00f3n ha alzado su voz en m\u00faltiples ocasiones para reclamar un alto el fuego y el acceso digno a la ayuda humanitaria.\u00a0<strong>\u201cSabemos que, adem\u00e1s de todo lo que tiene para preocuparse y ocuparse, nos dedica tanto tiempo como lo ha hecho y lo sigue haciendo\u201d<\/strong>, ha valorado el sacerdote.<\/p>\n\n\n\n<p>Fuente: <a href=\"https:\/\/www.cope.es\/programas\/mediodia-cope-fin-de-semana\/noticias\/gabriel-romanelli-parroco-gaza-denuncia-bombardeos-constantes-bloqueo-ayuda-humanitaria-dificil-curar-heridas-20250524_3156567.html\">https:\/\/www.cope.es\/programas\/mediodia-cope-fin-de-semana\/noticias\/gabriel-romanelli-parroco-gaza-denuncia-bombardeos-constantes-bloqueo-ayuda-humanitaria-dificil-curar-heridas-20250524_3156567.html<\/a><\/p>\n","protected":false},"excerpt":{"rendered":"<p>El sacerdote ha denunciado en &#8216;Mediod\u00eda COPE Fin de Semana&#8217; el drama humanitario en Gaza en medio del terror y [&hellip;]<\/p>\n","protected":false},"author":1,"featured_media":100029,"comment_status":"open","ping_status":"open","sticky":false,"template":"","format":"standard","meta":{"site-sidebar-layout":"default","site-content-layout":"","ast-site-content-layout":"default","site-content-style":"default","site-sidebar-style":"default","ast-global-header-display":"","ast-banner-title-visibility":"","ast-main-header-display":"","ast-hfb-above-header-display":"","ast-hfb-below-header-display":"","ast-hfb-mobile-header-display":"","site-post-title":"","ast-breadcrumbs-content":"","ast-featured-img":"","footer-sml-layout":"","theme-transparent-header-meta":"","adv-header-id-meta":"","stick-header-meta":"","header-above-stick-meta":"","header-main-stick-meta":"","header-below-stick-meta":"","astra-migrate-meta-layouts":"default","ast-page-background-enabled":"default","ast-page-background-meta":{"desktop":{"background-color":"var(--ast-global-color-4)","background-image":"","background-repeat":"repeat","background-position":"center center","background-size":"auto","background-attachment":"scroll","background-type":"","background-media":"","overlay-type":"","overlay-color":"","overlay-opacity":"","overlay-gradient":""},"tablet":{"background-color":"","background-image":"","background-repeat":"repeat","background-position":"center center","background-size":"auto","background-attachment":"scroll","background-type":"","background-media":"","overlay-type":"","overlay-color":"","overlay-opacity":"","overlay-gradient":""},"mobile":{"background-color":"","background-image":"","background-repeat":"repeat","background-position":"center center","background-size":"auto","background-attachment":"scroll","background-type":"","background-media":"","overlay-type":"","overlay-color":"","overlay-opacity":"","overlay-gradient":""}},"ast-content-background-meta":{"desktop":{"background-color":"var(--ast-global-color-5)","background-image":"","background-repeat":"repeat","background-position":"center center","background-size":"auto","background-attachment":"scroll","background-type":"","background-media":"","overlay-type":"","overlay-color":"","overlay-opacity":"","overlay-gradient":""},"tablet":{"background-color":"var(--ast-global-color-5)","background-image":"","background-repeat":"repeat","background-position":"center center","background-size":"auto","background-attachment":"scroll","background-type":"","background-media":"","overlay-type":"","overlay-color":"","overlay-opacity":"","overlay-gradient":""},"mobile":{"background-color":"var(--ast-global-color-5)","background-image":"","background-repeat":"repeat","background-position":"center center","background-size":"auto","background-attachment":"scroll","background-type":"","background-media":"","overlay-type":"","overlay-color":"","overlay-opacity":"","overlay-gradient":""}},"footnotes":""},"categories":[8],"tags":[38704,38702,38703,38705],"class_list":["post-100028","post","type-post","status-publish","format-standard","has-post-thumbnail","hentry","category-noticias","tag-drama-humanitario-gaza","tag-padre-gabriel-romanelli","tag-parroco-de-gaza","tag-refugiados-gaza"],"_links":{"self":[{"href":"https:\/\/losperiodistas.com.mx\/portal\/wp-json\/wp\/v2\/posts\/100028","targetHints":{"allow":["GET"]}}],"collection":[{"href":"https:\/\/losperiodistas.com.mx\/portal\/wp-json\/wp\/v2\/posts"}],"about":[{"href":"https:\/\/losperiodistas.com.mx\/portal\/wp-json\/wp\/v2\/types\/post"}],"author":[{"embeddable":true,"href":"https:\/\/losperiodistas.com.mx\/portal\/wp-json\/wp\/v2\/users\/1"}],"replies":[{"embeddable":true,"href":"https:\/\/losperiodistas.com.mx\/portal\/wp-json\/wp\/v2\/comments?post=100028"}],"version-history":[{"count":1,"href":"https:\/\/losperiodistas.com.mx\/portal\/wp-json\/wp\/v2\/posts\/100028\/revisions"}],"predecessor-version":[{"id":100031,"href":"https:\/\/losperiodistas.com.mx\/portal\/wp-json\/wp\/v2\/posts\/100028\/revisions\/100031"}],"wp:featuredmedia":[{"embeddable":true,"href":"https:\/\/losperiodistas.com.mx\/portal\/wp-json\/wp\/v2\/media\/100029"}],"wp:attachment":[{"href":"https:\/\/losperiodistas.com.mx\/portal\/wp-json\/wp\/v2\/media?parent=100028"}],"wp:term":[{"taxonomy":"category","embeddable":true,"href":"https:\/\/losperiodistas.com.mx\/portal\/wp-json\/wp\/v2\/categories?post=100028"},{"taxonomy":"post_tag","embeddable":true,"href":"https:\/\/losperiodistas.com.mx\/portal\/wp-json\/wp\/v2\/tags?post=100028"}],"curies":[{"name":"wp","href":"https:\/\/api.w.org\/{rel}","templated":true}]}}