{"id":100025,"date":"2025-05-24T08:58:14","date_gmt":"2025-05-24T14:58:14","guid":{"rendered":"https:\/\/losperiodistas.com.mx\/portal\/?p=100025"},"modified":"2025-05-24T08:58:15","modified_gmt":"2025-05-24T14:58:15","slug":"natalia-lafourcade-soy-afortunada-pero-tambien-bastante-terca-para-que-las-cosas-se-hagan-como-me-gustan-no-se-si-aguantaria-si-me-las-impusieran-vanity-fair","status":"publish","type":"post","link":"https:\/\/losperiodistas.com.mx\/portal\/natalia-lafourcade-soy-afortunada-pero-tambien-bastante-terca-para-que-las-cosas-se-hagan-como-me-gustan-no-se-si-aguantaria-si-me-las-impusieran-vanity-fair\/","title":{"rendered":"Natalia Lafourcade: \u201cSoy afortunada, pero tambi\u00e9n bastante terca para que las cosas se hagan como me gustan. No s\u00e9 si aguantar\u00eda si me las impusieran\u00bb | Vanity Fair"},"content":{"rendered":"\n<p class=\"has-pale-pink-background-color has-background has-medium-font-size\">La cantante mexicana m\u00e1s premiada regresa por partida doble con\u00a0<em>Cancionera<\/em>. Por un lado, un disco de estudio grabado a la antigua usanza, en tomas completas y todos los m\u00fasicos juntos. Y por otro, con una gira y un personaje con los que vuelve a la intimidad ac\u00fastica y que pasar\u00e1n por Espa\u00f1a en siete fechas este verano<\/p>\n\n\n\n<figure class=\"wp-block-image size-large\"><img fetchpriority=\"high\" decoding=\"async\" width=\"1024\" height=\"576\" src=\"https:\/\/losperiodistas.com.mx\/portal\/wp-content\/uploads\/2025\/05\/NLF-99-1024x576.jpeg\" alt=\"\" class=\"wp-image-100026\" srcset=\"https:\/\/losperiodistas.com.mx\/portal\/wp-content\/uploads\/2025\/05\/NLF-99-1024x576.jpeg 1024w, https:\/\/losperiodistas.com.mx\/portal\/wp-content\/uploads\/2025\/05\/NLF-99-300x169.jpeg 300w, https:\/\/losperiodistas.com.mx\/portal\/wp-content\/uploads\/2025\/05\/NLF-99-768x432.jpeg 768w, https:\/\/losperiodistas.com.mx\/portal\/wp-content\/uploads\/2025\/05\/NLF-99-1536x864.jpeg 1536w, https:\/\/losperiodistas.com.mx\/portal\/wp-content\/uploads\/2025\/05\/NLF-99-2048x1152.jpeg 2048w\" sizes=\"(max-width: 1024px) 100vw, 1024px\" \/><figcaption class=\"wp-element-caption\">atalia Lafourcade, transformada en la Cancionera. Carlos de Manuel<\/figcaption><\/figure>\n\n\n\n<p class=\"has-vivid-red-color has-text-color has-link-color has-medium-font-size wp-elements-d45267204a9ff0f4cb39cca4c5765085\"><strong>Por\u00a0<a href=\"https:\/\/www.revistavanityfair.es\/autor\/JAVI-S-NCHEZ\">JAVI S\u00c1NCHEZ<\/a> \/ Vanity Fair<\/strong><\/p>\n\n\n\n<p><a href=\"https:\/\/www.revistavanityfair.es\/poder\/articulos\/natalia-lafourcade-cantante-entrevista\/28386\"><strong>Natalia Lafourcade<\/strong><\/a>&nbsp;(Ciudad de M\u00e9xico, 1984) quer\u00eda celebrar su entrada en la d\u00e9cada de los 40 con \u201cuna gira de guitarra y voz\u201d.&nbsp;Un concepto, de intimidad con el p\u00fablico y repaso ac\u00fastico a una carrera imprescindible, para el que se le hizo necesario \u201ccrear una nueva personalidad\u201d: la Cancionera, la misma que da t\u00edtulo a la gira \u2013con la que actuar\u00e1 en siete fechas en Espa\u00f1a entre julio y agosto y con la que est\u00e1 agotando entradas por todo el mundo\u2013 y a su nuevo disco, culminando una trilog\u00eda m\u00e1gica que arranca con&nbsp;<em>Hasta la Ra\u00edz<\/em>&nbsp;(2015) y que tuvo su pen\u00faltima parada en&nbsp;<a href=\"https:\/\/www.revistavanityfair.es\/articulos\/de-todas-las-flores-natalia-lafourcade\"><em>De todas las flores<\/em><\/a>&nbsp;(2023), adem\u00e1s de cuatro discos de folclore con los que rindi\u00f3 homenaje a M\u00e9xico. Pero lo que el oyente se encuentra en&nbsp;<a href=\"https:\/\/open.spotify.com\/intl-es\/album\/4gqGuqjdi0io8D0vgMPczu?si=rXnVUZO8QgqabWLx26I8tw&amp;nd=1&amp;dlsi=89e60e9246904b92\" rel=\"noreferrer noopener\" target=\"_blank\"><em>Cancionera<\/em>&nbsp;es un disco sorprendente<\/a>&nbsp;para quienes esperen un \u00e1lbum ac\u00fastico: se trata de una fiesta musical, llena de colaboraciones (<strong>Hermanos Guti\u00e9rrez<\/strong>,&nbsp;<strong>Israel Fern\u00e1ndez, Diego del Morao, El David Aguilar<\/strong>\u2026), donde cada canci\u00f3n tiene una identidad sonora \u00fanica, y que se se ha grabado en tomas completas, con todos los m\u00fasicos actuando juntos, en cinta anal\u00f3gica.<\/p>\n\n\n\n<p><strong>Cuando hizo&nbsp;<em>De todas las flores<\/em>&nbsp;contaba que era un disco con el que b\u00e1sicamente se hab\u00eda reconstruido despu\u00e9s de un per\u00edodo dif\u00edcil. \u00bfEn qu\u00e9 momento vital se encuentra ahora?<\/strong><br>Mucha felicidad y mucho orgullo. Siento mucho orgullo por este disco, y siento mucha felicidad de poderlo compartir. Y tambi\u00e9n de mucha realizaci\u00f3n, porque estoy pudiendo realizar esta gira que tanto so\u00f1\u00e9, y este disco con el que sigo en lo que estoy buscando y defiendo, que es la libertad de renovarme, de reinventarme de construirme y reconstruirme como artista. Entonces estoy muy contenta, porque estoy viviendo algo que puedo explorar, que me da la libertad de explorar.<\/p>\n\n\n\n<p><strong>Desde sus inicios en la m\u00fasica, la renovaci\u00f3n ha sido una constante. Y desde hace unos a\u00f1os, da la impresi\u00f3n de que es una de las artistas con m\u00e1s libertad a la hora de guiar su carrera.<\/strong><br>Me gusta la libertad para crear.&nbsp;Creo que soy bastante afortunada, pero tambi\u00e9n soy bastante terca para que las cosas se hagan como me gustan. El otro d\u00eda dec\u00eda \u201cyo creo que si las cosas las tuviera que hacer de cierta manera impuesta, quiz\u00e1s no estar\u00eda aqu\u00ed\u201d.&nbsp;Quiz\u00e1s no aguantar\u00eda.&nbsp;Pero tambi\u00e9n me gustan mucho la sorpresa, por ejemplo con las colaboraciones de este disco, de qu\u00e9 van a hacer otros con mi m\u00fasica y con lo que estoy proponiendo.<\/p>\n\n\n\n<p><\/p>\n\n\n\n<p><\/p>\n\n\n\n<p><strong>\u00bfEsto lo lleva tambi\u00e9n a la gira actual? \u00bfQu\u00e9 puede encontrarse el p\u00fablico?<\/strong><br>Ay, est\u00e1 siendo muy bonito. No es s\u00f3lo que pidan y canten las canciones y defender algo que en el fondo soy yo sola en el escenario, que voy desnuda en ese sentido, s\u00f3lo tengo mi guitarra y mi voz. Pero al mismo tiempo siento lo mismo del p\u00fablico, una energ\u00eda y un nivel de intimidad que es nuestro. Y est\u00e1 siendo m\u00e1gico, porque cada noche es distinto. Y hoy en d\u00eda es muy dif\u00edcil encontrar ese tipo de conexiones. En el teatro, por ejemplo, que s\u00ed te regala ese tipo de conexi\u00f3n.<\/p>\n\n\n\n<p>Lo m\u00e1s visto<\/p>\n\n\n\n<ul class=\"wp-block-list\">\n<li><a href=\"https:\/\/www.revistavanityfair.es\/articulos\/ana-armas-escenas-keanu-reeves#intcid=_vanity-fair-es-right-rail_a7f5a443-46c8-4a9f-8dea-bc457a119bec_popular4-2\"><\/a><a href=\"https:\/\/www.revistavanityfair.es\/articulos\/ana-armas-escenas-keanu-reeves#intcid=_vanity-fair-es-right-rail_a7f5a443-46c8-4a9f-8dea-bc457a119bec_popular4-2\"><\/a><a href=\"https:\/\/www.revistavanityfair.es\/articulos\/ana-armas-escenas-keanu-reeves#intcid=_vanity-fair-es-right-rail_a7f5a443-46c8-4a9f-8dea-bc457a119bec_popular4-2\"><\/a>Celebrities<a href=\"https:\/\/www.revistavanityfair.es\/articulos\/ana-armas-escenas-keanu-reeves#intcid=_vanity-fair-es-right-rail_a7f5a443-46c8-4a9f-8dea-bc457a119bec_popular4-2\"><\/a><a href=\"https:\/\/www.revistavanityfair.es\/articulos\/ana-armas-escenas-keanu-reeves#intcid=_vanity-fair-es-right-rail_a7f5a443-46c8-4a9f-8dea-bc457a119bec_popular4-2\">\u00ab\u00a1Le tengo que recordar a mi familia que yo tambi\u00e9n estoy en las pel\u00edculas!\u201d: Ana de Armas se sincera sobre su \u00e9xito en Hollywood<\/a>Por\u00a0Marita Alonso<\/li>\n\n\n\n<li><a href=\"https:\/\/www.revistavanityfair.es\/articulos\/violet-affleck-discusion-madre-jennifer-garner-hotel#intcid=_vanity-fair-es-right-rail_a7f5a443-46c8-4a9f-8dea-bc457a119bec_popular4-2\"><\/a><a href=\"https:\/\/www.revistavanityfair.es\/articulos\/violet-affleck-discusion-madre-jennifer-garner-hotel#intcid=_vanity-fair-es-right-rail_a7f5a443-46c8-4a9f-8dea-bc457a119bec_popular4-2\"><\/a><a href=\"https:\/\/www.revistavanityfair.es\/articulos\/violet-affleck-discusion-madre-jennifer-garner-hotel#intcid=_vanity-fair-es-right-rail_a7f5a443-46c8-4a9f-8dea-bc457a119bec_popular4-2\"><\/a>Celebrities<a href=\"https:\/\/www.revistavanityfair.es\/articulos\/violet-affleck-discusion-madre-jennifer-garner-hotel#intcid=_vanity-fair-es-right-rail_a7f5a443-46c8-4a9f-8dea-bc457a119bec_popular4-2\"><\/a><a href=\"https:\/\/www.revistavanityfair.es\/articulos\/violet-affleck-discusion-madre-jennifer-garner-hotel#intcid=_vanity-fair-es-right-rail_a7f5a443-46c8-4a9f-8dea-bc457a119bec_popular4-2\">\u201cElla estaba en estado de shock\u201d: la discusi\u00f3n de Violet (hija de Ben Affleck y Jennifer Garner) con su madre por la crisis clim\u00e1tica<\/a>Por\u00a0Marita Alonso<\/li>\n\n\n\n<li><a href=\"https:\/\/www.revistavanityfair.es\/articulos\/boda-joaquin-dinamarca-marie-cavallier-monpezat#intcid=_vanity-fair-es-right-rail_a7f5a443-46c8-4a9f-8dea-bc457a119bec_popular4-2\"><\/a><a href=\"https:\/\/www.revistavanityfair.es\/articulos\/boda-joaquin-dinamarca-marie-cavallier-monpezat#intcid=_vanity-fair-es-right-rail_a7f5a443-46c8-4a9f-8dea-bc457a119bec_popular4-2\"><\/a><a href=\"https:\/\/www.revistavanityfair.es\/articulos\/boda-joaquin-dinamarca-marie-cavallier-monpezat#intcid=_vanity-fair-es-right-rail_a7f5a443-46c8-4a9f-8dea-bc457a119bec_popular4-2\"><\/a>Bodas Reales<a href=\"https:\/\/www.revistavanityfair.es\/articulos\/boda-joaquin-dinamarca-marie-cavallier-monpezat#intcid=_vanity-fair-es-right-rail_a7f5a443-46c8-4a9f-8dea-bc457a119bec_popular4-2\"><\/a><a href=\"https:\/\/www.revistavanityfair.es\/articulos\/boda-joaquin-dinamarca-marie-cavallier-monpezat#intcid=_vanity-fair-es-right-rail_a7f5a443-46c8-4a9f-8dea-bc457a119bec_popular4-2\">La boda de Joaqu\u00edn de Dinamarca y Marie Cavallier: un novio entre l\u00e1grimas, una tiara de la reina Margarita y un vestido de novia con gui\u00f1o a Espa\u00f1a en el segundo matrimonio del pr\u00edncipe<\/a>Por\u00a0Estrella Albendea Ruiz<\/li>\n<\/ul>\n\n\n\n<p><\/p>\n\n\n\n<p>Por eso a m\u00ed me gusta llamar a esto que hago ahora el teatro de la canci\u00f3n. Porque hay algo muy esc\u00e9nico, hay una narrativa y hay un camino de la canci\u00f3n, en el que voy recorriendo cada etapa de mi vida como cancionera, con las canciones que me han marcado o han sido mis referentes, pero todo eso se va armando desde una guitarra y una voz. Es un h\u00edbrido entre mi momento actual y lo que me ha representado todos estos a\u00f1os Para m\u00ed vivir esto, explorar esto, era algo muy importante, y ahora que lo estoy haciendo, lo estoy disfrutando bastante.<\/p>\n\n\n\n<p><\/p>\n\n\n\n<p><strong>\u00bfDe d\u00f3nde surgi\u00f3 el concepto de la&nbsp;<em>Cancionera<\/em>?<\/strong><br>De la idea de la gira, porque no hab\u00eda un disco como tal. Y tambi\u00e9n ten\u00eda que buscarle nombre a la gira, y cuando estaba yo pens\u00e1ndolo vinieron varias ideas, y surgi\u00f3 el nombre de&nbsp;<em>Cancionera<\/em>. Ah\u00ed yo supe que quer\u00eda componer una canci\u00f3n con ese t\u00edtulo. Aunque no ten\u00eda el texto, ni sab\u00eda de qu\u00e9 iba a tratar. Meses despu\u00e9s, lleg\u00f3 la canci\u00f3n,&nbsp;que es una especie de pacto conmigo misma, de reconocimiento de mi camino como mujer, como m\u00fasico, como cancionera\u2026 Pero tambi\u00e9n de la importancia de cuidar la flor, como yo la llamo, la flor de la canci\u00f3n que todos llevamos dentro, de la lealtad a una misma, del amor propio, de la autenticidad y el no dejar de jugar.<\/p>\n\n\n\n<figure class=\"wp-block-embed is-type-video is-provider-youtube wp-block-embed-youtube wp-embed-aspect-16-9 wp-has-aspect-ratio\"><div class=\"wp-block-embed__wrapper\">\n<iframe title=\"Natalia Lafourcade - Cancionera\" width=\"500\" height=\"281\" src=\"https:\/\/www.youtube.com\/embed\/FyKaPD59oCU?feature=oembed\" frameborder=\"0\" allow=\"accelerometer; autoplay; clipboard-write; encrypted-media; gyroscope; picture-in-picture; web-share\" referrerpolicy=\"strict-origin-when-cross-origin\" allowfullscreen><\/iframe>\n<\/div><\/figure>\n\n\n\n<p><strong>Pero mientras Cancionera parece salida de una radio AM del pasado, hay canciones como&nbsp;<a href=\"https:\/\/www.youtube.com\/watch?v=_DTjXZCoOkc\">Cari\u00f1ito de Acapulco<\/a>, que nos remiten a la noche o a salas de fiestas.<\/strong><br>S\u00ed, porque la canci\u00f3n en s\u00ed es tambi\u00e9n un homenaje a cancioneras y cancioneros, y de ah\u00ed me sali\u00f3 este alter ago, esta dualidad que se refleja muy bien en el disco. Que se mueve entre canciones muy et\u00e9reas, muy rom\u00e1nticas, muy del pasado, y otras que son totalmente terrenales, muy \u201cchavelianas\u201d, muy de la noche y el mezcal. Tener este personaje me permite saltarme mi zona de comodidad y jugar con diferentes matices. Hay un elemento de fantas\u00eda, del cine de la Edad de Oro de M\u00e9xico, y juego con todo eso.<\/p>\n\n\n\n<p>Lo m\u00e1s visto<\/p>\n\n\n\n<ul class=\"wp-block-list\">\n<li><a href=\"https:\/\/www.revistavanityfair.es\/articulos\/ana-armas-escenas-keanu-reeves#intcid=_vanity-fair-es-right-rail_a7f5a443-46c8-4a9f-8dea-bc457a119bec_popular4-2\"><\/a><a href=\"https:\/\/www.revistavanityfair.es\/articulos\/ana-armas-escenas-keanu-reeves#intcid=_vanity-fair-es-right-rail_a7f5a443-46c8-4a9f-8dea-bc457a119bec_popular4-2\"><\/a><a href=\"https:\/\/www.revistavanityfair.es\/articulos\/ana-armas-escenas-keanu-reeves#intcid=_vanity-fair-es-right-rail_a7f5a443-46c8-4a9f-8dea-bc457a119bec_popular4-2\"><\/a>Celebrities<a href=\"https:\/\/www.revistavanityfair.es\/articulos\/ana-armas-escenas-keanu-reeves#intcid=_vanity-fair-es-right-rail_a7f5a443-46c8-4a9f-8dea-bc457a119bec_popular4-2\"><\/a><a href=\"https:\/\/www.revistavanityfair.es\/articulos\/ana-armas-escenas-keanu-reeves#intcid=_vanity-fair-es-right-rail_a7f5a443-46c8-4a9f-8dea-bc457a119bec_popular4-2\">\u00ab\u00a1Le tengo que recordar a mi familia que yo tambi\u00e9n estoy en las pel\u00edculas!\u201d: Ana de Armas se sincera sobre su \u00e9xito en Hollywood<\/a>Por\u00a0Marita Alonso<\/li>\n\n\n\n<li><a href=\"https:\/\/www.revistavanityfair.es\/articulos\/violet-affleck-discusion-madre-jennifer-garner-hotel#intcid=_vanity-fair-es-right-rail_a7f5a443-46c8-4a9f-8dea-bc457a119bec_popular4-2\"><\/a><a href=\"https:\/\/www.revistavanityfair.es\/articulos\/violet-affleck-discusion-madre-jennifer-garner-hotel#intcid=_vanity-fair-es-right-rail_a7f5a443-46c8-4a9f-8dea-bc457a119bec_popular4-2\"><\/a><a href=\"https:\/\/www.revistavanityfair.es\/articulos\/violet-affleck-discusion-madre-jennifer-garner-hotel#intcid=_vanity-fair-es-right-rail_a7f5a443-46c8-4a9f-8dea-bc457a119bec_popular4-2\"><\/a>Celebrities<a href=\"https:\/\/www.revistavanityfair.es\/articulos\/violet-affleck-discusion-madre-jennifer-garner-hotel#intcid=_vanity-fair-es-right-rail_a7f5a443-46c8-4a9f-8dea-bc457a119bec_popular4-2\"><\/a><a href=\"https:\/\/www.revistavanityfair.es\/articulos\/violet-affleck-discusion-madre-jennifer-garner-hotel#intcid=_vanity-fair-es-right-rail_a7f5a443-46c8-4a9f-8dea-bc457a119bec_popular4-2\">\u201cElla estaba en estado de shock\u201d: la discusi\u00f3n de Violet (hija de Ben Affleck y Jennifer Garner) con su madre por la crisis clim\u00e1tica<\/a>Por\u00a0Marita Alonso<\/li>\n\n\n\n<li><a href=\"https:\/\/www.revistavanityfair.es\/articulos\/boda-joaquin-dinamarca-marie-cavallier-monpezat#intcid=_vanity-fair-es-right-rail_a7f5a443-46c8-4a9f-8dea-bc457a119bec_popular4-2\"><\/a><a href=\"https:\/\/www.revistavanityfair.es\/articulos\/boda-joaquin-dinamarca-marie-cavallier-monpezat#intcid=_vanity-fair-es-right-rail_a7f5a443-46c8-4a9f-8dea-bc457a119bec_popular4-2\"><\/a><a href=\"https:\/\/www.revistavanityfair.es\/articulos\/boda-joaquin-dinamarca-marie-cavallier-monpezat#intcid=_vanity-fair-es-right-rail_a7f5a443-46c8-4a9f-8dea-bc457a119bec_popular4-2\"><\/a>Bodas Reales<a href=\"https:\/\/www.revistavanityfair.es\/articulos\/boda-joaquin-dinamarca-marie-cavallier-monpezat#intcid=_vanity-fair-es-right-rail_a7f5a443-46c8-4a9f-8dea-bc457a119bec_popular4-2\"><\/a><a href=\"https:\/\/www.revistavanityfair.es\/articulos\/boda-joaquin-dinamarca-marie-cavallier-monpezat#intcid=_vanity-fair-es-right-rail_a7f5a443-46c8-4a9f-8dea-bc457a119bec_popular4-2\">La boda de Joaqu\u00edn de Dinamarca y Marie Cavallier: un novio entre l\u00e1grimas, una tiara de la reina Margarita y un vestido de novia con gui\u00f1o a Espa\u00f1a en el segundo matrimonio del pr\u00edncipe<\/a>Por\u00a0Estrella Albendea Ruiz<\/li>\n<\/ul>\n\n\n\n<p><\/p>\n\n\n\n<p><strong>Me ha sorprendido ver que Natalia Lafourcade volv\u00eda a divertirse en este disco, que era algo que parec\u00eda m\u00e1s ausente en los anteriores, y que est\u00e1 muy presente en temas como&nbsp;<a href=\"https:\/\/www.youtube.com\/watch?v=UgvR5S4RBh8\"><em>El Palomo y la Negra<\/em><\/a>.<\/strong>&nbsp;<br>Es que hacerlo fue un goce tremendo. Est\u00e1bamos en un cuarto metidos todos los m\u00fasicos, m\u00e1s las c\u00e1maras, y todo eso para m\u00ed fue muy estimulante. Fue muy bonito poder crear de esa manera, sabes, con mucha libertad y mucho juego y mucha confianza tambi\u00e9n.&nbsp;Y compartirlo con amigos, con otras personas en quienes conf\u00edo.&nbsp;Siento mucho m\u00e1s ese esp\u00edritu l\u00fadico, porque&nbsp;<em>De todas las flores<\/em>&nbsp;fue un disco m\u00e1s hacia adentro, y este tambi\u00e9n sale de dentro, pero de la risa, de la fiesta,<\/p>\n\n\n\n<p><strong>Y ambos discos est\u00e1n producidos por Ad\u00e1n Jodorowski. \u00bfC\u00f3mo es su relaci\u00f3n con \u00e9l?<\/strong><br>Bueno, Ad\u00e1n era y es la persona perfecta para lo que yo quer\u00eda hacer, para este experimento, porque es mi amigo, es mi cocreador, es mi coproductor, es tantas cosas para m\u00ed que con \u00e9l siento que me puedo entregar, conf\u00edo plenamente en \u00e9l a la hora de grabar.<\/p>\n\n\n\n<p><strong>La canci\u00f3n que cierra est\u00e1 dedicada el disco est\u00e1 dedicada a su madre [Maricarmen Silva, pianista y pedagoga musical, creadora de un m\u00e9todo propio con el que educ\u00f3 a su hija], que es una persona muy presente en su discograf\u00eda y que ya aparec\u00eda en&nbsp;<em>De todas las flores<\/em>\u2026<\/strong><br>S\u00ed, y la apertura est\u00e1 dedicada a mi padre. Creo que al querer hacer un disco que marcara mis 40 a\u00f1os, quer\u00eda tener estas dos piezas, que son un homenaje literal hacia mi linaje. Eso era muy importante para m\u00ed. En este momento de mi vida surgen muchas reflexiones, muchas preguntas, y tener claro de d\u00f3nde vengo, tener un ancla muy clara, me sirve tambi\u00e9n para saber hacia d\u00f3nde me estoy dirigiendo ahora.<\/p>\n\n\n\n<p><strong>\u00bfY sabe cu\u00e1l es el destino?<\/strong><br>S\u00e9 los or\u00edgenes, m\u00e1s o menos. Y bueno, el destino preciso no lo s\u00e9, pero s\u00ed el camino, y lo bonito que es saber que haciendo lo que hago soy muy feliz, ir viendo cu\u00e1l es mi lugar y c\u00f3mo va encajando todo.<\/p>\n\n\n\n<p>Fuente: <a href=\"https:\/\/www.revistavanityfair.es\/articulos\/natalia-lafourcade-cancionera-disco-gira-entrevista\">https:\/\/www.revistavanityfair.es\/articulos\/natalia-lafourcade-cancionera-disco-gira-entrevista<\/a><\/p>\n","protected":false},"excerpt":{"rendered":"<p>La cantante mexicana m\u00e1s premiada regresa por partida doble con\u00a0Cancionera. Por un lado, un disco de estudio grabado a la [&hellip;]<\/p>\n","protected":false},"author":1,"featured_media":100026,"comment_status":"open","ping_status":"open","sticky":false,"template":"","format":"standard","meta":{"site-sidebar-layout":"default","site-content-layout":"","ast-site-content-layout":"default","site-content-style":"default","site-sidebar-style":"default","ast-global-header-display":"","ast-banner-title-visibility":"","ast-main-header-display":"","ast-hfb-above-header-display":"","ast-hfb-below-header-display":"","ast-hfb-mobile-header-display":"","site-post-title":"","ast-breadcrumbs-content":"","ast-featured-img":"","footer-sml-layout":"","theme-transparent-header-meta":"","adv-header-id-meta":"","stick-header-meta":"","header-above-stick-meta":"","header-main-stick-meta":"","header-below-stick-meta":"","astra-migrate-meta-layouts":"default","ast-page-background-enabled":"default","ast-page-background-meta":{"desktop":{"background-color":"var(--ast-global-color-4)","background-image":"","background-repeat":"repeat","background-position":"center center","background-size":"auto","background-attachment":"scroll","background-type":"","background-media":"","overlay-type":"","overlay-color":"","overlay-opacity":"","overlay-gradient":""},"tablet":{"background-color":"","background-image":"","background-repeat":"repeat","background-position":"center center","background-size":"auto","background-attachment":"scroll","background-type":"","background-media":"","overlay-type":"","overlay-color":"","overlay-opacity":"","overlay-gradient":""},"mobile":{"background-color":"","background-image":"","background-repeat":"repeat","background-position":"center center","background-size":"auto","background-attachment":"scroll","background-type":"","background-media":"","overlay-type":"","overlay-color":"","overlay-opacity":"","overlay-gradient":""}},"ast-content-background-meta":{"desktop":{"background-color":"var(--ast-global-color-5)","background-image":"","background-repeat":"repeat","background-position":"center center","background-size":"auto","background-attachment":"scroll","background-type":"","background-media":"","overlay-type":"","overlay-color":"","overlay-opacity":"","overlay-gradient":""},"tablet":{"background-color":"var(--ast-global-color-5)","background-image":"","background-repeat":"repeat","background-position":"center center","background-size":"auto","background-attachment":"scroll","background-type":"","background-media":"","overlay-type":"","overlay-color":"","overlay-opacity":"","overlay-gradient":""},"mobile":{"background-color":"var(--ast-global-color-5)","background-image":"","background-repeat":"repeat","background-position":"center center","background-size":"auto","background-attachment":"scroll","background-type":"","background-media":"","overlay-type":"","overlay-color":"","overlay-opacity":"","overlay-gradient":""}},"footnotes":""},"categories":[8],"tags":[38701,20590,38700],"class_list":["post-100025","post","type-post","status-publish","format-standard","has-post-thumbnail","hentry","category-noticias","tag-cancionera","tag-natalia-lafourcade","tag-una-gira-de-guitarra-y-voz"],"_links":{"self":[{"href":"https:\/\/losperiodistas.com.mx\/portal\/wp-json\/wp\/v2\/posts\/100025","targetHints":{"allow":["GET"]}}],"collection":[{"href":"https:\/\/losperiodistas.com.mx\/portal\/wp-json\/wp\/v2\/posts"}],"about":[{"href":"https:\/\/losperiodistas.com.mx\/portal\/wp-json\/wp\/v2\/types\/post"}],"author":[{"embeddable":true,"href":"https:\/\/losperiodistas.com.mx\/portal\/wp-json\/wp\/v2\/users\/1"}],"replies":[{"embeddable":true,"href":"https:\/\/losperiodistas.com.mx\/portal\/wp-json\/wp\/v2\/comments?post=100025"}],"version-history":[{"count":1,"href":"https:\/\/losperiodistas.com.mx\/portal\/wp-json\/wp\/v2\/posts\/100025\/revisions"}],"predecessor-version":[{"id":100027,"href":"https:\/\/losperiodistas.com.mx\/portal\/wp-json\/wp\/v2\/posts\/100025\/revisions\/100027"}],"wp:featuredmedia":[{"embeddable":true,"href":"https:\/\/losperiodistas.com.mx\/portal\/wp-json\/wp\/v2\/media\/100026"}],"wp:attachment":[{"href":"https:\/\/losperiodistas.com.mx\/portal\/wp-json\/wp\/v2\/media?parent=100025"}],"wp:term":[{"taxonomy":"category","embeddable":true,"href":"https:\/\/losperiodistas.com.mx\/portal\/wp-json\/wp\/v2\/categories?post=100025"},{"taxonomy":"post_tag","embeddable":true,"href":"https:\/\/losperiodistas.com.mx\/portal\/wp-json\/wp\/v2\/tags?post=100025"}],"curies":[{"name":"wp","href":"https:\/\/api.w.org\/{rel}","templated":true}]}}