{"id":100022,"date":"2025-05-24T08:07:16","date_gmt":"2025-05-24T14:07:16","guid":{"rendered":"https:\/\/losperiodistas.com.mx\/portal\/?p=100022"},"modified":"2025-05-24T08:07:17","modified_gmt":"2025-05-24T14:07:17","slug":"la-mexicana-ciudad-juarez-inaugura-la-feria-del-libro-de-la-frontera-con-250-actividades-efe","status":"publish","type":"post","link":"https:\/\/losperiodistas.com.mx\/portal\/la-mexicana-ciudad-juarez-inaugura-la-feria-del-libro-de-la-frontera-con-250-actividades-efe\/","title":{"rendered":"La mexicana Ciudad Ju\u00e1rez inaugura la Feria del Libro de la Frontera con 250 actividades | EFE"},"content":{"rendered":"\n<p><a href=\"https:\/\/app.powerbeans.ai\/redirect\" target=\"_blank\" rel=\"noreferrer noopener\"><\/a><\/p>\n\n\n\n<figure class=\"wp-block-image size-full\"><img fetchpriority=\"high\" decoding=\"async\" width=\"900\" height=\"599\" src=\"https:\/\/losperiodistas.com.mx\/portal\/wp-content\/uploads\/2025\/05\/MEX3092-MEXICO-LIBROS-1.jpeg\" alt=\"\" class=\"wp-image-100023\" srcset=\"https:\/\/losperiodistas.com.mx\/portal\/wp-content\/uploads\/2025\/05\/MEX3092-MEXICO-LIBROS-1.jpeg 900w, https:\/\/losperiodistas.com.mx\/portal\/wp-content\/uploads\/2025\/05\/MEX3092-MEXICO-LIBROS-1-300x200.jpeg 300w, https:\/\/losperiodistas.com.mx\/portal\/wp-content\/uploads\/2025\/05\/MEX3092-MEXICO-LIBROS-1-768x511.jpeg 768w\" sizes=\"(max-width: 900px) 100vw, 900px\" \/><figcaption class=\"wp-element-caption\">Personas recorren la novena edici\u00f3n de la Feria del Libro de la Frontera (FILEF) este viernes, en el Centro Cultural Paso del Norte en Ciudad Ju\u00e1rez, Chihuahua (M\u00e9xico). EFE\/ Luis Torres<\/figcaption><\/figure>\n\n\n\n<p class=\"has-vivid-red-color has-text-color has-link-color has-medium-font-size wp-elements-23db7e95974579b190d8bc7ea9a6cef6\"><strong>Agencia EFE<\/strong><\/p>\n\n\n\n<p>Ciudad Ju\u00e1rez (M\u00e9xico) (EFE).- El estado mexicano de Chihuahua (norte) inaugur\u00f3 este viernes la novena edici\u00f3n de la Feria del Libro de la Frontera (FILEF) en la fronteriza Ciudad Ju\u00e1rez, con una programaci\u00f3n que contempla m\u00e1s de 250 actividades para p\u00fablicos de todas las edades.<\/p>\n\n\n\n<p>El evento, que se realiza este fin de semana en el Centro Cultural Paso del Norte, re\u00fane editoriales independientes, autores reconocidos y m\u00faltiples expresiones art\u00edsticas, en un esfuerzo binacional de M\u00e9xico y Estados Unidos por fortalecer el h\u00e1bito de la lectura.<\/p>\n\n\n\n<p>La subsecretaria de Cultura de Chihuahua, Alejandra Enr\u00edquez Guti\u00e9rrez, destac\u00f3 en la apertura del evento que esta edici\u00f3n fue creada con especial atenci\u00f3n a las necesidades de la comunidad fronteriza.<\/p>\n\n\n\n<p>\u00abLa hemos dise\u00f1ado pr\u00e1cticamente de manera artesanal, con mucho cari\u00f1o para quienes habitan Ciudad Ju\u00e1rez, la frontera n\u00famero uno, la m\u00e1s bella, la m\u00e1s hermosa\u00bb, expres\u00f3.<\/p>\n\n\n\n<p>La funcionaria explic\u00f3 que se han dispuesto tres pabellones principales: uno enfocado en infancias; otro dedicado a ediciones especiales y libros raros, y un tercero que alberga editoriales independientes, tanto locales como nacionales.<\/p>\n\n\n\n<figure class=\"wp-block-image\"><img decoding=\"async\" src=\"https:\/\/i0.wp.com\/efe.com\/wp-content\/uploads\/2025\/05\/MEX3091-MEXICO-LIBROS.webp?resize=900%2C599&amp;ssl=1\" alt=\"\" class=\"wp-image-1898478\"\/><figcaption class=\"wp-element-caption\">MEX3095. CIUDAD JU\u00c1REZ (M\u00c9XICO), 23\/05\/2025.- Personas recorren la novena edici\u00f3n de la Feria del Libro de la Frontera (FILEF) este viernes, en el Centro Cultural Paso del Norte en Ciudad Ju\u00e1rez, Chihuahua (M\u00e9xico). EFE\/ Luis Torres<\/figcaption><\/figure>\n\n\n\n<h2 class=\"wp-block-heading\" id=\"h-actividades-que-integran-arte-urbano\">Actividades que integran arte urbano<\/h2>\n\n\n\n<p>\u00abTenemos cerca de 250 actividades: charlas, talleres, debates, presentaciones estelares y hasta \u2018slams\u2019 po\u00e9ticos que integran el rap y el arte urbano\u00bb, a\u00f1adi\u00f3 Enr\u00edquez Guti\u00e9rrez.<\/p>\n\n\n\n<p>Uno de los principales objetivos de la feria es fomentar la lectura desde una perspectiva accesible y l\u00fadica, se\u00f1al\u00f3.<\/p>\n\n\n\n<p>\u00abMuchos dicen que la lectura es cansada o que no hay tiempo, pero aqu\u00ed tambi\u00e9n hay audiolibros. No hay pretexto. En un mundo lleno de pantallas, regresar a lo tangible del papel es regresar a la serenidad\u00bb, subray\u00f3 la subsecretaria.<\/p>\n\n\n\n<p>Por su parte, el escritor mexicano \u00d3scar de la Borbolla, uno de los invitados especiales de esta edici\u00f3n, celebr\u00f3 la existencia de ferias como la de Ciudad Ju\u00e1rez, especialmente en contextos complejos.<\/p>\n\n\n\n<p>\u00abEsta es una zona muy conflictiva. Abrir espacios donde la comunidad se encuentre, conviva y quiz\u00e1s forme c\u00edrculos de lectura o de escritura es algo profundamente valioso\u00bb, afirm\u00f3.<\/p>\n\n\n\n<figure class=\"wp-block-image\"><img decoding=\"async\" src=\"https:\/\/i0.wp.com\/efe.com\/wp-content\/uploads\/2025\/05\/MEX3093-MEXICO-LIBROS.webp?resize=900%2C599&amp;ssl=1\" alt=\"\" class=\"wp-image-1898481\"\/><figcaption class=\"wp-element-caption\">Personas recorren la novena edici\u00f3n de la Feria del Libro de la Frontera (FILEF) este viernes, en el Centro Cultural Paso del Norte en Ciudad Ju\u00e1rez, Chihuahua (M\u00e9xico). EFE\/ Luis Torres<\/figcaption><\/figure>\n\n\n\n<h2 class=\"wp-block-heading\" id=\"h-industria-que-genera-empleos-y-vinculos-binacionales\">Industria que genera empleos y v\u00ednculos binacionales<\/h2>\n\n\n\n<p>Enr\u00edquez Guti\u00e9rrez destac\u00f3 adem\u00e1s la cadena de valor que sostiene una feria de esta magnitud, \u00abdesde quien escribe, imprime, comercializa y distribuye\u00bb.<\/p>\n\n\n\n<p>\u00abTodos forman parte de este esfuerzo. Es una industria que genera empleos y mantiene vivo un pilar de nuestra cultura: la lectura\u00bb, remarc\u00f3 la funcionaria.<\/p>\n\n\n\n<p>Asimismo, resalt\u00f3 el fortalecimiento de v\u00ednculos binacionales extendiendo presentaciones, charlas y lecturas a comunidades mexicanas en Estados Unidos, sumando esfuerzos con instituciones como la Universidad de Texas en El Paso (UTEP) y la Universidad de Nuevo M\u00e9xico.<\/p>\n\n\n\n<p>\u201cVamos a trabajar con el Consulado de M\u00e9xico en El Paso para llevar estas actividades al otro lado de la frontera\u201d, detall\u00f3 Enr\u00edquez.<\/p>\n\n\n\n<p>La FILEF se consolida as\u00ed no solo como una fiesta de las letras, sino como un espacio de resistencia cultural en una regi\u00f3n compleja, Un lugar donde la lectura sigue siendo una herramienta para la reflexi\u00f3n, la convivencia y el cambio.<\/p>\n\n\n\n<p>Fuente: <a href=\"https:\/\/efe.com\/cultura\/2025-05-24\/feria-libro-frontera-juarez\/\">https:\/\/efe.com\/cultura\/2025-05-24\/feria-libro-frontera-juarez\/<\/a><\/p>\n","protected":false},"excerpt":{"rendered":"<p>Agencia EFE Ciudad Ju\u00e1rez (M\u00e9xico) (EFE).- El estado mexicano de Chihuahua (norte) inaugur\u00f3 este viernes la novena edici\u00f3n de la [&hellip;]<\/p>\n","protected":false},"author":1,"featured_media":100023,"comment_status":"open","ping_status":"open","sticky":false,"template":"","format":"standard","meta":{"site-sidebar-layout":"default","site-content-layout":"","ast-site-content-layout":"default","site-content-style":"default","site-sidebar-style":"default","ast-global-header-display":"","ast-banner-title-visibility":"","ast-main-header-display":"","ast-hfb-above-header-display":"","ast-hfb-below-header-display":"","ast-hfb-mobile-header-display":"","site-post-title":"","ast-breadcrumbs-content":"","ast-featured-img":"","footer-sml-layout":"","theme-transparent-header-meta":"","adv-header-id-meta":"","stick-header-meta":"","header-above-stick-meta":"","header-main-stick-meta":"","header-below-stick-meta":"","astra-migrate-meta-layouts":"default","ast-page-background-enabled":"default","ast-page-background-meta":{"desktop":{"background-color":"var(--ast-global-color-4)","background-image":"","background-repeat":"repeat","background-position":"center center","background-size":"auto","background-attachment":"scroll","background-type":"","background-media":"","overlay-type":"","overlay-color":"","overlay-opacity":"","overlay-gradient":""},"tablet":{"background-color":"","background-image":"","background-repeat":"repeat","background-position":"center center","background-size":"auto","background-attachment":"scroll","background-type":"","background-media":"","overlay-type":"","overlay-color":"","overlay-opacity":"","overlay-gradient":""},"mobile":{"background-color":"","background-image":"","background-repeat":"repeat","background-position":"center center","background-size":"auto","background-attachment":"scroll","background-type":"","background-media":"","overlay-type":"","overlay-color":"","overlay-opacity":"","overlay-gradient":""}},"ast-content-background-meta":{"desktop":{"background-color":"var(--ast-global-color-5)","background-image":"","background-repeat":"repeat","background-position":"center center","background-size":"auto","background-attachment":"scroll","background-type":"","background-media":"","overlay-type":"","overlay-color":"","overlay-opacity":"","overlay-gradient":""},"tablet":{"background-color":"var(--ast-global-color-5)","background-image":"","background-repeat":"repeat","background-position":"center center","background-size":"auto","background-attachment":"scroll","background-type":"","background-media":"","overlay-type":"","overlay-color":"","overlay-opacity":"","overlay-gradient":""},"mobile":{"background-color":"var(--ast-global-color-5)","background-image":"","background-repeat":"repeat","background-position":"center center","background-size":"auto","background-attachment":"scroll","background-type":"","background-media":"","overlay-type":"","overlay-color":"","overlay-opacity":"","overlay-gradient":""}},"footnotes":""},"categories":[8],"tags":[38699,38698,38697],"class_list":["post-100022","post","type-post","status-publish","format-standard","has-post-thumbnail","hentry","category-noticias","tag-cultura-ciudad-juarez","tag-feria-del-libro-de-la-frontera","tag-filef"],"_links":{"self":[{"href":"https:\/\/losperiodistas.com.mx\/portal\/wp-json\/wp\/v2\/posts\/100022","targetHints":{"allow":["GET"]}}],"collection":[{"href":"https:\/\/losperiodistas.com.mx\/portal\/wp-json\/wp\/v2\/posts"}],"about":[{"href":"https:\/\/losperiodistas.com.mx\/portal\/wp-json\/wp\/v2\/types\/post"}],"author":[{"embeddable":true,"href":"https:\/\/losperiodistas.com.mx\/portal\/wp-json\/wp\/v2\/users\/1"}],"replies":[{"embeddable":true,"href":"https:\/\/losperiodistas.com.mx\/portal\/wp-json\/wp\/v2\/comments?post=100022"}],"version-history":[{"count":1,"href":"https:\/\/losperiodistas.com.mx\/portal\/wp-json\/wp\/v2\/posts\/100022\/revisions"}],"predecessor-version":[{"id":100024,"href":"https:\/\/losperiodistas.com.mx\/portal\/wp-json\/wp\/v2\/posts\/100022\/revisions\/100024"}],"wp:featuredmedia":[{"embeddable":true,"href":"https:\/\/losperiodistas.com.mx\/portal\/wp-json\/wp\/v2\/media\/100023"}],"wp:attachment":[{"href":"https:\/\/losperiodistas.com.mx\/portal\/wp-json\/wp\/v2\/media?parent=100022"}],"wp:term":[{"taxonomy":"category","embeddable":true,"href":"https:\/\/losperiodistas.com.mx\/portal\/wp-json\/wp\/v2\/categories?post=100022"},{"taxonomy":"post_tag","embeddable":true,"href":"https:\/\/losperiodistas.com.mx\/portal\/wp-json\/wp\/v2\/tags?post=100022"}],"curies":[{"name":"wp","href":"https:\/\/api.w.org\/{rel}","templated":true}]}}