{"id":100008,"date":"2025-05-23T15:27:36","date_gmt":"2025-05-23T21:27:36","guid":{"rendered":"https:\/\/losperiodistas.com.mx\/portal\/?p=100008"},"modified":"2025-05-23T15:27:37","modified_gmt":"2025-05-23T21:27:37","slug":"honores-a-don-victoriano-un-ganadero-de-puerta-grande-abc","status":"publish","type":"post","link":"https:\/\/losperiodistas.com.mx\/portal\/honores-a-don-victoriano-un-ganadero-de-puerta-grande-abc\/","title":{"rendered":"Honores a don Victoriano, un ganadero de Puerta Grande | ABC"},"content":{"rendered":"\n<h2 class=\"wp-block-heading has-vivid-green-cyan-background-color has-background\">Roca Rey &#8216;eligi\u00f3&#8217;, pero los toros de bravo fondo cayeron en Emilio de Justo, con la \u00fanica oreja, y Tom\u00e1s Rufo, que pincha la faena m\u00e1s rotunda y aclamada<\/h2>\n\n\n\n<h2 class=\"wp-block-heading has-medium-font-size\"><a href=\"https:\/\/www.abc.es\/cultura\/toros\/jueves-san-isidro-alcurrucen-20250522230035-nt.html\">Qu\u00e9 duras son las resacas<\/a><\/h2>\n\n\n\n<figure class=\"wp-block-image\"><img decoding=\"async\" src=\"https:\/\/s1.abcstatics.com\/abc\/www\/multimedia\/cultura\/2025\/05\/23\/rufo-RlxlRdtKSLn4nKnNYYy4uxJ-1200x840@diario_abc.jpg\" alt=\"Madrid rugi\u00f3 con la faena de Tom\u00e1s Rufo a Alabardero, con un pit\u00f3n zurdo de categor\u00eda\"\/><\/figure>\n\n\n\n<p>Madrid rugi\u00f3 con la faena de Tom\u00e1s Rufo a Alabardero, con un pit\u00f3n zurdo de categor\u00eda \/\/\u00a0<strong>Emilio M\u00e9ndez<\/strong><\/p>\n\n\n\n<p class=\"has-medium-font-size\"><strong><a href=\"https:\/\/www.abc.es\/autor\/rosario-perez-1332\/\">Rosario P\u00e9rez<\/a> \/ ABC<\/strong><\/p>\n\n\n\n<p>Madrid<\/p>\n\n\n\n<p><a href=\"javascript:void(0)\"><\/a><\/p>\n\n\n\n<p>Se respiraba un ambiente descomunal, un runr\u00fan que trascend\u00eda cualquier otra tarde. Llegaba ese que algunos llaman el Bruce Springsteen del toreo, la figura indiscutible que colg\u00f3 en apenas catorce horas el &#8216;No hay billetes&#8217;. No ha habido otro cartel de tanta expectaci\u00f3n en la&nbsp;feria. A las seis y cuarto abandonaba su suite del Palace para dirigirse a Las Ventas, donde una marabunta aguardaba su llegada. Tanto que hasta dificultaba el acceso al t\u00fanel sagrado. De lima y oro viejo, en un homenaje a su ciudad natal, vest\u00eda el peruano, en su s\u00e9ptimo pase\u00edllo de la temporada: todos en plazas de primera, todos con toros de primera. Completamente cinque\u00f1a era la corrida de Victoriano del R\u00edo elegida por el equipo de Roca, un conjunto serio y hechurado, pero en el que las bolitas de la suerte no cayeron en su lote, sino en el de sus compa\u00f1eros: los dos embistieron a Emilio de Justo, con un quinto de bandera en el que se sinti\u00f3 de nuevo torero de Madrid, y el triunfo arrastraba el sexto, al que pinch\u00f3 Tom\u00e1s Rufo despu\u00e9s de la faena m\u00e1s rotunda y aclamada. Formidable el l\u00edo del toledano, desatinado con la espada.<\/p>\n\n\n\n<p>La corrida era para que a las 19 salidas a hombros que se han conseguido con esta divisa en Las Ventas se sumaran dos m\u00e1s. Pero ah\u00ed el \u00fanico que se aupaba en volandas en la imaginaci\u00f3n era don Victoriano del R\u00edo, un ganadero de Puerta Grande. Honores para este criador de bravo, que atesora en la Comunidad de Madrid la divisa de m\u00e1s bravo fondo. As\u00ed se viene a la capital, ganadero. Con la seriedad que da el trap\u00edo y con la seriedad que da la casta.<\/p>\n\n\n\n<p>Arm\u00f3nico de pit\u00f3n a rabo era el primero, que humill\u00f3 mucho en el capote de Emilio de Justo, con m\u00e1s entrega que el d\u00eda anterior, gust\u00e1ndose en el galleo por chicuelinas. Reunido y templad\u00edsimo ser\u00eda el quite por ese palo de Andr\u00e9s, al que Emilio replic\u00f3 con otras de mano baja pero algo forzadas. \u00bfNo hab\u00eda otra cosa? Qu\u00e9 hartazgo: Chicuelo debe pegar respingos&#8230;<\/p>\n\n\n\n<p>El extreme\u00f1o busc\u00f3 el refugio del 6 por el viento con un Encaminado que promet\u00eda con su ritmo, con su prontitud, con esa manera de colocar la cara. De m\u00e1s acompa\u00f1amiento que mando pareci\u00f3 la faena, que, adem\u00e1s, pinch\u00f3. S\u00ed se volc\u00f3 con fe en el Bocinero cuarto, otro toro de m\u00e1s de seiscientos kilos que vuelve a embestir en San Isidro. \u00a1Y c\u00f3mo lo hizo! Qu\u00e9 son m\u00e1s extraordinario. Para gozarlo y sentirlo, como ahora s\u00ed har\u00eda De Justo en una obra &#8216;in crescendo&#8217;, con pasajes de embelesador aroma, en la que el de Torrejoncillo se sinti\u00f3 de nuevo torero de Madrid. Cort\u00f3 una oreja de verdad, aunque el lote era para cimbrearse a hombros por la calle de Alcal\u00e1.<\/p>\n\n\n\n<p>En su tizona ten\u00eda la llave Tom\u00e1s Rufo en un sexto que, pese a gustar menos de salida, embisti\u00f3 con excepcional categor\u00eda. De lujo por el izquierdo, la mano de contar los billetes. Y de cine, templad\u00edsimo, al ralent\u00ed, lo tore\u00f3 el de Pepino en una faena para encumbrarse \u2013se crece a la vera de Roca Rey\u2013. A &#8216;revientacalderas&#8217; pusieron los tendidos S\u00e1nchez y Blasco con los palos. Sabedor de que Alabardero escond\u00eda un premio gordo, el matador brind\u00f3 al p\u00fablico, con tantas caras j\u00f3venes y con mucho rostro famoso. Hasta los que lo protestaban acabaron aplaudiendo a Alabardero, que sac\u00f3 un fondo de bravura para llevarse las pajuelas \u2013\u00a1cu\u00e1ntos test\u00edculos va a cortar el ganadero esta feria!\u2013. Rufo, con ese temple que ha bebido en las fuentes de los Lozano, dibuj\u00f3 naturales soberbios, de los que desencadenaban el ole y el rugido vente\u00f1o. Sonre\u00eda don Victoriano desde su burladero con la profundidad de Alabardero, que hasta hizo el avi\u00f3n. Por los dos lados embisti\u00f3, pero por el zurdo era de oro, como se vio en ese torero ep\u00edlogo en el que segu\u00eda yendo hasta el final, con esa excelencia de la entrega. Falt\u00f3 la r\u00fabrica y los pinchazos dejaron la gloria en una vuelta al ruedo. Promet\u00eda el tercero, pero se lastim\u00f3 en el inicio de rodillas \u2013interminable un muletazo\u2013 y aquello se disip\u00f3.<\/p>\n\n\n\n<h3 class=\"wp-block-heading\">Feria de San Isidro<\/h3>\n\n\n\n<ul class=\"wp-block-list\">\n<li><strong>Monumental de las Ventas.<\/strong>\u00a0Viernes, 23 de mayo de 2025. Cartel de &#8216;No hay billetes&#8217;. Toros de Victoriano del R\u00edo, bien presentados y serios; de bravo fondo y con entrega dentro de su variado juego; destacaron 1\u00ba, 4\u00ba y 6\u00ba; el m\u00e1s geniudo fue el 2\u00ba.<\/li>\n\n\n\n<li><strong>Emilio de Justo,<\/strong>\u00a0de nazareno y oro: tres pinchazos y otro hondo (silencio); estoconazo (oreja con cierta petici\u00f3n de otra).<\/li>\n\n\n\n<li><strong>Roca Rey,<\/strong>\u00a0de lima y oro: pinchazo y estocada desprendida (silencio); pinchazo, estocada y dos descabellos (silencio tras aviso).<\/li>\n\n\n\n<li><strong>Tom\u00e1s Rufo,<\/strong>\u00a0de verde y oro: cuatro pinchazos y descabello (silencio tras aviso); dos pinchazos y estocada (vuelta al ruedo).<\/li>\n<\/ul>\n\n\n\n<p>El de m\u00e1s geniudo temperamento, el de mayor peligro, le toc\u00f3 a Roca Rey. Impuesto se llamaba y, ya se sabe, no hay impuesto alegre. Mucha calidad ten\u00eda el quinto, que se vino abajo en varas y no transmiti\u00f3 en la faena, brindada a Isabel D\u00edaz Ayuso por su valent\u00eda como mujer. Ni Misterio \u2013el \u00fanico desorejado (por Talavante)\u2013, ni Frenoso, ni Bocinero, ni Alabardero&#8230; Roca tendr\u00e1 que esperar a la del Torero.<\/p>\n\n\n\n<p>Fuente: <a href=\"https:\/\/www.abc.es\/cultura\/toros\/viernes-roca-rey-20250523184233-nt.html\">https:\/\/www.abc.es\/cultura\/toros\/viernes-roca-rey-20250523184233-nt.html<\/a><\/p>\n","protected":false},"excerpt":{"rendered":"<p>Roca Rey &#8216;eligi\u00f3&#8217;, pero los toros de bravo fondo cayeron en Emilio de Justo, con la \u00fanica oreja, y Tom\u00e1s [&hellip;]<\/p>\n","protected":false},"author":1,"featured_media":100009,"comment_status":"open","ping_status":"open","sticky":false,"template":"","format":"standard","meta":{"site-sidebar-layout":"default","site-content-layout":"","ast-site-content-layout":"default","site-content-style":"default","site-sidebar-style":"default","ast-global-header-display":"","ast-banner-title-visibility":"","ast-main-header-display":"","ast-hfb-above-header-display":"","ast-hfb-below-header-display":"","ast-hfb-mobile-header-display":"","site-post-title":"","ast-breadcrumbs-content":"","ast-featured-img":"","footer-sml-layout":"","theme-transparent-header-meta":"","adv-header-id-meta":"","stick-header-meta":"","header-above-stick-meta":"","header-main-stick-meta":"","header-below-stick-meta":"","astra-migrate-meta-layouts":"default","ast-page-background-enabled":"default","ast-page-background-meta":{"desktop":{"background-color":"var(--ast-global-color-4)","background-image":"","background-repeat":"repeat","background-position":"center center","background-size":"auto","background-attachment":"scroll","background-type":"","background-media":"","overlay-type":"","overlay-color":"","overlay-opacity":"","overlay-gradient":""},"tablet":{"background-color":"","background-image":"","background-repeat":"repeat","background-position":"center center","background-size":"auto","background-attachment":"scroll","background-type":"","background-media":"","overlay-type":"","overlay-color":"","overlay-opacity":"","overlay-gradient":""},"mobile":{"background-color":"","background-image":"","background-repeat":"repeat","background-position":"center center","background-size":"auto","background-attachment":"scroll","background-type":"","background-media":"","overlay-type":"","overlay-color":"","overlay-opacity":"","overlay-gradient":""}},"ast-content-background-meta":{"desktop":{"background-color":"var(--ast-global-color-5)","background-image":"","background-repeat":"repeat","background-position":"center center","background-size":"auto","background-attachment":"scroll","background-type":"","background-media":"","overlay-type":"","overlay-color":"","overlay-opacity":"","overlay-gradient":""},"tablet":{"background-color":"var(--ast-global-color-5)","background-image":"","background-repeat":"repeat","background-position":"center center","background-size":"auto","background-attachment":"scroll","background-type":"","background-media":"","overlay-type":"","overlay-color":"","overlay-opacity":"","overlay-gradient":""},"mobile":{"background-color":"var(--ast-global-color-5)","background-image":"","background-repeat":"repeat","background-position":"center center","background-size":"auto","background-attachment":"scroll","background-type":"","background-media":"","overlay-type":"","overlay-color":"","overlay-opacity":"","overlay-gradient":""}},"footnotes":""},"categories":[8],"tags":[38499,38501,9674,21890,38692,38693],"class_list":["post-100008","post","type-post","status-publish","format-standard","has-post-thumbnail","hentry","category-noticias","tag-emilio-de-justo","tag-feria-san-isidro-2025","tag-las-ventas","tag-roca-rey","tag-tomas-rufo","tag-toros-de-victoriano-del-rio"],"_links":{"self":[{"href":"https:\/\/losperiodistas.com.mx\/portal\/wp-json\/wp\/v2\/posts\/100008","targetHints":{"allow":["GET"]}}],"collection":[{"href":"https:\/\/losperiodistas.com.mx\/portal\/wp-json\/wp\/v2\/posts"}],"about":[{"href":"https:\/\/losperiodistas.com.mx\/portal\/wp-json\/wp\/v2\/types\/post"}],"author":[{"embeddable":true,"href":"https:\/\/losperiodistas.com.mx\/portal\/wp-json\/wp\/v2\/users\/1"}],"replies":[{"embeddable":true,"href":"https:\/\/losperiodistas.com.mx\/portal\/wp-json\/wp\/v2\/comments?post=100008"}],"version-history":[{"count":1,"href":"https:\/\/losperiodistas.com.mx\/portal\/wp-json\/wp\/v2\/posts\/100008\/revisions"}],"predecessor-version":[{"id":100010,"href":"https:\/\/losperiodistas.com.mx\/portal\/wp-json\/wp\/v2\/posts\/100008\/revisions\/100010"}],"wp:featuredmedia":[{"embeddable":true,"href":"https:\/\/losperiodistas.com.mx\/portal\/wp-json\/wp\/v2\/media\/100009"}],"wp:attachment":[{"href":"https:\/\/losperiodistas.com.mx\/portal\/wp-json\/wp\/v2\/media?parent=100008"}],"wp:term":[{"taxonomy":"category","embeddable":true,"href":"https:\/\/losperiodistas.com.mx\/portal\/wp-json\/wp\/v2\/categories?post=100008"},{"taxonomy":"post_tag","embeddable":true,"href":"https:\/\/losperiodistas.com.mx\/portal\/wp-json\/wp\/v2\/tags?post=100008"}],"curies":[{"name":"wp","href":"https:\/\/api.w.org\/{rel}","templated":true}]}}