{"id":100005,"date":"2025-05-23T15:15:40","date_gmt":"2025-05-23T21:15:40","guid":{"rendered":"https:\/\/losperiodistas.com.mx\/portal\/?p=100005"},"modified":"2025-05-23T15:15:41","modified_gmt":"2025-05-23T21:15:41","slug":"el-presupuesto-republicano-de-la-camara-de-representantes-agrega-150-mil-millones-para-la-aplicacion-de-la-ley-migratoria-de-trump-twp","status":"publish","type":"post","link":"https:\/\/losperiodistas.com.mx\/portal\/el-presupuesto-republicano-de-la-camara-de-representantes-agrega-150-mil-millones-para-la-aplicacion-de-la-ley-migratoria-de-trump-twp\/","title":{"rendered":"El presupuesto republicano de la C\u00e1mara de Representantes agrega $150 mil millones para la aplicaci\u00f3n de la ley migratoria de Trump | TWP"},"content":{"rendered":"\n<p style=\"font-size:22px\">La enorme afluencia de fondos tiene como objetivo acelerar dr\u00e1sticamente la agenda de control fronterizo y deportaci\u00f3n del presidente.<\/p>\n\n\n\n<figure class=\"wp-block-image size-large\"><img fetchpriority=\"high\" decoding=\"async\" width=\"1024\" height=\"683\" src=\"https:\/\/losperiodistas.com.mx\/portal\/wp-content\/uploads\/2025\/05\/imrs-1-1024x683.jpeg\" alt=\"\" class=\"wp-image-100006\" srcset=\"https:\/\/losperiodistas.com.mx\/portal\/wp-content\/uploads\/2025\/05\/imrs-1-1024x683.jpeg 1024w, https:\/\/losperiodistas.com.mx\/portal\/wp-content\/uploads\/2025\/05\/imrs-1-300x200.jpeg 300w, https:\/\/losperiodistas.com.mx\/portal\/wp-content\/uploads\/2025\/05\/imrs-1-768x512.jpeg 768w, https:\/\/losperiodistas.com.mx\/portal\/wp-content\/uploads\/2025\/05\/imrs-1.jpeg 1200w\" sizes=\"(max-width: 1024px) 100vw, 1024px\" \/><figcaption class=\"wp-element-caption\">La secretaria de Seguridad Nacional, Kristi L. Noem, testifica ante el Subcomit\u00e9 de Seguridad Nacional del Comit\u00e9 de Asignaciones de la C\u00e1mara de Representantes el 6 de mayo. (Tom Brenner\/Para The Washington Post)<\/figcaption><\/figure>\n\n\n\n<p><\/p>\n\n\n\n<p class=\"has-vivid-red-color has-text-color has-link-color has-medium-font-size wp-elements-6552e906cc88becdd8a2b908f44080e2\"><strong>Por\u00a0<a href=\"https:\/\/www.washingtonpost.com\/people\/marianne-levine\/\">Marianne LeVine<\/a>y\u00a0\/ <a href=\"https:\/\/www.washingtonpost.com\/people\/liz-goodwin\/\">Liz Goodwin<\/a> \/ The Washington Post <\/strong><\/p>\n\n\n\n<p>El paquete de impuestos y gastos de los republicanos de la C\u00e1mara de Representantes est\u00e1 destinado a infundir a la administraci\u00f3n Trump un aumento monumental de fondos para la aplicaci\u00f3n de las leyes de inmigraci\u00f3n, con el objetivo de aumentar dr\u00e1sticamente la escala y el ritmo de la agenda de deportaci\u00f3n masiva del presidente.<\/p>\n\n\n\n<p>El proyecto de ley, aprobado por la C\u00e1mara de Representantes el jueves mediante votaci\u00f3n partidista, asignar\u00eda m\u00e1s de 150&nbsp;000 millones de d\u00f3lares en fondos adicionales durante cinco a\u00f1os a la agenda fronteriza e migratoria de Trump. Esto incluye m\u00e1s de 51&nbsp;000 millones de d\u00f3lares para construir y&nbsp;modernizar barreras e instalaciones fronterizas y&nbsp;59&nbsp;000 millones de d\u00f3lares para la detenci\u00f3n y el transporte de inmigrantes.<\/p>\n\n\n\n<p>La mayor parte de la financiaci\u00f3n se asignar\u00eda al Departamento de Seguridad Nacional, cuyo presupuesto anual es de m\u00e1s de 100 mil millones de d\u00f3lares.<\/p>\n\n\n\n<p>La administraci\u00f3n del presidente Donald Trump ha priorizado la aplicaci\u00f3n de la ley migratoria durante sus primeros meses en el cargo. Sin embargo, sus esfuerzos para deportar a un n\u00famero r\u00e9cord de migrantes se han quedado atr\u00e1s de los ambiciosos objetivos del presidente, frenados por las complejidades operativas y las restricciones legales para arrestarlos y expulsarlos del pa\u00eds.<\/p>\n\n\n\n<p>Los funcionarios de la administraci\u00f3n&nbsp;esperan que los nuevos fondos ayuden a superar algunos obst\u00e1culos al ampliar significativamente la dotaci\u00f3n de personal y la capacidad de detenci\u00f3n del DHS. Las autoridades indicaron que el paquete de la C\u00e1mara de Representantes permitir\u00eda a la administraci\u00f3n a\u00f1adir 10,000 agentes del Servicio de Inmigraci\u00f3n y Control de Aduanas (ICE) y 8,500 funcionarios de Aduanas y Protecci\u00f3n Fronteriza (CBP), y ampliar el n\u00famero de camas en centros de detenci\u00f3n de 41,000 a 100,000.<\/p>\n\n\n\n<p>Sin embargo, la legislaci\u00f3n a\u00fan debe aprobarse en el Senado, donde persisten obst\u00e1culos. Los republicanos del Senado han apoyado el aumento de los recursos para la aplicaci\u00f3n de la ley migratoria, aunque algunos han expresado su preocupaci\u00f3n por la posibilidad de que se asignen demasiados fondos a la barrera fronteriza, as\u00ed como a aspectos del enorme proyecto de ley no relacionados con la inmigraci\u00f3n. Se espera que propongan cambios significativos en el paquete, que posteriormente deber\u00e1n negociarse con la C\u00e1mara de Representantes.<\/p>\n\n\n\n<p>Tom Homan, el zar fronterizo de la Casa Blanca, elogi\u00f3 los aumentos presupuestarios relacionados con la inmigraci\u00f3n en una publicaci\u00f3n en las redes sociales, diciendo que el plan de gasto proporcionar\u00eda actualizaciones de tecnolog\u00eda e infraestructura y ayudar\u00eda a la administraci\u00f3n a atacar a los criminales violentos, incluidos los c\u00e1rteles de la droga.<\/p>\n\n\n\n<p>\u201cProporcionar\u00e1 los fondos y el personal necesarios para intensificar la excelente labor del ICE en nuestras operaciones de deportaci\u00f3n a nivel nacional\u201d, escribi\u00f3 Homan en X. \u201cTenemos muchas m\u00e1s amenazas a la seguridad p\u00fablica y nacional que eliminar\u201d.<\/p>\n\n\n\n<p>Implor\u00f3 al Senado que apoyara el proyecto de ley de la C\u00e1mara, enfatizando que la seguridad fronteriza \u00abno deber\u00eda ser un asunto partidista. \u00a1Hag\u00e1moslo!\u00bb<\/p>\n\n\n\n<p>Analistas de inmigraci\u00f3n y exfuncionarios del DHS afirmaron que el aumento de recursos probablemente contribuir\u00eda significativamente a que la administraci\u00f3n acelere las deportaciones. Sin embargo, advirtieron que la contrataci\u00f3n y capacitaci\u00f3n de miles de personas, incluyendo agentes del ICE y de la Patrulla Fronteriza, y la construcci\u00f3n de centros de detenci\u00f3n adicionales podr\u00edan llevar varios meses o incluso a\u00f1os y obstaculizar los objetivos de Trump.<\/p>\n\n\n\n<p>Tambi\u00e9n dijeron que la administraci\u00f3n seguir\u00e1 enfrentando dificultades para negociar con otros pa\u00edses para que acepten vuelos de repatriaci\u00f3n de deportados, un desaf\u00edo que ha llevado a las autoridades federales a buscar asociaciones con gobiernos extranjeros dispuestos a recibir a migrantes que no sean ciudadanos de esos pa\u00edses.<\/p>\n\n\n\n<p><\/p>\n\n\n\n<p>\u201cSi el resultado final es intentar deportar a m\u00e1s personas, expulsarlas del pa\u00eds, hay que reforzar todos los componentes del sistema\u201d, dijo Theresa Cardinal Brown, exfuncionaria del DHS que ahora es investigadora en la Facultad de Derecho de Cornell. \u201cProbablemente se pueda conseguir un contrato con bastante rapidez para la mayor\u00eda de las cosas, pero contratar a personas para el servicio p\u00fablico y obtener su aprobaci\u00f3n lleva tiempo\u201d.<\/p>\n\n\n\n<p>Trump prometi\u00f3 durante su campa\u00f1a implementar la mayor operaci\u00f3n de deportaci\u00f3n interna en la historia de Estados Unidos. Desde su investidura, el gobierno ha desplegado miles de militares en la frontera,&nbsp;<a href=\"https:\/\/www.washingtonpost.com\/immigration\/2025\/01\/26\/ice-arrests-raids-trump-quota\/\" target=\"_blank\" rel=\"noreferrer noopener\">ha establecido cuotas de arrestos para los agentes del ICE<\/a>&nbsp;, ha restablecido la detenci\u00f3n familiar y ha intentado acelerar las deportaciones invocando una ley de tiempos de guerra poco utilizada, que ha enfrentado impugnaciones legales.<\/p>\n\n\n\n<p>Su administraci\u00f3n busca deportar a un mill\u00f3n de personas en su primer a\u00f1o de mandato,&nbsp;<a href=\"https:\/\/www.washingtonpost.com\/immigration\/2025\/04\/12\/one-million-deportations-goal\/\">seg\u00fan inform\u00f3 The Washington Post el mes pasado<\/a>&nbsp;. Es una meta que, al ritmo actual, los analistas de inmigraci\u00f3n consideran improbable.<\/p>\n\n\n\n<p><\/p>\n\n\n\n<p>Pero los defensores de los derechos de los inmigrantes expresaron su preocupaci\u00f3n de que la nueva financiaci\u00f3n permitir\u00eda a la administraci\u00f3n ampliar su agenda de deportaci\u00f3n a niveles que perturbar\u00edan a\u00fan m\u00e1s a las comunidades y eludir\u00edan los derechos al debido proceso de los detenidos.<\/p>\n\n\n\n<p>\u201cLo que imaginamos que ocurrir\u00e1 con este proyecto de ley es que la administraci\u00f3n lo considerar\u00e1 b\u00e1sicamente un cheque en blanco para hacer lo que est\u00e1 haciendo ahora, pero a una escala que no podemos prever\u201d, dijo Heidi Altman, vicepresidenta de pol\u00edticas del Centro Nacional de Derecho de Inmigraci\u00f3n. \u201cY eso significar\u00e1 much\u00edsimas deportaciones injustificadas e ilegales\u201d.<\/p>\n\n\n\n<p>Desde que Trump asumi\u00f3 el cargo, los funcionarios del DHS han proporcionado informaci\u00f3n limitada sobre el n\u00famero de personas que la agencia ha deportado. En abril, la agencia afirm\u00f3 haber deportado a m\u00e1s de 135,000 personas en los primeros 100 d\u00edas de Trump.<\/p>\n\n\n\n<p>Un an\u00e1lisis del Transactional Records Access Clearinghouse, que analiza datos federales,&nbsp;<a href=\"https:\/\/tracreports.org\/reports\/759\/\">encontr\u00f3<\/a>&nbsp;que las deportaciones de la administraci\u00f3n Trump hasta el 3 de mayo fueron aproximadamente la mitad de lo que hab\u00eda afirmado y, en promedio diario, fueron un 1 por ciento inferiores a la tasa diaria del presidente Joe Biden en el a\u00f1o fiscal 2024.<\/p>\n\n\n\n<p>Durante las intensas deliberaciones internas del Partido Republicano en la C\u00e1mara de Representantes, los legisladores parecieron unidos en torno a la financiaci\u00f3n de la inmigraci\u00f3n, a pesar de las marcadas diferencias en otros temas, incluidos los recortes de Medicaid, los cr\u00e9ditos fiscales para los propietarios de viviendas de estados azules y el coste total del proyecto de ley.<\/p>\n\n\n\n<p>El consenso refleja la confianza entre los republicanos de que los estadounidenses apoyan los objetivos de inmigraci\u00f3n de Trump, a pesar de las encuestas p\u00fablicas que muestran que el enfoque de l\u00ednea dura de la administraci\u00f3n, que incluye negar a algunos inmigrantes el debido proceso legal, ha erosionado los \u00edndices de aprobaci\u00f3n del presidente en el tema.<\/p>\n\n\n\n<p>\u201cHay un consenso bastante s\u00f3lido\u201d, dijo el senador John Hoeven (republicano por Dakota del Norte). \u201cCreo que hay un apoyo muy s\u00f3lido\u201d.<\/p>\n\n\n\n<p>La magnitud del aumento de fondos refleja la profunda transformaci\u00f3n que ha experimentado el debate sobre la pol\u00edtica migratoria desde las administraciones de George W. Bush y Barack Obama. Ambos gobiernos intentaron, sin \u00e9xito, negociar una legislaci\u00f3n integral que habr\u00eda incluido fondos adicionales para el control fronterizo, ampliaciones significativas en las visas de inmigraci\u00f3n legal para trabajadores y una v\u00eda para obtener la ciudadan\u00eda para algunos inmigrantes indocumentados.<\/p>\n\n\n\n<p>Seg\u00fan el nuevo plan de gastos, el ICE recibir\u00eda 8 mil millones de d\u00f3lares para contratar agentes federales y 14 mil millones de d\u00f3lares para ayudar con el transporte de detenidos. La Oficina de Aduanas y Protecci\u00f3n Fronteriza recibir\u00eda 8.3 mil millones de d\u00f3lares para personal y veh\u00edculos adicionales, y 6.3 mil millones de d\u00f3lares para mejoras tecnol\u00f3gicas y de seguridad fronteriza.<\/p>\n\n\n\n<p>Sin embargo, contratar y capacitar a miles de nuevos empleados ser\u00eda dif\u00edcil, seg\u00fan analistas de inmigraci\u00f3n. La CBP ha tenido hist\u00f3ricamente dificultades para reclutar: un&nbsp;<a href=\"https:\/\/www.gao.gov\/assets\/gao-24-107029-highlights.pdf\">informe de septiembre de 2024<\/a>&nbsp;de la Oficina de Responsabilidad Gubernamental (GAO) revel\u00f3 que la p\u00e9rdida de empleo ha superado la contrataci\u00f3n de agentes de la Patrulla Fronteriza en los \u00faltimos a\u00f1os. El informe tambi\u00e9n indic\u00f3 que la CBP anticipa un aumento pronunciado en las tasas de deserci\u00f3n en 2027 debido a las jubilaciones previstas.<\/p>\n\n\n\n<p>\u201cSe necesita mucho tiempo para establecer las instalaciones. Se necesita mucho tiempo para dotarlas de personal\u201d, dijo Colleen Putzel-Kavanaugh, analista asociada de pol\u00edticas del Instituto de Pol\u00edtica Migratoria. \u201cLo que estamos viendo es c\u00f3mo se est\u00e1n sentando las bases para aumentar la capacidad de deportar a un gran n\u00famero de personas. El tiempo que realmente tomar\u00eda y los resultados generales dependen en gran medida de c\u00f3mo se integren estos diferentes elementos con el tiempo\u201d.<a href=\"https:\/\/eb2.3lift.com\/pass?tl_clickthrough=true&amp;redir=https%3A%2F%2Frtb-us-east.linkedin.com%2Flax%2Fclk%3Ftrk%3DCwEAAAGW_v13Wd3PyNIcBhOpXeJ1dQ924mx2vBbv5vI5CkYPskRI_8--81Dc8GkbvF-QxAuPTJy-3jTVdXlyJpGgDqM_9WKOzao-RHP8terGzeLw5WZRqi-_naAb7ytPYPkkcVPVgvjZtP6E0ETRYZ8vi-YiXd0UdQ1T82_3f9KYXVvbRO28zbOZ07PqmKgF85aPSf9RNR3KcgO6DFSLIqRvqZa5jbgJ12sa3F6vOp38mhErwRfyvjkPIE3b16ld0VAKUDDH58W-O1Hh5cu1tmyVShBhaW-nOFZkPuRrQ0bMBFHViWwJOF_gNMlq2zO2ob3y2tR7M-mdRWY8QCyckhzicQFTJ57nqrFNZfMTYOjy-Kq-CAi70GoxnVaCRLI4jpUsbUIqrboPHvFuSXGhQsUkbRj_yODAgH8nq8CsrRbQF75MRW8Xy4L2HzuBQAWvEubROBeOG7UGRWagRkhe7rUQh04qU7mxxhOyRGBmcoXGtAD6K3VZeMnJ1_vk92Fs_rDIezxhqX3tVtahOx_7iye5ccdUwF_b9EmfoF_q6TCMGWfg6-mFxY1FOC6zF_560L06u53DQpJkC7reC3OR0Yc7gE9rU1ziyVtHKdR-y1Mm-Hk55bKuadksRjm1tuIsP4esrJfAiHp4nY8RdPlcPGBP8_Xr5hC032qQu0yFInitiG53KB5FKbf453nxZxcf8jysfr8IcR6yuOeHDIA06Rq5ShEffUOOr70zxQccz7ZNKWR5fW_iqBl10FVMfGJ3pxy7hIc3m9wUGlVFeTdXLNXKzeh6veidWD7X0Pm0ksCyED6GqkZa9JpzoyTeZIcJXbsouhxL4RKBiXK5FaxosY5XIgJ3rMVMCMS-zvfF-VmVoPE8EbfzC7adt8Dgkj6QNKwGrfcGwzbXopxewOGXLdhxwn6YZSSZTQL5zULEYqgfHr0g3pK95ELVcbJ1O0W2nexmMCMFlP0cBurXIxXG186DeK_2SbVqd8skFvQt-vlaBvxNjhbZG7SIzolI-AcbVaqRF2rXjfX_RSpvsQkCiKvHYgBQutuUnNl-9HTbLD56KgiYvmTHasTnhISJkhrlxNeTx35IrKf8BLGwAt3qkqXHRA5IB1oWzT9u3zy3BvxFq--Bgmb5qkwyffmVPZRsF3BNOClNwpzu19hP39X-NrfH3vC7jhNUMEOSVVhV8nM4Ri0H6Lwj4WvNsMsP-dXm8ktPfN-R56AGTqxYlPoQz-OSBr-pgizSTHKkJ6bnUyOcXqnAbMTAPOpJ6O1IfE8xWdSzq6I59CpVLitM0jKcKlMoCk-Re5ecd4bDpyPkVsvB44_iH97EJHRclHdsVATsNgWJKlvvI_1VOXrSLc4qEhUtbwN_vpHjyddcuH-RumANgjFeosUHQIqdr00JnHw4zS7KRoVYL19RetlxAuts2_B5SHgAWF9LAdlWaJtb6q75WWV2ymLD5XK44t19yiBwrFR16UhLFw9ux3tUACTXrOzkw-e3nGdR7O-12K9UV5GWj_pCeI1UO0JxXXI4WCzdgSI5JQJWjimSRSeT1FVcdWBqm1xj4tlCF3dYWBhLlmH62VCyn3IVRB1zHuxgDuBvpH7_SZjJb6sDLVQreA7yPeWdJbi-Me-6newjWyyfLXK-UXsCpkxsIzDQeU_GG1vnPHy0NX8_t-lqRAARIzxEQy9iP-POxFeFAo5Fwh1R9kFNGInClMmrBWnyiW-5yeqqwRmMQqYjOdtneZdzHxLztms512U_GQ96eIGuMHX56W3i4GAqM1A_223QU1U5MWB7G5U9PI8tcrjYeTFXtHDzUH6IOekJP8dPbNt5u4c1ssxI3YfyKZoG_9A%26action%3Dclick%26laxrid%3D68383a51-1d06-4951-b37f-8831ccfd97b1%26laxbid%3D2%26eid%3D3%26wpub%3Dwashingtonpost.com%26crtype%3Dvid%26laxerid%3D1875343935884288462934-152%26pid%3D3015%26adfmt%3D6%26wp%3D%24%7BTL_AUCTION_PRICE%7D%26urle%3DCwEAAAGW_v13XZaLlfmzfx2031RlgGFrgfhaoGebx2oQ_jNlTVCSW0tcIO8Vi_DIQBtV2TIfkcoppb0Y2LlfJmDXhu7e7HIFQTmHW-6rtsrBL0ZwgvinDLJP_ILav4yVvR58_4dOtI8syqIF1lSNv0l-hXdLkqGU%26urlhash%3DYjjy&amp;pr=0.613&amp;bc=1.186&amp;aid=18753439358842884629340&amp;bmid=6250&amp;biid=7777&amp;sid=66552&amp;brid=200167&amp;adid=676378154&amp;crid=324579337&amp;btac=1&amp;ts=1748034746&amp;bcud=1186&amp;ss=7&amp;cb=76867\" target=\"_blank\" rel=\"noreferrer noopener\"><\/a><a href=\"https:\/\/eb2.3lift.com\/pass?tl_clickthrough=true&amp;redir=https%3A%2F%2Frtb-us-east.linkedin.com%2Flax%2Fclk%3Ftrk%3DCwEAAAGW_v13Wd3PyNIcBhOpXeJ1dQ924mx2vBbv5vI5CkYPskRI_8--81Dc8GkbvF-QxAuPTJy-3jTVdXlyJpGgDqM_9WKOzao-RHP8terGzeLw5WZRqi-_naAb7ytPYPkkcVPVgvjZtP6E0ETRYZ8vi-YiXd0UdQ1T82_3f9KYXVvbRO28zbOZ07PqmKgF85aPSf9RNR3KcgO6DFSLIqRvqZa5jbgJ12sa3F6vOp38mhErwRfyvjkPIE3b16ld0VAKUDDH58W-O1Hh5cu1tmyVShBhaW-nOFZkPuRrQ0bMBFHViWwJOF_gNMlq2zO2ob3y2tR7M-mdRWY8QCyckhzicQFTJ57nqrFNZfMTYOjy-Kq-CAi70GoxnVaCRLI4jpUsbUIqrboPHvFuSXGhQsUkbRj_yODAgH8nq8CsrRbQF75MRW8Xy4L2HzuBQAWvEubROBeOG7UGRWagRkhe7rUQh04qU7mxxhOyRGBmcoXGtAD6K3VZeMnJ1_vk92Fs_rDIezxhqX3tVtahOx_7iye5ccdUwF_b9EmfoF_q6TCMGWfg6-mFxY1FOC6zF_560L06u53DQpJkC7reC3OR0Yc7gE9rU1ziyVtHKdR-y1Mm-Hk55bKuadksRjm1tuIsP4esrJfAiHp4nY8RdPlcPGBP8_Xr5hC032qQu0yFInitiG53KB5FKbf453nxZxcf8jysfr8IcR6yuOeHDIA06Rq5ShEffUOOr70zxQccz7ZNKWR5fW_iqBl10FVMfGJ3pxy7hIc3m9wUGlVFeTdXLNXKzeh6veidWD7X0Pm0ksCyED6GqkZa9JpzoyTeZIcJXbsouhxL4RKBiXK5FaxosY5XIgJ3rMVMCMS-zvfF-VmVoPE8EbfzC7adt8Dgkj6QNKwGrfcGwzbXopxewOGXLdhxwn6YZSSZTQL5zULEYqgfHr0g3pK95ELVcbJ1O0W2nexmMCMFlP0cBurXIxXG186DeK_2SbVqd8skFvQt-vlaBvxNjhbZG7SIzolI-AcbVaqRF2rXjfX_RSpvsQkCiKvHYgBQutuUnNl-9HTbLD56KgiYvmTHasTnhISJkhrlxNeTx35IrKf8BLGwAt3qkqXHRA5IB1oWzT9u3zy3BvxFq--Bgmb5qkwyffmVPZRsF3BNOClNwpzu19hP39X-NrfH3vC7jhNUMEOSVVhV8nM4Ri0H6Lwj4WvNsMsP-dXm8ktPfN-R56AGTqxYlPoQz-OSBr-pgizSTHKkJ6bnUyOcXqnAbMTAPOpJ6O1IfE8xWdSzq6I59CpVLitM0jKcKlMoCk-Re5ecd4bDpyPkVsvB44_iH97EJHRclHdsVATsNgWJKlvvI_1VOXrSLc4qEhUtbwN_vpHjyddcuH-RumANgjFeosUHQIqdr00JnHw4zS7KRoVYL19RetlxAuts2_B5SHgAWF9LAdlWaJtb6q75WWV2ymLD5XK44t19yiBwrFR16UhLFw9ux3tUACTXrOzkw-e3nGdR7O-12K9UV5GWj_pCeI1UO0JxXXI4WCzdgSI5JQJWjimSRSeT1FVcdWBqm1xj4tlCF3dYWBhLlmH62VCyn3IVRB1zHuxgDuBvpH7_SZjJb6sDLVQreA7yPeWdJbi-Me-6newjWyyfLXK-UXsCpkxsIzDQeU_GG1vnPHy0NX8_t-lqRAARIzxEQy9iP-POxFeFAo5Fwh1R9kFNGInClMmrBWnyiW-5yeqqwRmMQqYjOdtneZdzHxLztms512U_GQ96eIGuMHX56W3i4GAqM1A_223QU1U5MWB7G5U9PI8tcrjYeTFXtHDzUH6IOekJP8dPbNt5u4c1ssxI3YfyKZoG_9A%26action%3Dclick%26laxrid%3D68383a51-1d06-4951-b37f-8831ccfd97b1%26laxbid%3D2%26eid%3D3%26wpub%3Dwashingtonpost.com%26crtype%3Dvid%26laxerid%3D1875343935884288462934-152%26pid%3D3015%26adfmt%3D6%26wp%3D%24%7BTL_AUCTION_PRICE%7D%26urle%3DCwEAAAGW_v13XZaLlfmzfx2031RlgGFrgfhaoGebx2oQ_jNlTVCSW0tcIO8Vi_DIQBtV2TIfkcoppb0Y2LlfJmDXhu7e7HIFQTmHW-6rtsrBL0ZwgvinDLJP_ILav4yVvR58_4dOtI8syqIF1lSNv0l-hXdLkqGU%26urlhash%3DYjjy&amp;pr=0.613&amp;bc=1.186&amp;aid=18753439358842884629340&amp;bmid=6250&amp;biid=7777&amp;sid=66552&amp;brid=200167&amp;adid=676378154&amp;crid=324579337&amp;btac=1&amp;ts=1748034746&amp;bcud=1186&amp;ss=7&amp;cb=76867\" target=\"_blank\" rel=\"noreferrer noopener\"><\/a><\/p>\n\n\n\n<p>Las empresas penitenciarias privadas anticipan un aumento significativo en la demanda de sus servicios si se aprueba el proyecto de ley de gastos, que incluye 45 mil millones de d\u00f3lares para centros de detenci\u00f3n de inmigrantes. Damon Hininger, director ejecutivo de CoreCivic, que opera m\u00e1s de una docena de centros federales de inmigraci\u00f3n, declar\u00f3 en una reciente conferencia telef\u00f3nica sobre resultados que esperaba contratos adicionales con el ICE, dada la demanda p\u00fablica de la administraci\u00f3n Trump de m\u00e1s camas de detenci\u00f3n y sus objetivos de deportaci\u00f3n.<\/p>\n\n\n\n<p>\u201cCreemos que la mayor\u00eda de los nuevos contratos con ICE se concretar\u00e1n despu\u00e9s de que se establezca la financiaci\u00f3n\u201d, dijo Hininger en la llamada.<\/p>\n\n\n\n<p>El senador Chris Murphy (dem\u00f3crata por Connecticut) afirm\u00f3 que no ve\u00eda sentido a que el Congreso asignara tantos fondos a centros de detenci\u00f3n, dado que Trump&nbsp;<a href=\"https:\/\/apnews.com\/article\/trump-immigration-asylum-lawsuit-courts-d325740dd73f425309c66f89e670fd8f\">suspendi\u00f3 el sistema de asilo del pa\u00eds<\/a>&nbsp;mediante una orden ejecutiva. La oposici\u00f3n de Trump, entonces candidato presidencial republicano, el a\u00f1o pasado contribuy\u00f3 al fracaso de un proyecto de ley fronterizo bipartidista que Murphy hab\u00eda ayudado a redactar.<\/p>\n\n\n\n<p><\/p>\n\n\n\n<p>Ese proyecto de ley habr\u00eda construido m\u00e1s centros de detenci\u00f3n en la frontera sur para retener a los migrantes hasta que se resolvieran sus solicitudes de asilo, en lugar de liberarlos a la espera de una audiencia judicial en meses o a\u00f1os. Quienes ganaran sus casos ser\u00edan liberados, mientras que quienes perdieran ser\u00edan deportados r\u00e1pidamente.<\/p>\n\n\n\n<p>\u00abRealmente no entiendo por qu\u00e9 gastan todo este dinero en detenci\u00f3n si ni siquiera procesan sus solicitudes en primer lugar\u00bb, dijo Murphy.<\/p>\n\n\n\n<p>El plan de gastos de la C\u00e1mara tambi\u00e9n incluye una serie de nuevas tarifas para las personas que solicitan servicios de inmigraci\u00f3n.<\/p>\n\n\n\n<p>Los solicitantes de asilo pagar\u00edan $1,000 por su solicitud y $550 m\u00e1s por un documento de autorizaci\u00f3n de empleo. Las familias estadounidenses que deseen patrocinar a un ni\u00f1o que llegue a la frontera sin la compa\u00f1\u00eda de un adulto pagar\u00edan $3,500 y una tarifa de $5,000 si no se presentan a los procedimientos judiciales de inmigraci\u00f3n.&nbsp;Los inmigrantes que buscan un permiso de permanencia temporal (parole), una disposici\u00f3n que les permite entrar al pa\u00eds temporalmente por razones humanitarias, pagar\u00edan $1,000.<\/p>\n\n\n\n<p>El proyecto de ley tambi\u00e9n incluye 46.500 millones de d\u00f3lares para la construcci\u00f3n y modernizaci\u00f3n de muros y barreras en la frontera entre Estados Unidos y M\u00e9xico, un aumento importante respecto de los m\u00e1s de 11.000 millones de d\u00f3lares que Trump gast\u00f3 en su primer mandato para construir m\u00e1s de 725 kil\u00f3metros de barreras.<\/p>\n\n\n\n<p>Algunos republicanos clave del Senado han reaccionado con escepticismo a esa cantidad, se\u00f1alando que los cruces fronterizos han ca\u00eddo a los niveles m\u00e1s bajos en d\u00e9cadas, aliviando la necesidad de tal aumento del gasto.<\/p>\n\n\n\n<p>Durante una audiencia reciente del Comit\u00e9 de Seguridad Nacional y Asuntos Gubernamentales del Senado, el senador Ron Johnson (republicano por Wisconsin) le dijo a la secretaria de Seguridad Nacional, Kristi L. Noem, que el financiamiento del muro fronterizo \u00abes m\u00e1s de lo que se necesita\u00bb y \u00abdebe estar justificado\u00bb.<\/p>\n\n\n\n<p>El presidente del comit\u00e9, Rand Paul (republicano de Kentucky), reconoci\u00f3 que un muro fronterizo tiene un gran \u201cvalor simb\u00f3lico\u201d, pero sugiri\u00f3 que la administraci\u00f3n reconsidere la necesidad de gastar tanto dinero en \u00e9l.<\/p>\n\n\n\n<p>\u201cCreo que deber\u00edamos reevaluar\u2026 qu\u00e9 queremos hacer y cu\u00e1nto cuesta, ya que controlamos el 95% de la frontera\u201d, dijo Paul. \u201cNo estoy en contra ni pido que no se asignen fondos, pero s\u00ed creo que los 46 mil millones de d\u00f3lares no se justifican a menos que veamos algo m\u00e1s\u201d.<\/p>\n\n\n\n<p><em>Maria Sacchetti, Scott Clement, Douglas MacMillan y Jacob Bogage contribuyeron a este informe.<\/em><\/p>\n\n\n\n<p>Fuente: <a href=\"https:\/\/www.washingtonpost.com\/immigration\/2025\/05\/23\/house-gop-budget-immigration\/\">https:\/\/www.washingtonpost.com\/immigration\/2025\/05\/23\/house-gop-budget-immigration\/<\/a><\/p>\n\n\n\n<p><\/p>\n","protected":false},"excerpt":{"rendered":"<p>La enorme afluencia de fondos tiene como objetivo acelerar dr\u00e1sticamente la agenda de control fronterizo y deportaci\u00f3n del presidente. Por\u00a0Marianne [&hellip;]<\/p>\n","protected":false},"author":1,"featured_media":100006,"comment_status":"open","ping_status":"open","sticky":false,"template":"","format":"standard","meta":{"site-sidebar-layout":"default","site-content-layout":"","ast-site-content-layout":"default","site-content-style":"default","site-sidebar-style":"default","ast-global-header-display":"","ast-banner-title-visibility":"","ast-main-header-display":"","ast-hfb-above-header-display":"","ast-hfb-below-header-display":"","ast-hfb-mobile-header-display":"","site-post-title":"","ast-breadcrumbs-content":"","ast-featured-img":"","footer-sml-layout":"","theme-transparent-header-meta":"","adv-header-id-meta":"","stick-header-meta":"","header-above-stick-meta":"","header-main-stick-meta":"","header-below-stick-meta":"","astra-migrate-meta-layouts":"default","ast-page-background-enabled":"default","ast-page-background-meta":{"desktop":{"background-color":"var(--ast-global-color-4)","background-image":"","background-repeat":"repeat","background-position":"center center","background-size":"auto","background-attachment":"scroll","background-type":"","background-media":"","overlay-type":"","overlay-color":"","overlay-opacity":"","overlay-gradient":""},"tablet":{"background-color":"","background-image":"","background-repeat":"repeat","background-position":"center center","background-size":"auto","background-attachment":"scroll","background-type":"","background-media":"","overlay-type":"","overlay-color":"","overlay-opacity":"","overlay-gradient":""},"mobile":{"background-color":"","background-image":"","background-repeat":"repeat","background-position":"center center","background-size":"auto","background-attachment":"scroll","background-type":"","background-media":"","overlay-type":"","overlay-color":"","overlay-opacity":"","overlay-gradient":""}},"ast-content-background-meta":{"desktop":{"background-color":"var(--ast-global-color-5)","background-image":"","background-repeat":"repeat","background-position":"center center","background-size":"auto","background-attachment":"scroll","background-type":"","background-media":"","overlay-type":"","overlay-color":"","overlay-opacity":"","overlay-gradient":""},"tablet":{"background-color":"var(--ast-global-color-5)","background-image":"","background-repeat":"repeat","background-position":"center center","background-size":"auto","background-attachment":"scroll","background-type":"","background-media":"","overlay-type":"","overlay-color":"","overlay-opacity":"","overlay-gradient":""},"mobile":{"background-color":"var(--ast-global-color-5)","background-image":"","background-repeat":"repeat","background-position":"center center","background-size":"auto","background-attachment":"scroll","background-type":"","background-media":"","overlay-type":"","overlay-color":"","overlay-opacity":"","overlay-gradient":""}},"footnotes":""},"categories":[8],"tags":[38691,38690,38689],"class_list":["post-100005","post","type-post","status-publish","format-standard","has-post-thumbnail","hentry","category-noticias","tag-ley-migratoria-trump","tag-politica-antimigratoria-ee-uu","tag-presupuesto-favorable-a-trumnp"],"_links":{"self":[{"href":"https:\/\/losperiodistas.com.mx\/portal\/wp-json\/wp\/v2\/posts\/100005","targetHints":{"allow":["GET"]}}],"collection":[{"href":"https:\/\/losperiodistas.com.mx\/portal\/wp-json\/wp\/v2\/posts"}],"about":[{"href":"https:\/\/losperiodistas.com.mx\/portal\/wp-json\/wp\/v2\/types\/post"}],"author":[{"embeddable":true,"href":"https:\/\/losperiodistas.com.mx\/portal\/wp-json\/wp\/v2\/users\/1"}],"replies":[{"embeddable":true,"href":"https:\/\/losperiodistas.com.mx\/portal\/wp-json\/wp\/v2\/comments?post=100005"}],"version-history":[{"count":1,"href":"https:\/\/losperiodistas.com.mx\/portal\/wp-json\/wp\/v2\/posts\/100005\/revisions"}],"predecessor-version":[{"id":100007,"href":"https:\/\/losperiodistas.com.mx\/portal\/wp-json\/wp\/v2\/posts\/100005\/revisions\/100007"}],"wp:featuredmedia":[{"embeddable":true,"href":"https:\/\/losperiodistas.com.mx\/portal\/wp-json\/wp\/v2\/media\/100006"}],"wp:attachment":[{"href":"https:\/\/losperiodistas.com.mx\/portal\/wp-json\/wp\/v2\/media?parent=100005"}],"wp:term":[{"taxonomy":"category","embeddable":true,"href":"https:\/\/losperiodistas.com.mx\/portal\/wp-json\/wp\/v2\/categories?post=100005"},{"taxonomy":"post_tag","embeddable":true,"href":"https:\/\/losperiodistas.com.mx\/portal\/wp-json\/wp\/v2\/tags?post=100005"}],"curies":[{"name":"wp","href":"https:\/\/api.w.org\/{rel}","templated":true}]}}