{"id":100001,"date":"2025-05-23T12:52:39","date_gmt":"2025-05-23T18:52:39","guid":{"rendered":"https:\/\/losperiodistas.com.mx\/portal\/?p=100001"},"modified":"2025-05-23T12:52:40","modified_gmt":"2025-05-23T18:52:40","slug":"la-autora-sueca-de-millennium-karin-smirnoff-los-periodistas-que-buscan-la-verdad-corren-el-riesgo-de-ser-asesinados-magas","status":"publish","type":"post","link":"https:\/\/losperiodistas.com.mx\/portal\/la-autora-sueca-de-millennium-karin-smirnoff-los-periodistas-que-buscan-la-verdad-corren-el-riesgo-de-ser-asesinados-magas\/","title":{"rendered":"La autora sueca de &#8216;Millennium&#8217; Karin Smirnoff: \u00abLos periodistas que buscan la verdad corren el riesgo de ser asesinados\u00bb | Magas"},"content":{"rendered":"\n<h2 class=\"wp-block-heading\">La escritora reflexiona sobre el desaf\u00edo de dar continuidad a una serie tan influyente como &#8216;Millennium&#8217; y los nuevos conflictos de sus personajes.<\/h2>\n\n\n\n<figure class=\"wp-block-image size-large\"><img fetchpriority=\"high\" decoding=\"async\" width=\"1024\" height=\"576\" src=\"https:\/\/losperiodistas.com.mx\/portal\/wp-content\/uploads\/2025\/05\/1003743769598_255801795_1706x960-1024x576.jpeg\" alt=\"\" class=\"wp-image-100002\" srcset=\"https:\/\/losperiodistas.com.mx\/portal\/wp-content\/uploads\/2025\/05\/1003743769598_255801795_1706x960-1024x576.jpeg 1024w, https:\/\/losperiodistas.com.mx\/portal\/wp-content\/uploads\/2025\/05\/1003743769598_255801795_1706x960-300x169.jpeg 300w, https:\/\/losperiodistas.com.mx\/portal\/wp-content\/uploads\/2025\/05\/1003743769598_255801795_1706x960-768x432.jpeg 768w, https:\/\/losperiodistas.com.mx\/portal\/wp-content\/uploads\/2025\/05\/1003743769598_255801795_1706x960-1536x864.jpeg 1536w, https:\/\/losperiodistas.com.mx\/portal\/wp-content\/uploads\/2025\/05\/1003743769598_255801795_1706x960.jpeg 1706w\" sizes=\"(max-width: 1024px) 100vw, 1024px\" \/><figcaption class=\"wp-element-caption\">Retrato de la autora sueca.\u00a0Thron Ullberg\u00a0Cedida<\/figcaption><\/figure>\n\n\n\n<p class=\"has-vivid-red-color has-text-color has-link-color has-medium-font-size wp-elements-351727d07a1fc9433b74992423cbabba\"><strong>Rosa S\u00e1nchez de la Vega \/ Magas<\/strong><\/p>\n\n\n\n<p id=\"paragraph_1\">La&nbsp;<a href=\"https:\/\/www.elespanol.com\/el-cultural\/letras\/los-libros-mas-vendidos\/20250516\/libros-vendidos-mayo\/1003743763188_0.html?utm_cmp_rs=linksinline\">escritora<\/a>&nbsp;sueca&nbsp;<strong>Karin Smirnoff<\/strong>&nbsp;(Ume\u00e5, 1964) contin\u00faa su trabajo en la emblem\u00e1tica saga&nbsp;<em>Millennium<\/em>&nbsp;con<strong><em>&nbsp;Los colmillos del lince<\/em>, su segunda entrega dentro de la serie<\/strong>.<\/p>\n\n\n\n<p id=\"paragraph_2\">Tras haber asumido el reto de retomar el universo creado por Stieg Larsson con su primera novela, Smirnoff consolida su visi\u00f3n con una Lisbeth Salander m\u00e1s madura, pero igual de combativa.<\/p>\n\n\n\n<p id=\"paragraph_3\">La saga, iniciada por Larsson, transform\u00f3 la novela negra contempor\u00e1nea al combinar suspenso, cr\u00edtica social y una protagonista inolvidable.<\/p>\n\n\n\n<figure class=\"wp-block-image alignleft\"><img decoding=\"async\" src=\"https:\/\/s1.elespanol.com\/2025\/05\/16\/actualidad\/1003743760432_255801100_320x180.jpg\" alt=\"Alana S. Portero, la bruja de San Blas: A algunas abejas reina les gustar\u00eda echarme del feminismo\"\/><\/figure>\n\n\n\n<p><\/p>\n\n\n\n<p><\/p>\n\n\n\n<p><a href=\"https:\/\/www.elespanol.com\/el-cultural\/letras\/20250518\/alana-portero-bruja-san-blas-abejas-reina-gustaria-echarme-feminismo\/1003743760192_0.html?utm_cmp_rs=relatednewsinline\">Alana S. Portero, la bruja de San Blas: \u00abA algunas abejas reina les gustar\u00eda echarme del feminismo\u00bb<\/a><\/p>\n\n\n\n<p><\/p>\n\n\n\n<p id=\"paragraph_4\">En manos de Smirnoff,<strong>&nbsp;ese legado se actualiza con fuerza y compromiso<\/strong>, incorporando temas urgentes como la miner\u00eda, la crisis ambiental, la justicia social y el papel del periodismo.<\/p>\n\n\n\n<p id=\"paragraph_5\">En esta entrevista, la autora reflexiona sobre el desaf\u00edo de dar continuidad a una serie tan influyente, los nuevos conflictos que atraviesan a sus personajes y c\u00f3mo busca mantener viva la esencia de&nbsp;<em>Millennium<\/em>&nbsp;en un mundo cada vez m\u00e1s complejo.<\/p>\n\n\n\n<p><img decoding=\"async\" alt=\"Retrato de la escritora.\" height=\"2558\" width=\"1706\" src=\"https:\/\/s1.elespanol.com\/2025\/05\/22\/actualidad\/1003743769610_255801955_1706x2558.jpg\"><\/p>\n\n\n\n<p>Retrato de la escritora.&nbsp;Thron Ullberg&nbsp;Cedida<\/p>\n\n\n\n<p id=\"paragraph_6\"><strong>La oposici\u00f3n a la mina es la clave en la trama, justo como arrancamos la entrevista. Me gustar\u00eda saber c\u00f3mo trabaj\u00f3 el contexto econ\u00f3mico y social de las comunidades que son afectadas por estos proyectos de miner\u00eda.<\/strong><\/p>\n\n\n\n<p id=\"paragraph_7\">Como periodista, trabaj\u00e9 en varias minas del norte de Suecia y vi de cerca el impacto que tienen en las comunidades. Si bien las minas actuales son importantes, el problema real son los nuevos proyectos, muchos de los cuales no buscan minerales esenciales, sino ganancias r\u00e1pidas.<\/p>\n\n\n\n<p id=\"paragraph_8\">Adem\u00e1s, una ley sueca permite que empresas extranjeras extraigan recursos sin beneficiar a las comunidades locales. Es un fen\u00f3meno que me interesa mucho, y que he seguido a trav\u00e9s del trabajo de periodistas y expertos.<\/p>\n\n\n\n<p id=\"paragraph_9\">Muchos solo ven los beneficios visibles, pero no el profundo impacto social y ambiental que deja la miner\u00eda.<\/p>\n\n\n\n<p id=\"paragraph_10\"><strong>\u00bfC\u00f3mo ve Lisbeth la responsabilidad de las empresas frente al medio ambiente y los derechos humanos?<\/strong><\/p>\n\n\n\n<p id=\"paragraph_11\">Aunque muchas empresas intentan actuar con responsabilidad, cada nueva mina implica una destrucci\u00f3n significativa del medio ambiente.<\/p>\n\n\n\n<p id=\"paragraph_12\">Contaminaci\u00f3n de aguas, como r\u00edos y lagos, y desplazamiento de comunidades, especialmente pueblos nativos como los Sami, que pierden su derecho a la tierra y no pueden continuar con actividades tradicionales como la cr\u00eda de renos.<\/p>\n\n\n\n<p id=\"paragraph_13\">No es solo un tema ambiental, sino tambi\u00e9n social y cultural. Incluso las compa\u00f1\u00edas con buenas intenciones no pueden evitar estos impactos, que son inherentes a la explotaci\u00f3n minera.<\/p>\n\n\n\n<figure class=\"wp-block-image size-large\"><img decoding=\"async\" width=\"1024\" height=\"576\" src=\"https:\/\/losperiodistas.com.mx\/portal\/wp-content\/uploads\/2025\/05\/1003743769616_255802048_1706x960-1024x576.webp\" alt=\"\" class=\"wp-image-100003\" srcset=\"https:\/\/losperiodistas.com.mx\/portal\/wp-content\/uploads\/2025\/05\/1003743769616_255802048_1706x960-1024x576.webp 1024w, https:\/\/losperiodistas.com.mx\/portal\/wp-content\/uploads\/2025\/05\/1003743769616_255802048_1706x960-300x169.webp 300w, https:\/\/losperiodistas.com.mx\/portal\/wp-content\/uploads\/2025\/05\/1003743769616_255802048_1706x960-768x432.webp 768w, https:\/\/losperiodistas.com.mx\/portal\/wp-content\/uploads\/2025\/05\/1003743769616_255802048_1706x960-1536x864.webp 1536w, https:\/\/losperiodistas.com.mx\/portal\/wp-content\/uploads\/2025\/05\/1003743769616_255802048_1706x960.webp 1706w\" sizes=\"(max-width: 1024px) 100vw, 1024px\" \/><\/figure>\n\n\n\n<p>Karin Smirnoff, frente al objetivo.&nbsp;Thron Ullberg&nbsp;Cedida<\/p>\n\n\n\n<p id=\"paragraph_14\"><strong>\u00bfQu\u00e9 papel juega la literatura, en especial Millenium, con respecto a potenciar esa conciencia social?<\/strong><\/p>\n\n\n\n<p id=\"paragraph_15\">No intento decirle al lector qu\u00e9 pensar, porque lo que piensan mis personajes no siempre es lo que yo pienso. Pero quiero que reflexionen sobre temas que suelen pasar desapercibidos, como la realidad del norte de Suecia, una regi\u00f3n poco conocida y visitada.<\/p>\n\n\n\n<p id=\"paragraph_16\">La buena literatura siempre plantea preguntas nuevas y genera reflexi\u00f3n. Stieg Larsson us\u00f3 sus libros para llegar a millones de lectores y as\u00ed crear conciencia y cr\u00edtica social de forma entretenida, mucho m\u00e1s all\u00e1 de lo que un art\u00edculo period\u00edstico podr\u00eda lograr.<\/p>\n\n\n\n<figure class=\"wp-block-image\"><img decoding=\"async\" src=\"https:\/\/s1.elespanol.com\/2025\/05\/13\/actualidad\/1003743755304_255541160_320x180.jpg\" alt=\"Visitantes de la Feria del Libro en el parque del Retiro en Madrid. Foto: Sergio P\u00e9rez\"\/><\/figure>\n\n\n\n<p><a href=\"https:\/\/www.elespanol.com\/el-cultural\/letras\/20250513\/nueva-york-ilumina-retiro-feria-libro-madrid-abre-lado-oceano-atlantico\/1003743755165_0.html?utm_cmp_rs=relatednewsinline\">Nueva York ilumina el Retiro: la Feria del Libro de Madrid 2025 se abre al otro lado del oc\u00e9ano Atl\u00e1ntico<\/a><\/p>\n\n\n\n<p id=\"paragraph_17\"><strong>\u00bfQu\u00e9 papel juega el periodismo de investigaci\u00f3n en la novela y c\u00f3mo lo ve frente a las noticias falsas y la informaci\u00f3n digital que manejamos y en la que confiamos equivocadamente?<\/strong><\/p>\n\n\n\n<p id=\"paragraph_18\">Ser periodista hoy es mucho m\u00e1s peligroso que antes. Quienes buscan la verdad, especialmente los j\u00f3venes, corren riesgos, incluso el de ser asesinados.<\/p>\n\n\n\n<p id=\"paragraph_19\">La novela refleja esto con la joven activista que muere, simbolizando los peligros que enfrentan periodistas e&nbsp;<em>influencers<\/em>&nbsp;que intentan expresarse.<\/p>\n\n\n\n<p id=\"paragraph_20\">Aunque no est\u00e1 claro si su muerte fue intencional, muestra c\u00f3mo quienes hablan enfrentan amenazas y ataques, y c\u00f3mo ha disminuido el respeto hacia el periodismo profesional.<\/p>\n\n\n\n<p id=\"paragraph_21\"><strong>\u00bfEs m\u00e1s peligroso para las mujeres?<\/strong><\/p>\n\n\n\n<p id=\"paragraph_22\">Quiz\u00e1s no sea m\u00e1s peligroso, pero las mujeres deben enfrentarse a otras cosas. Tienen que aguantar opiniones sobre c\u00f3mo se ven, c\u00f3mo hablan, qu\u00e9 dicen o representan. Los hombres no son criticados igual.<\/p>\n\n\n\n<p id=\"paragraph_23\">Hay opiniones sobre aspectos extra\u00f1os como si llevan el pelo corto o largo, maquillaje o no, etc. Esto rebaja la dignidad del trabajo porque no solo se critica el trabajo, sino otros aspectos personales. Las mujeres soportan un escrutinio mucho m\u00e1s duro que los hombres.<\/p>\n\n\n\n<p id=\"paragraph_24\"><strong>La relaci\u00f3n entre Lisbeth y Svala es clave en esta novela. \u00bfEn qu\u00e9 se diferencian a la hora de luchar contra la injusticia? \u00bfLuchan de manera diferente?<\/strong><\/p>\n\n\n\n<p id=\"paragraph_25\">Creo que s\u00ed. El padre de Lisbeth era un criminal, pero Lisbeth no se cri\u00f3 en ese entorno criminal. Svala ha estado en la escena criminal desde peque\u00f1a. Esa es la diferencia. Svala est\u00e1 m\u00e1s dirigida hacia la venganza, Lisbeth nunca mata, pero Svala s\u00ed.<\/p>\n\n\n\n<p id=\"paragraph_26\">Svala busca encontrar a quien mat\u00f3 a su madre. No creo que act\u00faen igual, pero comparten la misma oposici\u00f3n a ser v\u00edctimas. No quieren ser v\u00edctimas de un crimen, quieren luchar de vuelta. Desde muy tierna edad, Lisbeth ten\u00eda un padre criminal pero no creci\u00f3 en ese entorno.<\/p>\n\n\n\n<p id=\"paragraph_27\">Ambas tienen la intenci\u00f3n consciente de dedicarse al contraataque y no quieren tener un rol pasivo en su historia.<\/p>\n\n\n\n<p><img loading=\"lazy\" decoding=\"async\" alt=\"La escritora, en blanco y negro.\" height=\"854\" src=\"https:\/\/s1.elespanol.com\/2025\/05\/22\/actualidad\/1003743769612_255802015_855x1140.jpg\" srcset=\"https:\/\/s1.elespanol.com\/2025\/05\/22\/actualidad\/1003743769612_255802016_640x854.jpg 640w, https:\/\/s1.elespanol.com\/2025\/05\/22\/actualidad\/1003743769612_255802015_855x1140.jpg 855w, https:\/\/s1.elespanol.com\/2025\/05\/22\/actualidad\/1003743769612_255802014_1280x1706.jpg 1280w\" width=\"640\"><\/p>\n\n\n\n<p>La escritora, en blanco y negro.&nbsp;Thron Ullberg&nbsp;Cedida<\/p>\n\n\n\n<p id=\"paragraph_28\"><strong>Tenemos un&nbsp;<em>hacker<\/em>&nbsp;que tiene su propia moralidad. \u00bfEst\u00e1 este personaje planteado como una respuesta al control y la desinformaci\u00f3n? \u00bfEs un&nbsp;<em>hacker<\/em>&nbsp;que denuncia situaciones?<\/strong><\/p>\n\n\n\n<p id=\"paragraph_29\">En la novela, el hacker Plague es un amigo de Lisbeth Salander. Antes de Plague, \u00e9l solo era una persona que viv\u00eda en un s\u00f3tano, que nunca se mostraba a la muerte, pero siempre ha estado muy conectado con Lisbeth y ha sido como su mejor amigo.<\/p>\n\n\n\n<p id=\"paragraph_30\">Quise mostrar a Plague como m\u00e1s que un hacker, como una persona con miedos y dilemas. En este segundo libro, al exponerse al mundo, se asusta y comienza a trabajar para ambos bandos. Lisbeth al principio no lo entiende, pero \u00e9l act\u00faa desde el miedo.<\/p>\n\n\n\n<p id=\"paragraph_31\">Vive aislado, conectado solo con Lisbeth, y cuando entra en contacto con el mundo exterior, eso lo desestabiliza.<\/p>\n\n\n\n<p id=\"paragraph_32\">Intenta ajustar cuentas con ella ayudando a Svala, incluso colaborando con el inframundo, pero su motivaci\u00f3n principal es redimirse con Lisbeth.<\/p>\n\n\n\n<figure class=\"wp-block-image\"><img decoding=\"async\" src=\"https:\/\/s1.elespanol.com\/2025\/04\/30\/actualidad\/1003743737856_255801889_320x180.jpg\" alt=\"La premiada escritora, en un retrato para Magas.\"\/><\/figure>\n\n\n\n<p><a href=\"https:\/\/www.elespanol.com\/mujer\/protagonistas\/20250506\/espido-freire-premio-anaya-autora-gen-no-puedo-dar-espalda-maldad-mirarla-cara\/1003743737852_0.html?utm_cmp_rs=relatednewsinline\">Espido Freire, Premio Anaya y autora para ni\u00f1os: \u00abNo puedo dar la espalda a la maldad, hay que mirarla a la cara\u00bb<\/a><\/p>\n\n\n\n<p id=\"paragraph_33\"><strong>En cuanto a la herencia de la saga de Stieg Larsson, \u00bfhay diferencias notables o alg\u00fan conflicto social con respecto a c\u00f3mo usted maneja la serie? Adem\u00e1s, \u00bfc\u00f3mo maneja la evoluci\u00f3n de personajes ya consolidados?<\/strong><\/p>\n\n\n\n<p id=\"paragraph_34\">No creo que tenga la responsabilidad de escribir exactamente como \u00e9l o de continuar su trabajo para que suene o sea igual a sus historias. \u00c9l escribi\u00f3 sus historias, y yo escribo las m\u00edas.<\/p>\n\n\n\n<p id=\"paragraph_35\">Sobre la evoluci\u00f3n de personajes heredados, es m\u00e1s dif\u00edcil porque no los cre\u00e9 yo. Pero trato de poner algo que venga de m\u00ed. Intento que Lisbeth exista hoy en d\u00eda, que sea un poco mayor, un poco m\u00e1s inteligente, y que tenga el deseo de no estar sola.<\/p>\n\n\n\n<p id=\"paragraph_36\">Eso es mi interpretaci\u00f3n personal, lo que pongo en ella. Tal vez esa no sea la forma en que el personaje fue originalmente concebido, pero es c\u00f3mo yo la veo.<\/p>\n\n\n\n<p id=\"paragraph_37\"><strong>\u00bfQu\u00e9 temas considera m\u00e1s preocupantes o importantes para continuar en esta saga?<\/strong><\/p>\n\n\n\n<p id=\"paragraph_38\">Para la tercera novela, s\u00ed, los proyectos mineros seguir\u00e1n siendo un tema. No s\u00e9 si habr\u00e1 m\u00e1s libros despu\u00e9s del tercero. Eso lo decidir\u00e1 qui\u00e9n tome la batuta despu\u00e9s de m\u00ed.<\/p>\n\n\n\n<p id=\"paragraph_39\">Escog\u00ed estos temas porque son cercanos a m\u00ed y personalmente interesantes. Pero entiendo que la persona que contin\u00fae decidir\u00e1 qu\u00e9 temas son m\u00e1s importantes para ella.<\/p>\n\n\n\n<p>Fuente: <a href=\"https:\/\/www.elespanol.com\/mujer\/protagonistas\/20250523\/autora-sueca-millennium-karin-smirnoff-periodistas-buscan-verdad-corren-riesgo-asesinados\/1003743769313_0.html\">https:\/\/www.elespanol.com\/mujer\/protagonistas\/20250523\/autora-sueca-millennium-karin-smirnoff-periodistas-buscan-verdad-corren-riesgo-asesinados\/1003743769313_0.html<\/a><\/p>\n","protected":false},"excerpt":{"rendered":"<p>La escritora reflexiona sobre el desaf\u00edo de dar continuidad a una serie tan influyente como &#8216;Millennium&#8217; y los nuevos conflictos [&hellip;]<\/p>\n","protected":false},"author":1,"featured_media":100002,"comment_status":"open","ping_status":"open","sticky":false,"template":"","format":"standard","meta":{"site-sidebar-layout":"default","site-content-layout":"","ast-site-content-layout":"default","site-content-style":"default","site-sidebar-style":"default","ast-global-header-display":"","ast-banner-title-visibility":"","ast-main-header-display":"","ast-hfb-above-header-display":"","ast-hfb-below-header-display":"","ast-hfb-mobile-header-display":"","site-post-title":"","ast-breadcrumbs-content":"","ast-featured-img":"","footer-sml-layout":"","theme-transparent-header-meta":"","adv-header-id-meta":"","stick-header-meta":"","header-above-stick-meta":"","header-main-stick-meta":"","header-below-stick-meta":"","astra-migrate-meta-layouts":"default","ast-page-background-enabled":"default","ast-page-background-meta":{"desktop":{"background-color":"var(--ast-global-color-4)","background-image":"","background-repeat":"repeat","background-position":"center center","background-size":"auto","background-attachment":"scroll","background-type":"","background-media":"","overlay-type":"","overlay-color":"","overlay-opacity":"","overlay-gradient":""},"tablet":{"background-color":"","background-image":"","background-repeat":"repeat","background-position":"center center","background-size":"auto","background-attachment":"scroll","background-type":"","background-media":"","overlay-type":"","overlay-color":"","overlay-opacity":"","overlay-gradient":""},"mobile":{"background-color":"","background-image":"","background-repeat":"repeat","background-position":"center center","background-size":"auto","background-attachment":"scroll","background-type":"","background-media":"","overlay-type":"","overlay-color":"","overlay-opacity":"","overlay-gradient":""}},"ast-content-background-meta":{"desktop":{"background-color":"var(--ast-global-color-5)","background-image":"","background-repeat":"repeat","background-position":"center center","background-size":"auto","background-attachment":"scroll","background-type":"","background-media":"","overlay-type":"","overlay-color":"","overlay-opacity":"","overlay-gradient":""},"tablet":{"background-color":"var(--ast-global-color-5)","background-image":"","background-repeat":"repeat","background-position":"center center","background-size":"auto","background-attachment":"scroll","background-type":"","background-media":"","overlay-type":"","overlay-color":"","overlay-opacity":"","overlay-gradient":""},"mobile":{"background-color":"var(--ast-global-color-5)","background-image":"","background-repeat":"repeat","background-position":"center center","background-size":"auto","background-attachment":"scroll","background-type":"","background-media":"","overlay-type":"","overlay-color":"","overlay-opacity":"","overlay-gradient":""}},"footnotes":""},"categories":[8],"tags":[38686,38688,38687],"class_list":["post-100001","post","type-post","status-publish","format-standard","has-post-thumbnail","hentry","category-noticias","tag-karin-smirnoff","tag-los-colmillos-del-lince","tag-novela-millennium"],"_links":{"self":[{"href":"https:\/\/losperiodistas.com.mx\/portal\/wp-json\/wp\/v2\/posts\/100001","targetHints":{"allow":["GET"]}}],"collection":[{"href":"https:\/\/losperiodistas.com.mx\/portal\/wp-json\/wp\/v2\/posts"}],"about":[{"href":"https:\/\/losperiodistas.com.mx\/portal\/wp-json\/wp\/v2\/types\/post"}],"author":[{"embeddable":true,"href":"https:\/\/losperiodistas.com.mx\/portal\/wp-json\/wp\/v2\/users\/1"}],"replies":[{"embeddable":true,"href":"https:\/\/losperiodistas.com.mx\/portal\/wp-json\/wp\/v2\/comments?post=100001"}],"version-history":[{"count":1,"href":"https:\/\/losperiodistas.com.mx\/portal\/wp-json\/wp\/v2\/posts\/100001\/revisions"}],"predecessor-version":[{"id":100004,"href":"https:\/\/losperiodistas.com.mx\/portal\/wp-json\/wp\/v2\/posts\/100001\/revisions\/100004"}],"wp:featuredmedia":[{"embeddable":true,"href":"https:\/\/losperiodistas.com.mx\/portal\/wp-json\/wp\/v2\/media\/100002"}],"wp:attachment":[{"href":"https:\/\/losperiodistas.com.mx\/portal\/wp-json\/wp\/v2\/media?parent=100001"}],"wp:term":[{"taxonomy":"category","embeddable":true,"href":"https:\/\/losperiodistas.com.mx\/portal\/wp-json\/wp\/v2\/categories?post=100001"},{"taxonomy":"post_tag","embeddable":true,"href":"https:\/\/losperiodistas.com.mx\/portal\/wp-json\/wp\/v2\/tags?post=100001"}],"curies":[{"name":"wp","href":"https:\/\/api.w.org\/{rel}","templated":true}]}}